{"id":81672,"date":"2026-04-24T10:00:22","date_gmt":"2026-04-24T07:00:22","guid":{"rendered":"https:\/\/www.silutesnaujienos.lt\/lt\/?p=81672"},"modified":"2026-04-21T13:28:43","modified_gmt":"2026-04-21T10:28:43","slug":"pritarta-maciku-lageriu-komplekso-perdavimui-kauno-ix-forto-muziejui","status":"publish","type":"post","link":"https:\/\/www.silutesnaujienos.lt\/lt\/pritarta-maciku-lageriu-komplekso-perdavimui-kauno-ix-forto-muziejui\/","title":{"rendered":"Pritarta Macik\u0173 lageri\u0173 komplekso perdavimui Kauno IX forto muziejui"},"content":{"rendered":"<p>\u201ePerdavus kompleks\u0105 valstyb\u0117s nuosavyb\u0117n, b\u016bt\u0173 sudarytos prielaidos kryptingai pl\u0117toti \u0161i\u0105 unikali\u0105 istorin\u0119 viet\u0105, integruojant j\u0105 \u012f bendr\u0105 Lietuvos memorialini\u0173 viet\u0173 ir muziej\u0173 sistem\u0105\u201c, \u2013 prane\u0161ime pabr\u0117\u017e\u0117 Vyriausyb\u0117s kanceliarija.<\/p>\n<p>Be to, teigiama, kad komplekso integravimas \u012f Kauno IX forto muziejaus strukt\u016br\u0105 sustiprins istorin\u0117s atminties politik\u0105, i\u0161pl\u0117s tyrimus ir edukacines veiklas.<\/p>\n<p>Macik\u0173 nacistin\u0117s Vokietijos karo belaisvi\u0173 stovyklos ir Soviet\u0173 S\u0105jungos Gulago lagerio objekt\u0173 kompleksas \u012fra\u0161ytas \u012f Kult\u016bros vertybi\u0173 registr\u0105 ir paskelbtas saugomu valstyb\u0117s.<\/p>\n<p>Macik\u0173 lageriuose kal\u0117jo per 20 \u0161ali\u0173 atstovai i\u0161 Ryt\u0173 Europos \u0161ali\u0173, JAV, Kanados, Pranc\u016bzijos, Did\u017eiosios Britanijos, Lenkijos, Australijos, Naujosios Zelandijos ir kit\u0173 \u0161ali\u0173 pilie\u010diai, Soviet\u0173 S\u0105jungos Gulago kaliniai.<\/p>\n<p><strong>ELTA inf.<\/strong><\/p>\n<p><img loading=\"lazy\" decoding=\"async\" class=\"alignnone size-full wp-image-68679\" src=\"https:\/\/www.silutesnaujienos.lt\/lt\/wp-content\/uploads\/2025\/03\/Untitled.jpg\" alt=\"\" width=\"643\" height=\"123\" srcset=\"https:\/\/www.silutesnaujienos.lt\/lt\/wp-content\/uploads\/2025\/03\/Untitled.jpg 643w, https:\/\/www.silutesnaujienos.lt\/lt\/wp-content\/uploads\/2025\/03\/Untitled-300x57.jpg 300w, https:\/\/www.silutesnaujienos.lt\/lt\/wp-content\/uploads\/2025\/03\/Untitled-450x86.jpg 450w, https:\/\/www.silutesnaujienos.lt\/lt\/wp-content\/uploads\/2025\/03\/Untitled-200x38.jpg 200w\" sizes=\"auto, (max-width: 643px) 100vw, 643px\" \/><\/p>\n","protected":false},"excerpt":{"rendered":"<p>\u201ePerdavus kompleks\u0105 valstyb\u0117s nuosavyb\u0117n, b\u016bt\u0173 sudarytos prielaidos kryptingai pl\u0117toti \u0161i\u0105 unikali\u0105 istorin\u0119 viet\u0105, integruojant j\u0105 \u012f bendr\u0105 Lietuvos memorialini\u0173 viet\u0173 ir muziej\u0173 sistem\u0105\u201c, \u2013 prane\u0161ime pabr\u0117\u017e\u0117 Vyriausyb\u0117s kanceliarija. Be to, teigiama, kad komplekso integravimas \u012f Kauno IX forto muziejaus strukt\u016br\u0105 sustiprins istorin\u0117s atminties politik\u0105, i\u0161pl\u0117s tyrimus ir edukacines veiklas. Macik\u0173 nacistin\u0117s Vokietijos karo belaisvi\u0173 stovyklos [&hellip;]<\/p>\n","protected":false},"author":2,"featured_media":45216,"comment_status":"open","ping_status":"closed","sticky":false,"template":"","format":"standard","meta":{"footnotes":""},"categories":[3873],"tags":[47],"class_list":{"0":"post-81672","1":"post","2":"type-post","3":"status-publish","4":"format-standard","5":"has-post-thumbnail","7":"category-elta","8":"tag-pirmasis"},"yoast_head":"<!-- This site is optimized with the Yoast SEO plugin v27.4 - https:\/\/yoast.com\/product\/yoast-seo-wordpress\/ -->\n<title>Pritarta Macik\u0173 lageri\u0173 komplekso perdavimui Kauno IX forto muziejui - \u0160ilut\u0117s naujienos<\/title>\n<meta name=\"robots\" content=\"index, follow, max-snippet:-1, max-image-preview:large, max-video-preview:-1\" \/>\n<link rel=\"canonical\" href=\"https:\/\/www.silutesnaujienos.lt\/lt\/pritarta-maciku-lageriu-komplekso-perdavimui-kauno-ix-forto-muziejui\/\" \/>\n<meta property=\"og:locale\" content=\"lt_LT\" \/>\n<meta property=\"og:type\" content=\"article\" \/>\n<meta property=\"og:title\" content=\"Pritarta Macik\u0173 lageri\u0173 komplekso perdavimui Kauno IX forto muziejui - \u0160ilut\u0117s naujienos\" \/>\n<meta property=\"og:description\" content=\"\u201ePerdavus kompleks\u0105 valstyb\u0117s nuosavyb\u0117n, b\u016bt\u0173 sudarytos prielaidos kryptingai pl\u0117toti \u0161i\u0105 unikali\u0105 istorin\u0119 viet\u0105, integruojant j\u0105 \u012f bendr\u0105 Lietuvos memorialini\u0173 viet\u0173 ir muziej\u0173 sistem\u0105\u201c, \u2013 prane\u0161ime pabr\u0117\u017e\u0117 Vyriausyb\u0117s kanceliarija. Be to, teigiama, kad komplekso integravimas \u012f Kauno IX forto muziejaus strukt\u016br\u0105 sustiprins istorin\u0117s atminties politik\u0105, i\u0161pl\u0117s tyrimus ir edukacines veiklas. Macik\u0173 nacistin\u0117s Vokietijos karo belaisvi\u0173 stovyklos [&hellip;]\" \/>\n<meta property=\"og:url\" content=\"https:\/\/www.silutesnaujienos.lt\/lt\/pritarta-maciku-lageriu-komplekso-perdavimui-kauno-ix-forto-muziejui\/\" \/>\n<meta property=\"og:site_name\" content=\"\u0160ilut\u0117s naujienos\" \/>\n<meta property=\"article:publisher\" content=\"https:\/\/www.facebook.com\/silutes.naujienos\/\" \/>\n<meta property=\"article:published_time\" content=\"2026-04-24T07:00:22+00:00\" \/>\n<meta property=\"og:image\" content=\"https:\/\/www.silutesnaujienos.lt\/lt\/wp-content\/uploads\/2022\/09\/Maciku-lageris-2-e1663240707772.jpg\" \/>\n\t<meta property=\"og:image:width\" content=\"891\" \/>\n\t<meta property=\"og:image:height\" content=\"672\" \/>\n\t<meta property=\"og:image:type\" content=\"image\/jpeg\" \/>\n<meta name=\"author\" content=\"\u0160ilut\u0117s naujien\u0173 inf.\" \/>\n<meta name=\"twitter:card\" content=\"summary_large_image\" \/>\n<meta name=\"twitter:label1\" content=\"Written by\" \/>\n\t<meta name=\"twitter:data1\" content=\"\u0160ilut\u0117s naujien\u0173 inf.\" \/>\n\t<meta name=\"twitter:label2\" content=\"Est. reading time\" \/>\n\t<meta name=\"twitter:data2\" content=\"1 minut\u0117\" \/>\n<script type=\"application\/ld+json\" class=\"yoast-schema-graph\">{\"@context\":\"https:\\\/\\\/schema.org\",\"@graph\":[{\"@type\":\"Article\",\"@id\":\"https:\\\/\\\/www.silutesnaujienos.lt\\\/lt\\\/pritarta-maciku-lageriu-komplekso-perdavimui-kauno-ix-forto-muziejui\\\/#article\",\"isPartOf\":{\"@id\":\"https:\\\/\\\/www.silutesnaujienos.lt\\\/lt\\\/pritarta-maciku-lageriu-komplekso-perdavimui-kauno-ix-forto-muziejui\\\/\"},\"author\":{\"name\":\"\u0160ilut\u0117s naujien\u0173 inf.\",\"@id\":\"https:\\\/\\\/www.silutesnaujienos.lt\\\/lt\\\/#\\\/schema\\\/person\\\/976440ef837444400af3c77c19c61454\"},\"headline\":\"Pritarta Macik\u0173 lageri\u0173 komplekso perdavimui Kauno IX forto muziejui\",\"datePublished\":\"2026-04-24T07:00:22+00:00\",\"mainEntityOfPage\":{\"@id\":\"https:\\\/\\\/www.silutesnaujienos.lt\\\/lt\\\/pritarta-maciku-lageriu-komplekso-perdavimui-kauno-ix-forto-muziejui\\\/\"},\"wordCount\":125,\"commentCount\":0,\"publisher\":{\"@id\":\"https:\\\/\\\/www.silutesnaujienos.lt\\\/lt\\\/#organization\"},\"image\":{\"@id\":\"https:\\\/\\\/www.silutesnaujienos.lt\\\/lt\\\/pritarta-maciku-lageriu-komplekso-perdavimui-kauno-ix-forto-muziejui\\\/#primaryimage\"},\"thumbnailUrl\":\"https:\\\/\\\/www.silutesnaujienos.lt\\\/lt\\\/wp-content\\\/uploads\\\/2022\\\/09\\\/Maciku-lageris-2-e1663240707772.jpg\",\"keywords\":[\"Pirmasis\"],\"articleSection\":[\"ELTA\"],\"inLanguage\":\"lt-LT\",\"potentialAction\":[{\"@type\":\"CommentAction\",\"name\":\"Comment\",\"target\":[\"https:\\\/\\\/www.silutesnaujienos.lt\\\/lt\\\/pritarta-maciku-lageriu-komplekso-perdavimui-kauno-ix-forto-muziejui\\\/#respond\"]}]},{\"@type\":\"WebPage\",\"@id\":\"https:\\\/\\\/www.silutesnaujienos.lt\\\/lt\\\/pritarta-maciku-lageriu-komplekso-perdavimui-kauno-ix-forto-muziejui\\\/\",\"url\":\"https:\\\/\\\/www.silutesnaujienos.lt\\\/lt\\\/pritarta-maciku-lageriu-komplekso-perdavimui-kauno-ix-forto-muziejui\\\/\",\"name\":\"Pritarta Macik\u0173 lageri\u0173 komplekso perdavimui Kauno IX forto muziejui - \u0160ilut\u0117s naujienos\",\"isPartOf\":{\"@id\":\"https:\\\/\\\/www.silutesnaujienos.lt\\\/lt\\\/#website\"},\"primaryImageOfPage\":{\"@id\":\"https:\\\/\\\/www.silutesnaujienos.lt\\\/lt\\\/pritarta-maciku-lageriu-komplekso-perdavimui-kauno-ix-forto-muziejui\\\/#primaryimage\"},\"image\":{\"@id\":\"https:\\\/\\\/www.silutesnaujienos.lt\\\/lt\\\/pritarta-maciku-lageriu-komplekso-perdavimui-kauno-ix-forto-muziejui\\\/#primaryimage\"},\"thumbnailUrl\":\"https:\\\/\\\/www.silutesnaujienos.lt\\\/lt\\\/wp-content\\\/uploads\\\/2022\\\/09\\\/Maciku-lageris-2-e1663240707772.jpg\",\"datePublished\":\"2026-04-24T07:00:22+00:00\",\"breadcrumb\":{\"@id\":\"https:\\\/\\\/www.silutesnaujienos.lt\\\/lt\\\/pritarta-maciku-lageriu-komplekso-perdavimui-kauno-ix-forto-muziejui\\\/#breadcrumb\"},\"inLanguage\":\"lt-LT\",\"potentialAction\":[{\"@type\":\"ReadAction\",\"target\":[\"https:\\\/\\\/www.silutesnaujienos.lt\\\/lt\\\/pritarta-maciku-lageriu-komplekso-perdavimui-kauno-ix-forto-muziejui\\\/\"]}]},{\"@type\":\"ImageObject\",\"inLanguage\":\"lt-LT\",\"@id\":\"https:\\\/\\\/www.silutesnaujienos.lt\\\/lt\\\/pritarta-maciku-lageriu-komplekso-perdavimui-kauno-ix-forto-muziejui\\\/#primaryimage\",\"url\":\"https:\\\/\\\/www.silutesnaujienos.lt\\\/lt\\\/wp-content\\\/uploads\\\/2022\\\/09\\\/Maciku-lageris-2-e1663240707772.jpg\",\"contentUrl\":\"https:\\\/\\\/www.silutesnaujienos.lt\\\/lt\\\/wp-content\\\/uploads\\\/2022\\\/09\\\/Maciku-lageris-2-e1663240707772.jpg\",\"width\":891,\"height\":672},{\"@type\":\"BreadcrumbList\",\"@id\":\"https:\\\/\\\/www.silutesnaujienos.lt\\\/lt\\\/pritarta-maciku-lageriu-komplekso-perdavimui-kauno-ix-forto-muziejui\\\/#breadcrumb\",\"itemListElement\":[{\"@type\":\"ListItem\",\"position\":1,\"name\":\"Home\",\"item\":\"https:\\\/\\\/www.silutesnaujienos.lt\\\/lt\\\/\"},{\"@type\":\"ListItem\",\"position\":2,\"name\":\"Pritarta Macik\u0173 lageri\u0173 komplekso perdavimui Kauno IX forto muziejui\"}]},{\"@type\":\"WebSite\",\"@id\":\"https:\\\/\\\/www.silutesnaujienos.lt\\\/lt\\\/#website\",\"url\":\"https:\\\/\\\/www.silutesnaujienos.lt\\\/lt\\\/\",\"name\":\"\u0160ilut\u0117s naujienos\",\"description\":\"B\u016bk ant naujien\u0173 bangos!\",\"publisher\":{\"@id\":\"https:\\\/\\\/www.silutesnaujienos.lt\\\/lt\\\/#organization\"},\"potentialAction\":[{\"@type\":\"SearchAction\",\"target\":{\"@type\":\"EntryPoint\",\"urlTemplate\":\"https:\\\/\\\/www.silutesnaujienos.lt\\\/lt\\\/?s={search_term_string}\"},\"query-input\":{\"@type\":\"PropertyValueSpecification\",\"valueRequired\":true,\"valueName\":\"search_term_string\"}}],\"inLanguage\":\"lt-LT\"},{\"@type\":\"Organization\",\"@id\":\"https:\\\/\\\/www.silutesnaujienos.lt\\\/lt\\\/#organization\",\"name\":\"\u0160ilut\u0117s naujienos\",\"url\":\"https:\\\/\\\/www.silutesnaujienos.lt\\\/lt\\\/\",\"logo\":{\"@type\":\"ImageObject\",\"inLanguage\":\"lt-LT\",\"@id\":\"https:\\\/\\\/www.silutesnaujienos.lt\\\/lt\\\/#\\\/schema\\\/logo\\\/image\\\/\",\"url\":\"https:\\\/\\\/www.silutesnaujienos.lt\\\/lt\\\/wp-content\\\/uploads\\\/2020\\\/06\\\/FB_MAIN.jpg\",\"contentUrl\":\"https:\\\/\\\/www.silutesnaujienos.lt\\\/lt\\\/wp-content\\\/uploads\\\/2020\\\/06\\\/FB_MAIN.jpg\",\"width\":1700,\"height\":956,\"caption\":\"\u0160ilut\u0117s naujienos\"},\"image\":{\"@id\":\"https:\\\/\\\/www.silutesnaujienos.lt\\\/lt\\\/#\\\/schema\\\/logo\\\/image\\\/\"},\"sameAs\":[\"https:\\\/\\\/www.facebook.com\\\/silutes.naujienos\\\/\",\"https:\\\/\\\/www.youtube.com\\\/channel\\\/UCxW-cgrJDt8GxIMxSTAfJZg\"]},{\"@type\":\"Person\",\"@id\":\"https:\\\/\\\/www.silutesnaujienos.lt\\\/lt\\\/#\\\/schema\\\/person\\\/976440ef837444400af3c77c19c61454\",\"name\":\"\u0160ilut\u0117s naujien\u0173 inf.\",\"image\":{\"@type\":\"ImageObject\",\"inLanguage\":\"lt-LT\",\"@id\":\"https:\\\/\\\/www.silutesnaujienos.lt\\\/lt\\\/wp-content\\\/uploads\\\/2020\\\/06\\\/favicon.png\",\"url\":\"https:\\\/\\\/www.silutesnaujienos.lt\\\/lt\\\/wp-content\\\/uploads\\\/2020\\\/06\\\/favicon.png\",\"contentUrl\":\"https:\\\/\\\/www.silutesnaujienos.lt\\\/lt\\\/wp-content\\\/uploads\\\/2020\\\/06\\\/favicon.png\",\"caption\":\"\u0160ilut\u0117s naujien\u0173 inf.\"},\"url\":\"https:\\\/\\\/www.silutesnaujienos.lt\\\/lt\\\/author\\\/vadas\\\/\"}]}<\/script>\n<!-- \/ Yoast SEO plugin. -->","yoast_head_json":{"title":"Pritarta Macik\u0173 lageri\u0173 komplekso perdavimui Kauno IX forto muziejui - \u0160ilut\u0117s naujienos","robots":{"index":"index","follow":"follow","max-snippet":"max-snippet:-1","max-image-preview":"max-image-preview:large","max-video-preview":"max-video-preview:-1"},"canonical":"https:\/\/www.silutesnaujienos.lt\/lt\/pritarta-maciku-lageriu-komplekso-perdavimui-kauno-ix-forto-muziejui\/","og_locale":"lt_LT","og_type":"article","og_title":"Pritarta Macik\u0173 lageri\u0173 komplekso perdavimui Kauno IX forto muziejui - \u0160ilut\u0117s naujienos","og_description":"\u201ePerdavus kompleks\u0105 valstyb\u0117s nuosavyb\u0117n, b\u016bt\u0173 sudarytos prielaidos kryptingai pl\u0117toti \u0161i\u0105 unikali\u0105 istorin\u0119 viet\u0105, integruojant j\u0105 \u012f bendr\u0105 Lietuvos memorialini\u0173 viet\u0173 ir muziej\u0173 sistem\u0105\u201c, \u2013 prane\u0161ime pabr\u0117\u017e\u0117 Vyriausyb\u0117s kanceliarija. Be to, teigiama, kad komplekso integravimas \u012f Kauno IX forto muziejaus strukt\u016br\u0105 sustiprins istorin\u0117s atminties politik\u0105, i\u0161pl\u0117s tyrimus ir edukacines veiklas. Macik\u0173 nacistin\u0117s Vokietijos karo belaisvi\u0173 stovyklos [&hellip;]","og_url":"https:\/\/www.silutesnaujienos.lt\/lt\/pritarta-maciku-lageriu-komplekso-perdavimui-kauno-ix-forto-muziejui\/","og_site_name":"\u0160ilut\u0117s naujienos","article_publisher":"https:\/\/www.facebook.com\/silutes.naujienos\/","article_published_time":"2026-04-24T07:00:22+00:00","og_image":[{"width":891,"height":672,"url":"https:\/\/www.silutesnaujienos.lt\/lt\/wp-content\/uploads\/2022\/09\/Maciku-lageris-2-e1663240707772.jpg","type":"image\/jpeg"}],"author":"\u0160ilut\u0117s naujien\u0173 inf.","twitter_card":"summary_large_image","twitter_misc":{"Written by":"\u0160ilut\u0117s naujien\u0173 inf.","Est. reading time":"1 minut\u0117"},"schema":{"@context":"https:\/\/schema.org","@graph":[{"@type":"Article","@id":"https:\/\/www.silutesnaujienos.lt\/lt\/pritarta-maciku-lageriu-komplekso-perdavimui-kauno-ix-forto-muziejui\/#article","isPartOf":{"@id":"https:\/\/www.silutesnaujienos.lt\/lt\/pritarta-maciku-lageriu-komplekso-perdavimui-kauno-ix-forto-muziejui\/"},"author":{"name":"\u0160ilut\u0117s naujien\u0173 inf.","@id":"https:\/\/www.silutesnaujienos.lt\/lt\/#\/schema\/person\/976440ef837444400af3c77c19c61454"},"headline":"Pritarta Macik\u0173 lageri\u0173 komplekso perdavimui Kauno IX forto muziejui","datePublished":"2026-04-24T07:00:22+00:00","mainEntityOfPage":{"@id":"https:\/\/www.silutesnaujienos.lt\/lt\/pritarta-maciku-lageriu-komplekso-perdavimui-kauno-ix-forto-muziejui\/"},"wordCount":125,"commentCount":0,"publisher":{"@id":"https:\/\/www.silutesnaujienos.lt\/lt\/#organization"},"image":{"@id":"https:\/\/www.silutesnaujienos.lt\/lt\/pritarta-maciku-lageriu-komplekso-perdavimui-kauno-ix-forto-muziejui\/#primaryimage"},"thumbnailUrl":"https:\/\/www.silutesnaujienos.lt\/lt\/wp-content\/uploads\/2022\/09\/Maciku-lageris-2-e1663240707772.jpg","keywords":["Pirmasis"],"articleSection":["ELTA"],"inLanguage":"lt-LT","potentialAction":[{"@type":"CommentAction","name":"Comment","target":["https:\/\/www.silutesnaujienos.lt\/lt\/pritarta-maciku-lageriu-komplekso-perdavimui-kauno-ix-forto-muziejui\/#respond"]}]},{"@type":"WebPage","@id":"https:\/\/www.silutesnaujienos.lt\/lt\/pritarta-maciku-lageriu-komplekso-perdavimui-kauno-ix-forto-muziejui\/","url":"https:\/\/www.silutesnaujienos.lt\/lt\/pritarta-maciku-lageriu-komplekso-perdavimui-kauno-ix-forto-muziejui\/","name":"Pritarta Macik\u0173 lageri\u0173 komplekso perdavimui Kauno IX forto muziejui - \u0160ilut\u0117s naujienos","isPartOf":{"@id":"https:\/\/www.silutesnaujienos.lt\/lt\/#website"},"primaryImageOfPage":{"@id":"https:\/\/www.silutesnaujienos.lt\/lt\/pritarta-maciku-lageriu-komplekso-perdavimui-kauno-ix-forto-muziejui\/#primaryimage"},"image":{"@id":"https:\/\/www.silutesnaujienos.lt\/lt\/pritarta-maciku-lageriu-komplekso-perdavimui-kauno-ix-forto-muziejui\/#primaryimage"},"thumbnailUrl":"https:\/\/www.silutesnaujienos.lt\/lt\/wp-content\/uploads\/2022\/09\/Maciku-lageris-2-e1663240707772.jpg","datePublished":"2026-04-24T07:00:22+00:00","breadcrumb":{"@id":"https:\/\/www.silutesnaujienos.lt\/lt\/pritarta-maciku-lageriu-komplekso-perdavimui-kauno-ix-forto-muziejui\/#breadcrumb"},"inLanguage":"lt-LT","potentialAction":[{"@type":"ReadAction","target":["https:\/\/www.silutesnaujienos.lt\/lt\/pritarta-maciku-lageriu-komplekso-perdavimui-kauno-ix-forto-muziejui\/"]}]},{"@type":"ImageObject","inLanguage":"lt-LT","@id":"https:\/\/www.silutesnaujienos.lt\/lt\/pritarta-maciku-lageriu-komplekso-perdavimui-kauno-ix-forto-muziejui\/#primaryimage","url":"https:\/\/www.silutesnaujienos.lt\/lt\/wp-content\/uploads\/2022\/09\/Maciku-lageris-2-e1663240707772.jpg","contentUrl":"https:\/\/www.silutesnaujienos.lt\/lt\/wp-content\/uploads\/2022\/09\/Maciku-lageris-2-e1663240707772.jpg","width":891,"height":672},{"@type":"BreadcrumbList","@id":"https:\/\/www.silutesnaujienos.lt\/lt\/pritarta-maciku-lageriu-komplekso-perdavimui-kauno-ix-forto-muziejui\/#breadcrumb","itemListElement":[{"@type":"ListItem","position":1,"name":"Home","item":"https:\/\/www.silutesnaujienos.lt\/lt\/"},{"@type":"ListItem","position":2,"name":"Pritarta Macik\u0173 lageri\u0173 komplekso perdavimui Kauno IX forto muziejui"}]},{"@type":"WebSite","@id":"https:\/\/www.silutesnaujienos.lt\/lt\/#website","url":"https:\/\/www.silutesnaujienos.lt\/lt\/","name":"\u0160ilut\u0117s naujienos","description":"B\u016bk ant naujien\u0173 bangos!","publisher":{"@id":"https:\/\/www.silutesnaujienos.lt\/lt\/#organization"},"potentialAction":[{"@type":"SearchAction","target":{"@type":"EntryPoint","urlTemplate":"https:\/\/www.silutesnaujienos.lt\/lt\/?s={search_term_string}"},"query-input":{"@type":"PropertyValueSpecification","valueRequired":true,"valueName":"search_term_string"}}],"inLanguage":"lt-LT"},{"@type":"Organization","@id":"https:\/\/www.silutesnaujienos.lt\/lt\/#organization","name":"\u0160ilut\u0117s naujienos","url":"https:\/\/www.silutesnaujienos.lt\/lt\/","logo":{"@type":"ImageObject","inLanguage":"lt-LT","@id":"https:\/\/www.silutesnaujienos.lt\/lt\/#\/schema\/logo\/image\/","url":"https:\/\/www.silutesnaujienos.lt\/lt\/wp-content\/uploads\/2020\/06\/FB_MAIN.jpg","contentUrl":"https:\/\/www.silutesnaujienos.lt\/lt\/wp-content\/uploads\/2020\/06\/FB_MAIN.jpg","width":1700,"height":956,"caption":"\u0160ilut\u0117s naujienos"},"image":{"@id":"https:\/\/www.silutesnaujienos.lt\/lt\/#\/schema\/logo\/image\/"},"sameAs":["https:\/\/www.facebook.com\/silutes.naujienos\/","https:\/\/www.youtube.com\/channel\/UCxW-cgrJDt8GxIMxSTAfJZg"]},{"@type":"Person","@id":"https:\/\/www.silutesnaujienos.lt\/lt\/#\/schema\/person\/976440ef837444400af3c77c19c61454","name":"\u0160ilut\u0117s naujien\u0173 inf.","image":{"@type":"ImageObject","inLanguage":"lt-LT","@id":"https:\/\/www.silutesnaujienos.lt\/lt\/wp-content\/uploads\/2020\/06\/favicon.png","url":"https:\/\/www.silutesnaujienos.lt\/lt\/wp-content\/uploads\/2020\/06\/favicon.png","contentUrl":"https:\/\/www.silutesnaujienos.lt\/lt\/wp-content\/uploads\/2020\/06\/favicon.png","caption":"\u0160ilut\u0117s naujien\u0173 inf."},"url":"https:\/\/www.silutesnaujienos.lt\/lt\/author\/vadas\/"}]}},"publishpress_future_workflow_manual_trigger":{"enabledWorkflows":[]},"amp_enabled":true,"_links":{"self":[{"href":"https:\/\/www.silutesnaujienos.lt\/lt\/wp-json\/wp\/v2\/posts\/81672","targetHints":{"allow":["GET"]}}],"collection":[{"href":"https:\/\/www.silutesnaujienos.lt\/lt\/wp-json\/wp\/v2\/posts"}],"about":[{"href":"https:\/\/www.silutesnaujienos.lt\/lt\/wp-json\/wp\/v2\/types\/post"}],"author":[{"embeddable":true,"href":"https:\/\/www.silutesnaujienos.lt\/lt\/wp-json\/wp\/v2\/users\/2"}],"replies":[{"embeddable":true,"href":"https:\/\/www.silutesnaujienos.lt\/lt\/wp-json\/wp\/v2\/comments?post=81672"}],"version-history":[{"count":1,"href":"https:\/\/www.silutesnaujienos.lt\/lt\/wp-json\/wp\/v2\/posts\/81672\/revisions"}],"predecessor-version":[{"id":81673,"href":"https:\/\/www.silutesnaujienos.lt\/lt\/wp-json\/wp\/v2\/posts\/81672\/revisions\/81673"}],"wp:featuredmedia":[{"embeddable":true,"href":"https:\/\/www.silutesnaujienos.lt\/lt\/wp-json\/wp\/v2\/media\/45216"}],"wp:attachment":[{"href":"https:\/\/www.silutesnaujienos.lt\/lt\/wp-json\/wp\/v2\/media?parent=81672"}],"wp:term":[{"taxonomy":"category","embeddable":true,"href":"https:\/\/www.silutesnaujienos.lt\/lt\/wp-json\/wp\/v2\/categories?post=81672"},{"taxonomy":"post_tag","embeddable":true,"href":"https:\/\/www.silutesnaujienos.lt\/lt\/wp-json\/wp\/v2\/tags?post=81672"}],"curies":[{"name":"wp","href":"https:\/\/api.w.org\/{rel}","templated":true}]}}