{"id":81833,"date":"2026-04-29T12:00:56","date_gmt":"2026-04-29T09:00:56","guid":{"rendered":"https:\/\/www.silutesnaujienos.lt\/lt\/?p=81833"},"modified":"2026-04-28T13:18:44","modified_gmt":"2026-04-28T10:18:44","slug":"svietimo-reforma-siluteje-tarp-demografines-duobes-ir-siekio-islikti","status":"publish","type":"post","link":"https:\/\/www.silutesnaujienos.lt\/lt\/svietimo-reforma-siluteje-tarp-demografines-duobes-ir-siekio-islikti\/","title":{"rendered":"\u0160vietimo reforma \u0160ilut\u0117je: tarp demografin\u0117s duob\u0117s ir siekio i\u0161likti"},"content":{"rendered":"<p><strong>Ma\u017e\u0117ja vaik\u0173<\/strong><\/p>\n<p>Skai\u010diai negailestingi: prognozuojama, kad kitais mokslo metais m\u016bs\u0173 kra\u0161to mokykl\u0173 suoluose s\u0117d\u0117s 28 mokiniais ma\u017eiau, nei \u0161iemet. O did\u017eiausi\u0105 nerim\u0105 kelia prie\u0161mokyklinukai, j\u0173 gretos ret\u0117ja spar\u010diausiai: prognozuojamas suma\u017e\u0117jimas net 53 vaikais.<\/p>\n<p>&nbsp;<\/p>\n<p><strong>Vis\u0105 straipsn\u012f skaitykite baland\u017eio 30 d. &#8222;\u0160ilut\u0117s naujien\u0173&#8221; laikra\u0161tyje.<\/strong><\/p>\n","protected":false},"excerpt":{"rendered":"<p>Ma\u017e\u0117ja vaik\u0173 Skai\u010diai negailestingi: prognozuojama, kad kitais mokslo metais m\u016bs\u0173 kra\u0161to mokykl\u0173 suoluose s\u0117d\u0117s 28 mokiniais ma\u017eiau, nei \u0161iemet. O did\u017eiausi\u0105 nerim\u0105 kelia prie\u0161mokyklinukai, j\u0173 gretos ret\u0117ja spar\u010diausiai: prognozuojamas suma\u017e\u0117jimas net 53 vaikais. &nbsp; Vis\u0105 straipsn\u012f skaitykite baland\u017eio 30 d. &#8222;\u0160ilut\u0117s naujien\u0173&#8221; laikra\u0161tyje.<\/p>\n","protected":false},"author":2,"featured_media":81783,"comment_status":"open","ping_status":"closed","sticky":false,"template":"","format":"standard","meta":{"footnotes":""},"categories":[2],"tags":[47],"class_list":{"0":"post-81833","1":"post","2":"type-post","3":"status-publish","4":"format-standard","5":"has-post-thumbnail","7":"category-aktualijos","8":"tag-pirmasis"},"yoast_head":"<!-- This site is optimized with the Yoast SEO plugin v27.5 - https:\/\/yoast.com\/product\/yoast-seo-wordpress\/ -->\n<title>\u0160vietimo reforma \u0160ilut\u0117je: tarp demografin\u0117s duob\u0117s ir siekio i\u0161likti - \u0160ilut\u0117s naujienos<\/title>\n<meta name=\"robots\" content=\"index, follow, max-snippet:-1, max-image-preview:large, max-video-preview:-1\" \/>\n<link rel=\"canonical\" href=\"https:\/\/www.silutesnaujienos.lt\/lt\/svietimo-reforma-siluteje-tarp-demografines-duobes-ir-siekio-islikti\/\" \/>\n<meta property=\"og:locale\" content=\"lt_LT\" \/>\n<meta property=\"og:type\" content=\"article\" \/>\n<meta property=\"og:title\" content=\"\u0160vietimo reforma \u0160ilut\u0117je: tarp demografin\u0117s duob\u0117s ir siekio i\u0161likti - \u0160ilut\u0117s naujienos\" \/>\n<meta property=\"og:description\" content=\"Ma\u017e\u0117ja vaik\u0173 Skai\u010diai negailestingi: prognozuojama, kad kitais mokslo metais m\u016bs\u0173 kra\u0161to mokykl\u0173 suoluose s\u0117d\u0117s 28 mokiniais ma\u017eiau, nei \u0161iemet. O did\u017eiausi\u0105 nerim\u0105 kelia prie\u0161mokyklinukai, j\u0173 gretos ret\u0117ja spar\u010diausiai: prognozuojamas suma\u017e\u0117jimas net 53 vaikais. &nbsp; Vis\u0105 straipsn\u012f skaitykite baland\u017eio 30 d. &#8222;\u0160ilut\u0117s naujien\u0173&#8221; laikra\u0161tyje.\" \/>\n<meta property=\"og:url\" content=\"https:\/\/www.silutesnaujienos.lt\/lt\/svietimo-reforma-siluteje-tarp-demografines-duobes-ir-siekio-islikti\/\" \/>\n<meta property=\"og:site_name\" content=\"\u0160ilut\u0117s naujienos\" \/>\n<meta property=\"article:publisher\" content=\"https:\/\/www.facebook.com\/silutes.naujienos\/\" \/>\n<meta property=\"article:published_time\" content=\"2026-04-29T09:00:56+00:00\" \/>\n<meta property=\"og:image\" content=\"https:\/\/www.silutesnaujienos.lt\/lt\/wp-content\/uploads\/2026\/04\/Rugsejo-Jankaus-1-e1777371494191.jpg\" \/>\n\t<meta property=\"og:image:width\" content=\"1740\" \/>\n\t<meta property=\"og:image:height\" content=\"1470\" \/>\n\t<meta property=\"og:image:type\" content=\"image\/jpeg\" \/>\n<meta name=\"author\" content=\"\u0160ilut\u0117s naujien\u0173 inf.\" \/>\n<meta name=\"twitter:card\" content=\"summary_large_image\" \/>\n<meta name=\"twitter:label1\" content=\"Written by\" \/>\n\t<meta name=\"twitter:data1\" content=\"\u0160ilut\u0117s naujien\u0173 inf.\" \/>\n\t<meta name=\"twitter:label2\" content=\"Est. reading time\" \/>\n\t<meta name=\"twitter:data2\" content=\"1 minut\u0117\" \/>\n<script type=\"application\/ld+json\" class=\"yoast-schema-graph\">{\"@context\":\"https:\\\/\\\/schema.org\",\"@graph\":[{\"@type\":\"Article\",\"@id\":\"https:\\\/\\\/www.silutesnaujienos.lt\\\/lt\\\/svietimo-reforma-siluteje-tarp-demografines-duobes-ir-siekio-islikti\\\/#article\",\"isPartOf\":{\"@id\":\"https:\\\/\\\/www.silutesnaujienos.lt\\\/lt\\\/svietimo-reforma-siluteje-tarp-demografines-duobes-ir-siekio-islikti\\\/\"},\"author\":{\"name\":\"\u0160ilut\u0117s naujien\u0173 inf.\",\"@id\":\"https:\\\/\\\/www.silutesnaujienos.lt\\\/lt\\\/#\\\/schema\\\/person\\\/976440ef837444400af3c77c19c61454\"},\"headline\":\"\u0160vietimo reforma \u0160ilut\u0117je: tarp demografin\u0117s duob\u0117s ir siekio i\u0161likti\",\"datePublished\":\"2026-04-29T09:00:56+00:00\",\"mainEntityOfPage\":{\"@id\":\"https:\\\/\\\/www.silutesnaujienos.lt\\\/lt\\\/svietimo-reforma-siluteje-tarp-demografines-duobes-ir-siekio-islikti\\\/\"},\"wordCount\":68,\"commentCount\":0,\"publisher\":{\"@id\":\"https:\\\/\\\/www.silutesnaujienos.lt\\\/lt\\\/#organization\"},\"image\":{\"@id\":\"https:\\\/\\\/www.silutesnaujienos.lt\\\/lt\\\/svietimo-reforma-siluteje-tarp-demografines-duobes-ir-siekio-islikti\\\/#primaryimage\"},\"thumbnailUrl\":\"https:\\\/\\\/www.silutesnaujienos.lt\\\/lt\\\/wp-content\\\/uploads\\\/2026\\\/04\\\/Rugsejo-Jankaus-1-e1777371494191.jpg\",\"keywords\":[\"Pirmasis\"],\"articleSection\":[\"Aktualijos\"],\"inLanguage\":\"lt-LT\",\"potentialAction\":[{\"@type\":\"CommentAction\",\"name\":\"Comment\",\"target\":[\"https:\\\/\\\/www.silutesnaujienos.lt\\\/lt\\\/svietimo-reforma-siluteje-tarp-demografines-duobes-ir-siekio-islikti\\\/#respond\"]}]},{\"@type\":\"WebPage\",\"@id\":\"https:\\\/\\\/www.silutesnaujienos.lt\\\/lt\\\/svietimo-reforma-siluteje-tarp-demografines-duobes-ir-siekio-islikti\\\/\",\"url\":\"https:\\\/\\\/www.silutesnaujienos.lt\\\/lt\\\/svietimo-reforma-siluteje-tarp-demografines-duobes-ir-siekio-islikti\\\/\",\"name\":\"\u0160vietimo reforma \u0160ilut\u0117je: tarp demografin\u0117s duob\u0117s ir siekio i\u0161likti - \u0160ilut\u0117s naujienos\",\"isPartOf\":{\"@id\":\"https:\\\/\\\/www.silutesnaujienos.lt\\\/lt\\\/#website\"},\"primaryImageOfPage\":{\"@id\":\"https:\\\/\\\/www.silutesnaujienos.lt\\\/lt\\\/svietimo-reforma-siluteje-tarp-demografines-duobes-ir-siekio-islikti\\\/#primaryimage\"},\"image\":{\"@id\":\"https:\\\/\\\/www.silutesnaujienos.lt\\\/lt\\\/svietimo-reforma-siluteje-tarp-demografines-duobes-ir-siekio-islikti\\\/#primaryimage\"},\"thumbnailUrl\":\"https:\\\/\\\/www.silutesnaujienos.lt\\\/lt\\\/wp-content\\\/uploads\\\/2026\\\/04\\\/Rugsejo-Jankaus-1-e1777371494191.jpg\",\"datePublished\":\"2026-04-29T09:00:56+00:00\",\"breadcrumb\":{\"@id\":\"https:\\\/\\\/www.silutesnaujienos.lt\\\/lt\\\/svietimo-reforma-siluteje-tarp-demografines-duobes-ir-siekio-islikti\\\/#breadcrumb\"},\"inLanguage\":\"lt-LT\",\"potentialAction\":[{\"@type\":\"ReadAction\",\"target\":[\"https:\\\/\\\/www.silutesnaujienos.lt\\\/lt\\\/svietimo-reforma-siluteje-tarp-demografines-duobes-ir-siekio-islikti\\\/\"]}]},{\"@type\":\"ImageObject\",\"inLanguage\":\"lt-LT\",\"@id\":\"https:\\\/\\\/www.silutesnaujienos.lt\\\/lt\\\/svietimo-reforma-siluteje-tarp-demografines-duobes-ir-siekio-islikti\\\/#primaryimage\",\"url\":\"https:\\\/\\\/www.silutesnaujienos.lt\\\/lt\\\/wp-content\\\/uploads\\\/2026\\\/04\\\/Rugsejo-Jankaus-1-e1777371494191.jpg\",\"contentUrl\":\"https:\\\/\\\/www.silutesnaujienos.lt\\\/lt\\\/wp-content\\\/uploads\\\/2026\\\/04\\\/Rugsejo-Jankaus-1-e1777371494191.jpg\",\"width\":1740,\"height\":1470},{\"@type\":\"BreadcrumbList\",\"@id\":\"https:\\\/\\\/www.silutesnaujienos.lt\\\/lt\\\/svietimo-reforma-siluteje-tarp-demografines-duobes-ir-siekio-islikti\\\/#breadcrumb\",\"itemListElement\":[{\"@type\":\"ListItem\",\"position\":1,\"name\":\"Home\",\"item\":\"https:\\\/\\\/www.silutesnaujienos.lt\\\/lt\\\/\"},{\"@type\":\"ListItem\",\"position\":2,\"name\":\"\u0160vietimo reforma \u0160ilut\u0117je: tarp demografin\u0117s duob\u0117s ir siekio i\u0161likti\"}]},{\"@type\":\"WebSite\",\"@id\":\"https:\\\/\\\/www.silutesnaujienos.lt\\\/lt\\\/#website\",\"url\":\"https:\\\/\\\/www.silutesnaujienos.lt\\\/lt\\\/\",\"name\":\"\u0160ilut\u0117s naujienos\",\"description\":\"B\u016bk ant naujien\u0173 bangos!\",\"publisher\":{\"@id\":\"https:\\\/\\\/www.silutesnaujienos.lt\\\/lt\\\/#organization\"},\"potentialAction\":[{\"@type\":\"SearchAction\",\"target\":{\"@type\":\"EntryPoint\",\"urlTemplate\":\"https:\\\/\\\/www.silutesnaujienos.lt\\\/lt\\\/?s={search_term_string}\"},\"query-input\":{\"@type\":\"PropertyValueSpecification\",\"valueRequired\":true,\"valueName\":\"search_term_string\"}}],\"inLanguage\":\"lt-LT\"},{\"@type\":\"Organization\",\"@id\":\"https:\\\/\\\/www.silutesnaujienos.lt\\\/lt\\\/#organization\",\"name\":\"\u0160ilut\u0117s naujienos\",\"url\":\"https:\\\/\\\/www.silutesnaujienos.lt\\\/lt\\\/\",\"logo\":{\"@type\":\"ImageObject\",\"inLanguage\":\"lt-LT\",\"@id\":\"https:\\\/\\\/www.silutesnaujienos.lt\\\/lt\\\/#\\\/schema\\\/logo\\\/image\\\/\",\"url\":\"https:\\\/\\\/www.silutesnaujienos.lt\\\/lt\\\/wp-content\\\/uploads\\\/2020\\\/06\\\/FB_MAIN.jpg\",\"contentUrl\":\"https:\\\/\\\/www.silutesnaujienos.lt\\\/lt\\\/wp-content\\\/uploads\\\/2020\\\/06\\\/FB_MAIN.jpg\",\"width\":1700,\"height\":956,\"caption\":\"\u0160ilut\u0117s naujienos\"},\"image\":{\"@id\":\"https:\\\/\\\/www.silutesnaujienos.lt\\\/lt\\\/#\\\/schema\\\/logo\\\/image\\\/\"},\"sameAs\":[\"https:\\\/\\\/www.facebook.com\\\/silutes.naujienos\\\/\",\"https:\\\/\\\/www.youtube.com\\\/channel\\\/UCxW-cgrJDt8GxIMxSTAfJZg\"]},{\"@type\":\"Person\",\"@id\":\"https:\\\/\\\/www.silutesnaujienos.lt\\\/lt\\\/#\\\/schema\\\/person\\\/976440ef837444400af3c77c19c61454\",\"name\":\"\u0160ilut\u0117s naujien\u0173 inf.\",\"image\":{\"@type\":\"ImageObject\",\"inLanguage\":\"lt-LT\",\"@id\":\"https:\\\/\\\/www.silutesnaujienos.lt\\\/lt\\\/wp-content\\\/uploads\\\/2020\\\/06\\\/favicon.png\",\"url\":\"https:\\\/\\\/www.silutesnaujienos.lt\\\/lt\\\/wp-content\\\/uploads\\\/2020\\\/06\\\/favicon.png\",\"contentUrl\":\"https:\\\/\\\/www.silutesnaujienos.lt\\\/lt\\\/wp-content\\\/uploads\\\/2020\\\/06\\\/favicon.png\",\"caption\":\"\u0160ilut\u0117s naujien\u0173 inf.\"},\"url\":\"https:\\\/\\\/www.silutesnaujienos.lt\\\/lt\\\/author\\\/vadas\\\/\"}]}<\/script>\n<!-- \/ Yoast SEO plugin. -->","yoast_head_json":{"title":"\u0160vietimo reforma \u0160ilut\u0117je: tarp demografin\u0117s duob\u0117s ir siekio i\u0161likti - \u0160ilut\u0117s naujienos","robots":{"index":"index","follow":"follow","max-snippet":"max-snippet:-1","max-image-preview":"max-image-preview:large","max-video-preview":"max-video-preview:-1"},"canonical":"https:\/\/www.silutesnaujienos.lt\/lt\/svietimo-reforma-siluteje-tarp-demografines-duobes-ir-siekio-islikti\/","og_locale":"lt_LT","og_type":"article","og_title":"\u0160vietimo reforma \u0160ilut\u0117je: tarp demografin\u0117s duob\u0117s ir siekio i\u0161likti - \u0160ilut\u0117s naujienos","og_description":"Ma\u017e\u0117ja vaik\u0173 Skai\u010diai negailestingi: prognozuojama, kad kitais mokslo metais m\u016bs\u0173 kra\u0161to mokykl\u0173 suoluose s\u0117d\u0117s 28 mokiniais ma\u017eiau, nei \u0161iemet. O did\u017eiausi\u0105 nerim\u0105 kelia prie\u0161mokyklinukai, j\u0173 gretos ret\u0117ja spar\u010diausiai: prognozuojamas suma\u017e\u0117jimas net 53 vaikais. &nbsp; Vis\u0105 straipsn\u012f skaitykite baland\u017eio 30 d. &#8222;\u0160ilut\u0117s naujien\u0173&#8221; laikra\u0161tyje.","og_url":"https:\/\/www.silutesnaujienos.lt\/lt\/svietimo-reforma-siluteje-tarp-demografines-duobes-ir-siekio-islikti\/","og_site_name":"\u0160ilut\u0117s naujienos","article_publisher":"https:\/\/www.facebook.com\/silutes.naujienos\/","article_published_time":"2026-04-29T09:00:56+00:00","og_image":[{"width":1740,"height":1470,"url":"https:\/\/www.silutesnaujienos.lt\/lt\/wp-content\/uploads\/2026\/04\/Rugsejo-Jankaus-1-e1777371494191.jpg","type":"image\/jpeg"}],"author":"\u0160ilut\u0117s naujien\u0173 inf.","twitter_card":"summary_large_image","twitter_misc":{"Written by":"\u0160ilut\u0117s naujien\u0173 inf.","Est. reading time":"1 minut\u0117"},"schema":{"@context":"https:\/\/schema.org","@graph":[{"@type":"Article","@id":"https:\/\/www.silutesnaujienos.lt\/lt\/svietimo-reforma-siluteje-tarp-demografines-duobes-ir-siekio-islikti\/#article","isPartOf":{"@id":"https:\/\/www.silutesnaujienos.lt\/lt\/svietimo-reforma-siluteje-tarp-demografines-duobes-ir-siekio-islikti\/"},"author":{"name":"\u0160ilut\u0117s naujien\u0173 inf.","@id":"https:\/\/www.silutesnaujienos.lt\/lt\/#\/schema\/person\/976440ef837444400af3c77c19c61454"},"headline":"\u0160vietimo reforma \u0160ilut\u0117je: tarp demografin\u0117s duob\u0117s ir siekio i\u0161likti","datePublished":"2026-04-29T09:00:56+00:00","mainEntityOfPage":{"@id":"https:\/\/www.silutesnaujienos.lt\/lt\/svietimo-reforma-siluteje-tarp-demografines-duobes-ir-siekio-islikti\/"},"wordCount":68,"commentCount":0,"publisher":{"@id":"https:\/\/www.silutesnaujienos.lt\/lt\/#organization"},"image":{"@id":"https:\/\/www.silutesnaujienos.lt\/lt\/svietimo-reforma-siluteje-tarp-demografines-duobes-ir-siekio-islikti\/#primaryimage"},"thumbnailUrl":"https:\/\/www.silutesnaujienos.lt\/lt\/wp-content\/uploads\/2026\/04\/Rugsejo-Jankaus-1-e1777371494191.jpg","keywords":["Pirmasis"],"articleSection":["Aktualijos"],"inLanguage":"lt-LT","potentialAction":[{"@type":"CommentAction","name":"Comment","target":["https:\/\/www.silutesnaujienos.lt\/lt\/svietimo-reforma-siluteje-tarp-demografines-duobes-ir-siekio-islikti\/#respond"]}]},{"@type":"WebPage","@id":"https:\/\/www.silutesnaujienos.lt\/lt\/svietimo-reforma-siluteje-tarp-demografines-duobes-ir-siekio-islikti\/","url":"https:\/\/www.silutesnaujienos.lt\/lt\/svietimo-reforma-siluteje-tarp-demografines-duobes-ir-siekio-islikti\/","name":"\u0160vietimo reforma \u0160ilut\u0117je: tarp demografin\u0117s duob\u0117s ir siekio i\u0161likti - \u0160ilut\u0117s naujienos","isPartOf":{"@id":"https:\/\/www.silutesnaujienos.lt\/lt\/#website"},"primaryImageOfPage":{"@id":"https:\/\/www.silutesnaujienos.lt\/lt\/svietimo-reforma-siluteje-tarp-demografines-duobes-ir-siekio-islikti\/#primaryimage"},"image":{"@id":"https:\/\/www.silutesnaujienos.lt\/lt\/svietimo-reforma-siluteje-tarp-demografines-duobes-ir-siekio-islikti\/#primaryimage"},"thumbnailUrl":"https:\/\/www.silutesnaujienos.lt\/lt\/wp-content\/uploads\/2026\/04\/Rugsejo-Jankaus-1-e1777371494191.jpg","datePublished":"2026-04-29T09:00:56+00:00","breadcrumb":{"@id":"https:\/\/www.silutesnaujienos.lt\/lt\/svietimo-reforma-siluteje-tarp-demografines-duobes-ir-siekio-islikti\/#breadcrumb"},"inLanguage":"lt-LT","potentialAction":[{"@type":"ReadAction","target":["https:\/\/www.silutesnaujienos.lt\/lt\/svietimo-reforma-siluteje-tarp-demografines-duobes-ir-siekio-islikti\/"]}]},{"@type":"ImageObject","inLanguage":"lt-LT","@id":"https:\/\/www.silutesnaujienos.lt\/lt\/svietimo-reforma-siluteje-tarp-demografines-duobes-ir-siekio-islikti\/#primaryimage","url":"https:\/\/www.silutesnaujienos.lt\/lt\/wp-content\/uploads\/2026\/04\/Rugsejo-Jankaus-1-e1777371494191.jpg","contentUrl":"https:\/\/www.silutesnaujienos.lt\/lt\/wp-content\/uploads\/2026\/04\/Rugsejo-Jankaus-1-e1777371494191.jpg","width":1740,"height":1470},{"@type":"BreadcrumbList","@id":"https:\/\/www.silutesnaujienos.lt\/lt\/svietimo-reforma-siluteje-tarp-demografines-duobes-ir-siekio-islikti\/#breadcrumb","itemListElement":[{"@type":"ListItem","position":1,"name":"Home","item":"https:\/\/www.silutesnaujienos.lt\/lt\/"},{"@type":"ListItem","position":2,"name":"\u0160vietimo reforma \u0160ilut\u0117je: tarp demografin\u0117s duob\u0117s ir siekio i\u0161likti"}]},{"@type":"WebSite","@id":"https:\/\/www.silutesnaujienos.lt\/lt\/#website","url":"https:\/\/www.silutesnaujienos.lt\/lt\/","name":"\u0160ilut\u0117s naujienos","description":"B\u016bk ant naujien\u0173 bangos!","publisher":{"@id":"https:\/\/www.silutesnaujienos.lt\/lt\/#organization"},"potentialAction":[{"@type":"SearchAction","target":{"@type":"EntryPoint","urlTemplate":"https:\/\/www.silutesnaujienos.lt\/lt\/?s={search_term_string}"},"query-input":{"@type":"PropertyValueSpecification","valueRequired":true,"valueName":"search_term_string"}}],"inLanguage":"lt-LT"},{"@type":"Organization","@id":"https:\/\/www.silutesnaujienos.lt\/lt\/#organization","name":"\u0160ilut\u0117s naujienos","url":"https:\/\/www.silutesnaujienos.lt\/lt\/","logo":{"@type":"ImageObject","inLanguage":"lt-LT","@id":"https:\/\/www.silutesnaujienos.lt\/lt\/#\/schema\/logo\/image\/","url":"https:\/\/www.silutesnaujienos.lt\/lt\/wp-content\/uploads\/2020\/06\/FB_MAIN.jpg","contentUrl":"https:\/\/www.silutesnaujienos.lt\/lt\/wp-content\/uploads\/2020\/06\/FB_MAIN.jpg","width":1700,"height":956,"caption":"\u0160ilut\u0117s naujienos"},"image":{"@id":"https:\/\/www.silutesnaujienos.lt\/lt\/#\/schema\/logo\/image\/"},"sameAs":["https:\/\/www.facebook.com\/silutes.naujienos\/","https:\/\/www.youtube.com\/channel\/UCxW-cgrJDt8GxIMxSTAfJZg"]},{"@type":"Person","@id":"https:\/\/www.silutesnaujienos.lt\/lt\/#\/schema\/person\/976440ef837444400af3c77c19c61454","name":"\u0160ilut\u0117s naujien\u0173 inf.","image":{"@type":"ImageObject","inLanguage":"lt-LT","@id":"https:\/\/www.silutesnaujienos.lt\/lt\/wp-content\/uploads\/2020\/06\/favicon.png","url":"https:\/\/www.silutesnaujienos.lt\/lt\/wp-content\/uploads\/2020\/06\/favicon.png","contentUrl":"https:\/\/www.silutesnaujienos.lt\/lt\/wp-content\/uploads\/2020\/06\/favicon.png","caption":"\u0160ilut\u0117s naujien\u0173 inf."},"url":"https:\/\/www.silutesnaujienos.lt\/lt\/author\/vadas\/"}]}},"publishpress_future_workflow_manual_trigger":{"enabledWorkflows":[]},"amp_enabled":true,"_links":{"self":[{"href":"https:\/\/www.silutesnaujienos.lt\/lt\/wp-json\/wp\/v2\/posts\/81833","targetHints":{"allow":["GET"]}}],"collection":[{"href":"https:\/\/www.silutesnaujienos.lt\/lt\/wp-json\/wp\/v2\/posts"}],"about":[{"href":"https:\/\/www.silutesnaujienos.lt\/lt\/wp-json\/wp\/v2\/types\/post"}],"author":[{"embeddable":true,"href":"https:\/\/www.silutesnaujienos.lt\/lt\/wp-json\/wp\/v2\/users\/2"}],"replies":[{"embeddable":true,"href":"https:\/\/www.silutesnaujienos.lt\/lt\/wp-json\/wp\/v2\/comments?post=81833"}],"version-history":[{"count":2,"href":"https:\/\/www.silutesnaujienos.lt\/lt\/wp-json\/wp\/v2\/posts\/81833\/revisions"}],"predecessor-version":[{"id":81835,"href":"https:\/\/www.silutesnaujienos.lt\/lt\/wp-json\/wp\/v2\/posts\/81833\/revisions\/81835"}],"wp:featuredmedia":[{"embeddable":true,"href":"https:\/\/www.silutesnaujienos.lt\/lt\/wp-json\/wp\/v2\/media\/81783"}],"wp:attachment":[{"href":"https:\/\/www.silutesnaujienos.lt\/lt\/wp-json\/wp\/v2\/media?parent=81833"}],"wp:term":[{"taxonomy":"category","embeddable":true,"href":"https:\/\/www.silutesnaujienos.lt\/lt\/wp-json\/wp\/v2\/categories?post=81833"},{"taxonomy":"post_tag","embeddable":true,"href":"https:\/\/www.silutesnaujienos.lt\/lt\/wp-json\/wp\/v2\/tags?post=81833"}],"curies":[{"name":"wp","href":"https:\/\/api.w.org\/{rel}","templated":true}]}}