{"id":83214,"date":"2026-07-13T12:00:23","date_gmt":"2026-07-13T09:00:23","guid":{"rendered":"https:\/\/www.silutesnaujienos.lt\/lt\/?p=83214"},"modified":"2026-07-08T11:07:09","modified_gmt":"2026-07-08T08:07:09","slug":"i-jubilieju-susirinko-kurejai-kuriu-darbai-saugo-krasto-dvasia","status":"publish","type":"post","link":"https:\/\/www.silutesnaujienos.lt\/lt\/i-jubilieju-susirinko-kurejai-kuriu-darbai-saugo-krasto-dvasia\/","title":{"rendered":"\u012e jubiliej\u0173 susirinko k\u016br\u0117jai, kuri\u0173 darbai saugo kra\u0161to dvasi\u0105"},"content":{"rendered":"<p><em><strong>K\u016brybingi ir aktyv\u016bs meistrai<\/strong><\/em><\/p>\n<p>\u0116jo 1966-ieji, kuomet Lietuvoje buvo \u012fkurta liaudies meno draugija. J\u0105 sudar\u0117 choro, teatro, instrumentin\u0117s muzikos, liaudies muzikos ir liaudies dail\u0117s, choreografijos sekcijos. Po poros met\u0173 draugijos veikla apribota tik liaudies daile, o dar po met\u0173 ji tapo Lietuvos tautodailinink\u0173 s\u0105junga (LTS). Tai buvo pelno nesiekianti k\u016brybin\u0117 asociacija, vienijanti geriausius \u0161alies tautodailininkus tapybos, skulpt\u016bros, grafikos, kalvyst\u0117s, keramikos, audimo, mezgimo, juvelyrikos, pynimo ir paprotin\u0117s dail\u0117s sekcijose.<\/p>\n<p>\u0160iuo metu \u0161alyje yra 6 LTS skyriai, vienijantys vir\u0161 2000 nari\u0173.<\/p>\n<p>\u017demaitijos skyriaus Ma\u017eosios Lietuvos \u0160ilut\u0117s sekcija vienija 32 \u012fvairaus \u017eanro k\u016br\u0117jus. Pirmoji skyriaus vadov\u0117 buvo a. a. Danut\u0117 Narbutien\u0117, skyriui vadovavusi nuo 1966-\u0173j\u0173 iki 1988-\u0173j\u0173. I\u0161 jos \u0161\u012f vair\u0105 buvo per\u0117musi R\u016bta Emigart \u010ciu\u017eelien\u0117, o nuo 2023 m. lapkri\u010dio kra\u0161to k\u016br\u0117jams vadovauja Violeta Astrauskien\u0117. Nepailstanti \u0161v\u0117k\u0161ni\u0161k\u0117, pernai pelniusi Meno k\u016br\u0117jo status\u0105.<\/p>\n<p>Pamario tautodailininkai \u2013 k\u016brybingi ir darb\u0161t\u016bs meistrai, kuriantys i\u0161laikydami tradicijas, bet kartu kiekvienas j\u0173 \u012f kra\u0161to tautodail\u0117s lobyn\u0105 \u012fne\u0161a ir ka\u017ek\u0105 savito. Jie aktyviai dalyvauja ne tik Pamaryje, bet ir visoje \u0161alyje rengiamose personalin\u0117se ir kolektyvin\u0117se parodose, \u0161vent\u0117se, veda k\u016brybines dirbtuves.\u00a0 J\u0173 tarpe yra ne vienas, peln\u0119s parodos \u201eAukso vainikas\u201c \u012fvertinimus, ne vieno j\u0173 darbai d\u017eiugina u\u017esienio \u0161ali\u0173 gyventojus.<\/p>\n<p><strong>Surengta nauja paroda<\/strong><\/p>\n<p>Renginio metu buvo pristatyta dar viena tautodail\u0117s paroda \u201eV\u0117j\u0173 ir vanden\u0173 ra\u0161tai\u201c, \u012fkv\u0117pta m\u016bs\u0173 kra\u0161to gamtos ir kult\u016brinio paveldo. Parodoje eksponuojama vir\u0161 \u0161imto 28 k\u016br\u0117j\u0173 darb\u0173, kurie atskleid\u017eia savit\u0105 kra\u0161to dvasi\u0105. V\u0117j\u0173 ir vanden\u0173 motyvai \u010dia tampa k\u016brybos kalba, pasakojan\u010dia apie \u017emogaus ry\u0161\u012f su gimtine, tradicijomis ir istorija. \u010cia galima g\u0117r\u0117tis tapyba, \u012fvairiais papuo\u0161alais, rie\u0161in\u0117mis ir kitais k\u016briniais. Planuojama, kad paroda veiks per vasar\u0105.<\/p>\n<p>\u0160vent\u0119 ved\u0117 ir koncertin\u0119 program\u0105 pristat\u0117 folkloro ansamblis \u201e\u017dvejyt\u0117s\u201c i\u0161 Drevernos su vadove Virgina Asnauskiene.<\/p>\n<p>Savivaldyb\u0117s meras Vytautas Laurinaitis pasteb\u0117jo, kad 60 met\u0173 organizacijai yra brandus skai\u010dius. Ta\u010diau esm\u0117 ne skai\u010diai, o tai, kas veikia toje s\u0105jungoje. \u201eTautodailininkai supa\u017eindina mus su istorija ir man gera, kai \u0161vent\u0117se matau prie j\u0173 kioskeli\u0173 susirenkant daug \u017emoni\u0173. Tai rei\u0161kia, kad m\u016bs\u0173 \u017emon\u0117s vertina j\u016bs\u0173 i\u0161mon\u0119 ir j\u016bs \u012feinate \u012f m\u016bs\u0173 kult\u016bros istorij\u0105\u201c, \u2013 sak\u0117 meras.<\/p>\n<p>K\u016br\u0117jams meras link\u0117jo ir toliau sieti istorij\u0105 su ateitimi. Savivaldyb\u0117s vadov\u0173 pad\u0117kos\u00a0 u\u017e kantryb\u0119 kiekvienam pot\u0117piui, med\u017eio r\u0117\u017eiui, metalo virpesiui, ornamentui, karpinio a\u017e\u016brui ar molio formai \u012fteiktos visam b\u016briui tautodailinink\u0173.<\/p>\n<p><em><strong>Ragino skatinti vaikus<\/strong><\/em><\/p>\n<p>Vie\u0161nia, LTS \u017demaitijos skyriaus pirminink\u0117 Vida \u0160mitien\u0117 ragino k\u016br\u0117jus ir savo vaikus, an\u016bkus skatinti u\u017esiimti tautodaile. Mat \u0161i\u0173 amat\u0173 meistr\u0173 gretos vis ret\u0117ja, o viena to prie\u017eas\u010di\u0173, kad pragyventi i\u0161 k\u016brybos n\u0117ra lengva.<\/p>\n<p>Neu\u017esidaryti savyje ir neu\u017edaryti dur\u0173 ragino Kult\u016bros poskyrio ved\u0117ja Vilma Gri\u0161kevi\u010dien\u0117.<\/p>\n<p>\u0160ilut\u0117s sekcijos nariai d\u0117kojo savo nepailstan\u010diai vadovei V. Astrauskienei ir pa\u017ead\u0117jo ir ateityje palaikyti visas jos id\u0117jas. Tautodailininkams palink\u0117ta neprarasti k\u016brybinio \u012fkv\u0117pimo, o j\u0173 vadovei \u2013 vadovauti dar bent por\u0105 de\u0161imtme\u010di\u0173.<\/p>\n","protected":false},"excerpt":{"rendered":"<p>K\u016brybingi ir aktyv\u016bs meistrai \u0116jo 1966-ieji, kuomet Lietuvoje buvo \u012fkurta liaudies meno draugija. J\u0105 sudar\u0117 choro, teatro, instrumentin\u0117s muzikos, liaudies muzikos ir liaudies dail\u0117s, choreografijos sekcijos. Po poros met\u0173 draugijos veikla apribota tik liaudies daile, o dar po met\u0173 ji tapo Lietuvos tautodailinink\u0173 s\u0105junga (LTS). Tai buvo pelno nesiekianti k\u016brybin\u0117 asociacija, vienijanti geriausius \u0161alies tautodailininkus [&hellip;]<\/p>\n","protected":false},"author":5,"featured_media":83215,"comment_status":"open","ping_status":"closed","sticky":false,"template":"","format":"standard","meta":{"footnotes":""},"categories":[51],"tags":[47],"class_list":["post-83214","post","type-post","status-publish","format-standard","has-post-thumbnail","category-kultura-ir-svietimas","tag-pirmasis"],"yoast_head":"<!-- This site is optimized with the Yoast SEO plugin v28.4 - https:\/\/yoast.com\/product\/yoast-seo-wordpress\/ -->\n<title>\u012e jubiliej\u0173 susirinko k\u016br\u0117jai, kuri\u0173 darbai saugo kra\u0161to dvasi\u0105 - \u0160ilut\u0117s naujienos<\/title>\n<meta name=\"robots\" content=\"index, follow, max-snippet:-1, max-image-preview:large, max-video-preview:-1\" \/>\n<link rel=\"canonical\" href=\"https:\/\/www.silutesnaujienos.lt\/lt\/i-jubilieju-susirinko-kurejai-kuriu-darbai-saugo-krasto-dvasia\/\" \/>\n<meta property=\"og:locale\" content=\"lt_LT\" \/>\n<meta property=\"og:type\" content=\"article\" \/>\n<meta property=\"og:title\" content=\"\u012e jubiliej\u0173 susirinko k\u016br\u0117jai, kuri\u0173 darbai saugo kra\u0161to dvasi\u0105 - \u0160ilut\u0117s naujienos\" \/>\n<meta property=\"og:description\" content=\"K\u016brybingi ir aktyv\u016bs meistrai \u0116jo 1966-ieji, kuomet Lietuvoje buvo \u012fkurta liaudies meno draugija. J\u0105 sudar\u0117 choro, teatro, instrumentin\u0117s muzikos, liaudies muzikos ir liaudies dail\u0117s, choreografijos sekcijos. Po poros met\u0173 draugijos veikla apribota tik liaudies daile, o dar po met\u0173 ji tapo Lietuvos tautodailinink\u0173 s\u0105junga (LTS). Tai buvo pelno nesiekianti k\u016brybin\u0117 asociacija, vienijanti geriausius \u0161alies tautodailininkus [&hellip;]\" \/>\n<meta property=\"og:url\" content=\"https:\/\/www.silutesnaujienos.lt\/lt\/i-jubilieju-susirinko-kurejai-kuriu-darbai-saugo-krasto-dvasia\/\" \/>\n<meta property=\"og:site_name\" content=\"\u0160ilut\u0117s naujienos\" \/>\n<meta property=\"article:publisher\" content=\"https:\/\/www.facebook.com\/silutes.naujienos\/\" \/>\n<meta property=\"article:published_time\" content=\"2026-07-13T09:00:23+00:00\" \/>\n<meta property=\"og:image\" content=\"https:\/\/www.silutesnaujienos.lt\/lt\/wp-content\/uploads\/2026\/07\/20260706_181231-scaled.jpg\" \/>\n\t<meta property=\"og:image:width\" content=\"2560\" \/>\n\t<meta property=\"og:image:height\" content=\"1920\" \/>\n\t<meta property=\"og:image:type\" content=\"image\/jpeg\" \/>\n<meta name=\"author\" content=\"Vilija Budrikien\u0117\" \/>\n<meta name=\"twitter:card\" content=\"summary_large_image\" \/>\n<meta name=\"twitter:label1\" content=\"Written by\" \/>\n\t<meta name=\"twitter:data1\" content=\"Vilija Budrikien\u0117\" \/>\n\t<meta name=\"twitter:label2\" content=\"Est. reading time\" \/>\n\t<meta name=\"twitter:data2\" content=\"3 minut\u0117s\" \/>\n<script type=\"application\/ld+json\" class=\"yoast-schema-graph\">{\"@context\":\"https:\\\/\\\/schema.org\",\"@graph\":[{\"@type\":\"Article\",\"@id\":\"https:\\\/\\\/www.silutesnaujienos.lt\\\/lt\\\/i-jubilieju-susirinko-kurejai-kuriu-darbai-saugo-krasto-dvasia\\\/#article\",\"isPartOf\":{\"@id\":\"https:\\\/\\\/www.silutesnaujienos.lt\\\/lt\\\/i-jubilieju-susirinko-kurejai-kuriu-darbai-saugo-krasto-dvasia\\\/\"},\"author\":{\"name\":\"Vilija Budrikien\u0117\",\"@id\":\"https:\\\/\\\/www.silutesnaujienos.lt\\\/lt\\\/#\\\/schema\\\/person\\\/ae74dc119e0371ad648aadf34f715a80\"},\"headline\":\"\u012e jubiliej\u0173 susirinko k\u016br\u0117jai, kuri\u0173 darbai saugo kra\u0161to dvasi\u0105\",\"datePublished\":\"2026-07-13T09:00:23+00:00\",\"mainEntityOfPage\":{\"@id\":\"https:\\\/\\\/www.silutesnaujienos.lt\\\/lt\\\/i-jubilieju-susirinko-kurejai-kuriu-darbai-saugo-krasto-dvasia\\\/\"},\"wordCount\":552,\"commentCount\":0,\"publisher\":{\"@id\":\"https:\\\/\\\/www.silutesnaujienos.lt\\\/lt\\\/#organization\"},\"image\":{\"@id\":\"https:\\\/\\\/www.silutesnaujienos.lt\\\/lt\\\/i-jubilieju-susirinko-kurejai-kuriu-darbai-saugo-krasto-dvasia\\\/#primaryimage\"},\"thumbnailUrl\":\"https:\\\/\\\/www.silutesnaujienos.lt\\\/lt\\\/wp-content\\\/uploads\\\/2026\\\/07\\\/20260706_181231-scaled.jpg\",\"keywords\":[\"Pirmasis\"],\"articleSection\":[\"Kult\u016bra ir \u0161vietimas\"],\"inLanguage\":\"lt-LT\",\"potentialAction\":[{\"@type\":\"CommentAction\",\"name\":\"Comment\",\"target\":[\"https:\\\/\\\/www.silutesnaujienos.lt\\\/lt\\\/i-jubilieju-susirinko-kurejai-kuriu-darbai-saugo-krasto-dvasia\\\/#respond\"]}]},{\"@type\":\"WebPage\",\"@id\":\"https:\\\/\\\/www.silutesnaujienos.lt\\\/lt\\\/i-jubilieju-susirinko-kurejai-kuriu-darbai-saugo-krasto-dvasia\\\/\",\"url\":\"https:\\\/\\\/www.silutesnaujienos.lt\\\/lt\\\/i-jubilieju-susirinko-kurejai-kuriu-darbai-saugo-krasto-dvasia\\\/\",\"name\":\"\u012e jubiliej\u0173 susirinko k\u016br\u0117jai, kuri\u0173 darbai saugo kra\u0161to dvasi\u0105 - \u0160ilut\u0117s naujienos\",\"isPartOf\":{\"@id\":\"https:\\\/\\\/www.silutesnaujienos.lt\\\/lt\\\/#website\"},\"primaryImageOfPage\":{\"@id\":\"https:\\\/\\\/www.silutesnaujienos.lt\\\/lt\\\/i-jubilieju-susirinko-kurejai-kuriu-darbai-saugo-krasto-dvasia\\\/#primaryimage\"},\"image\":{\"@id\":\"https:\\\/\\\/www.silutesnaujienos.lt\\\/lt\\\/i-jubilieju-susirinko-kurejai-kuriu-darbai-saugo-krasto-dvasia\\\/#primaryimage\"},\"thumbnailUrl\":\"https:\\\/\\\/www.silutesnaujienos.lt\\\/lt\\\/wp-content\\\/uploads\\\/2026\\\/07\\\/20260706_181231-scaled.jpg\",\"datePublished\":\"2026-07-13T09:00:23+00:00\",\"breadcrumb\":{\"@id\":\"https:\\\/\\\/www.silutesnaujienos.lt\\\/lt\\\/i-jubilieju-susirinko-kurejai-kuriu-darbai-saugo-krasto-dvasia\\\/#breadcrumb\"},\"inLanguage\":\"lt-LT\",\"potentialAction\":[{\"@type\":\"ReadAction\",\"target\":[\"https:\\\/\\\/www.silutesnaujienos.lt\\\/lt\\\/i-jubilieju-susirinko-kurejai-kuriu-darbai-saugo-krasto-dvasia\\\/\"]}]},{\"@type\":\"ImageObject\",\"inLanguage\":\"lt-LT\",\"@id\":\"https:\\\/\\\/www.silutesnaujienos.lt\\\/lt\\\/i-jubilieju-susirinko-kurejai-kuriu-darbai-saugo-krasto-dvasia\\\/#primaryimage\",\"url\":\"https:\\\/\\\/www.silutesnaujienos.lt\\\/lt\\\/wp-content\\\/uploads\\\/2026\\\/07\\\/20260706_181231-scaled.jpg\",\"contentUrl\":\"https:\\\/\\\/www.silutesnaujienos.lt\\\/lt\\\/wp-content\\\/uploads\\\/2026\\\/07\\\/20260706_181231-scaled.jpg\",\"width\":2560,\"height\":1920},{\"@type\":\"BreadcrumbList\",\"@id\":\"https:\\\/\\\/www.silutesnaujienos.lt\\\/lt\\\/i-jubilieju-susirinko-kurejai-kuriu-darbai-saugo-krasto-dvasia\\\/#breadcrumb\",\"itemListElement\":[{\"@type\":\"ListItem\",\"position\":1,\"name\":\"Home\",\"item\":\"https:\\\/\\\/www.silutesnaujienos.lt\\\/lt\\\/\"},{\"@type\":\"ListItem\",\"position\":2,\"name\":\"\u012e jubiliej\u0173 susirinko k\u016br\u0117jai, kuri\u0173 darbai saugo kra\u0161to dvasi\u0105\"}]},{\"@type\":\"WebSite\",\"@id\":\"https:\\\/\\\/www.silutesnaujienos.lt\\\/lt\\\/#website\",\"url\":\"https:\\\/\\\/www.silutesnaujienos.lt\\\/lt\\\/\",\"name\":\"\u0160ilut\u0117s naujienos\",\"description\":\"B\u016bk ant naujien\u0173 bangos!\",\"publisher\":{\"@id\":\"https:\\\/\\\/www.silutesnaujienos.lt\\\/lt\\\/#organization\"},\"potentialAction\":[{\"@type\":\"SearchAction\",\"target\":{\"@type\":\"EntryPoint\",\"urlTemplate\":\"https:\\\/\\\/www.silutesnaujienos.lt\\\/lt\\\/?s={search_term_string}\"},\"query-input\":{\"@type\":\"PropertyValueSpecification\",\"valueRequired\":true,\"valueName\":\"search_term_string\"}}],\"inLanguage\":\"lt-LT\"},{\"@type\":\"Organization\",\"@id\":\"https:\\\/\\\/www.silutesnaujienos.lt\\\/lt\\\/#organization\",\"name\":\"\u0160ilut\u0117s naujienos\",\"url\":\"https:\\\/\\\/www.silutesnaujienos.lt\\\/lt\\\/\",\"logo\":{\"@type\":\"ImageObject\",\"inLanguage\":\"lt-LT\",\"@id\":\"https:\\\/\\\/www.silutesnaujienos.lt\\\/lt\\\/#\\\/schema\\\/logo\\\/image\\\/\",\"url\":\"https:\\\/\\\/www.silutesnaujienos.lt\\\/lt\\\/wp-content\\\/uploads\\\/2020\\\/06\\\/FB_MAIN.jpg\",\"contentUrl\":\"https:\\\/\\\/www.silutesnaujienos.lt\\\/lt\\\/wp-content\\\/uploads\\\/2020\\\/06\\\/FB_MAIN.jpg\",\"width\":1700,\"height\":956,\"caption\":\"\u0160ilut\u0117s naujienos\"},\"image\":{\"@id\":\"https:\\\/\\\/www.silutesnaujienos.lt\\\/lt\\\/#\\\/schema\\\/logo\\\/image\\\/\"},\"sameAs\":[\"https:\\\/\\\/www.facebook.com\\\/silutes.naujienos\\\/\",\"https:\\\/\\\/www.youtube.com\\\/channel\\\/UCxW-cgrJDt8GxIMxSTAfJZg\"]},{\"@type\":\"Person\",\"@id\":\"https:\\\/\\\/www.silutesnaujienos.lt\\\/lt\\\/#\\\/schema\\\/person\\\/ae74dc119e0371ad648aadf34f715a80\",\"name\":\"Vilija Budrikien\u0117\",\"image\":{\"@type\":\"ImageObject\",\"inLanguage\":\"lt-LT\",\"@id\":\"https:\\\/\\\/www.silutesnaujienos.lt\\\/lt\\\/wp-content\\\/uploads\\\/2020\\\/06\\\/Vilija-150x150.jpg\",\"url\":\"https:\\\/\\\/www.silutesnaujienos.lt\\\/lt\\\/wp-content\\\/uploads\\\/2020\\\/06\\\/Vilija-150x150.jpg\",\"contentUrl\":\"https:\\\/\\\/www.silutesnaujienos.lt\\\/lt\\\/wp-content\\\/uploads\\\/2020\\\/06\\\/Vilija-150x150.jpg\",\"caption\":\"Vilija Budrikien\u0117\"},\"description\":\"Redaktor\u0117\",\"sameAs\":[\"http:\\\/\\\/www.silutesnaujienos.lt\"],\"url\":\"https:\\\/\\\/www.silutesnaujienos.lt\\\/lt\\\/author\\\/vilija\\\/\"}]}<\/script>\n<!-- \/ Yoast SEO plugin. -->","yoast_head_json":{"title":"\u012e jubiliej\u0173 susirinko k\u016br\u0117jai, kuri\u0173 darbai saugo kra\u0161to dvasi\u0105 - \u0160ilut\u0117s naujienos","robots":{"index":"index","follow":"follow","max-snippet":"max-snippet:-1","max-image-preview":"max-image-preview:large","max-video-preview":"max-video-preview:-1"},"canonical":"https:\/\/www.silutesnaujienos.lt\/lt\/i-jubilieju-susirinko-kurejai-kuriu-darbai-saugo-krasto-dvasia\/","og_locale":"lt_LT","og_type":"article","og_title":"\u012e jubiliej\u0173 susirinko k\u016br\u0117jai, kuri\u0173 darbai saugo kra\u0161to dvasi\u0105 - \u0160ilut\u0117s naujienos","og_description":"K\u016brybingi ir aktyv\u016bs meistrai \u0116jo 1966-ieji, kuomet Lietuvoje buvo \u012fkurta liaudies meno draugija. J\u0105 sudar\u0117 choro, teatro, instrumentin\u0117s muzikos, liaudies muzikos ir liaudies dail\u0117s, choreografijos sekcijos. Po poros met\u0173 draugijos veikla apribota tik liaudies daile, o dar po met\u0173 ji tapo Lietuvos tautodailinink\u0173 s\u0105junga (LTS). Tai buvo pelno nesiekianti k\u016brybin\u0117 asociacija, vienijanti geriausius \u0161alies tautodailininkus [&hellip;]","og_url":"https:\/\/www.silutesnaujienos.lt\/lt\/i-jubilieju-susirinko-kurejai-kuriu-darbai-saugo-krasto-dvasia\/","og_site_name":"\u0160ilut\u0117s naujienos","article_publisher":"https:\/\/www.facebook.com\/silutes.naujienos\/","article_published_time":"2026-07-13T09:00:23+00:00","og_image":[{"width":2560,"height":1920,"url":"https:\/\/www.silutesnaujienos.lt\/lt\/wp-content\/uploads\/2026\/07\/20260706_181231-scaled.jpg","type":"image\/jpeg"}],"author":"Vilija Budrikien\u0117","twitter_card":"summary_large_image","twitter_misc":{"Written by":"Vilija Budrikien\u0117","Est. reading time":"3 minut\u0117s"},"schema":{"@context":"https:\/\/schema.org","@graph":[{"@type":"Article","@id":"https:\/\/www.silutesnaujienos.lt\/lt\/i-jubilieju-susirinko-kurejai-kuriu-darbai-saugo-krasto-dvasia\/#article","isPartOf":{"@id":"https:\/\/www.silutesnaujienos.lt\/lt\/i-jubilieju-susirinko-kurejai-kuriu-darbai-saugo-krasto-dvasia\/"},"author":{"name":"Vilija Budrikien\u0117","@id":"https:\/\/www.silutesnaujienos.lt\/lt\/#\/schema\/person\/ae74dc119e0371ad648aadf34f715a80"},"headline":"\u012e jubiliej\u0173 susirinko k\u016br\u0117jai, kuri\u0173 darbai saugo kra\u0161to dvasi\u0105","datePublished":"2026-07-13T09:00:23+00:00","mainEntityOfPage":{"@id":"https:\/\/www.silutesnaujienos.lt\/lt\/i-jubilieju-susirinko-kurejai-kuriu-darbai-saugo-krasto-dvasia\/"},"wordCount":552,"commentCount":0,"publisher":{"@id":"https:\/\/www.silutesnaujienos.lt\/lt\/#organization"},"image":{"@id":"https:\/\/www.silutesnaujienos.lt\/lt\/i-jubilieju-susirinko-kurejai-kuriu-darbai-saugo-krasto-dvasia\/#primaryimage"},"thumbnailUrl":"https:\/\/www.silutesnaujienos.lt\/lt\/wp-content\/uploads\/2026\/07\/20260706_181231-scaled.jpg","keywords":["Pirmasis"],"articleSection":["Kult\u016bra ir \u0161vietimas"],"inLanguage":"lt-LT","potentialAction":[{"@type":"CommentAction","name":"Comment","target":["https:\/\/www.silutesnaujienos.lt\/lt\/i-jubilieju-susirinko-kurejai-kuriu-darbai-saugo-krasto-dvasia\/#respond"]}]},{"@type":"WebPage","@id":"https:\/\/www.silutesnaujienos.lt\/lt\/i-jubilieju-susirinko-kurejai-kuriu-darbai-saugo-krasto-dvasia\/","url":"https:\/\/www.silutesnaujienos.lt\/lt\/i-jubilieju-susirinko-kurejai-kuriu-darbai-saugo-krasto-dvasia\/","name":"\u012e jubiliej\u0173 susirinko k\u016br\u0117jai, kuri\u0173 darbai saugo kra\u0161to dvasi\u0105 - \u0160ilut\u0117s naujienos","isPartOf":{"@id":"https:\/\/www.silutesnaujienos.lt\/lt\/#website"},"primaryImageOfPage":{"@id":"https:\/\/www.silutesnaujienos.lt\/lt\/i-jubilieju-susirinko-kurejai-kuriu-darbai-saugo-krasto-dvasia\/#primaryimage"},"image":{"@id":"https:\/\/www.silutesnaujienos.lt\/lt\/i-jubilieju-susirinko-kurejai-kuriu-darbai-saugo-krasto-dvasia\/#primaryimage"},"thumbnailUrl":"https:\/\/www.silutesnaujienos.lt\/lt\/wp-content\/uploads\/2026\/07\/20260706_181231-scaled.jpg","datePublished":"2026-07-13T09:00:23+00:00","breadcrumb":{"@id":"https:\/\/www.silutesnaujienos.lt\/lt\/i-jubilieju-susirinko-kurejai-kuriu-darbai-saugo-krasto-dvasia\/#breadcrumb"},"inLanguage":"lt-LT","potentialAction":[{"@type":"ReadAction","target":["https:\/\/www.silutesnaujienos.lt\/lt\/i-jubilieju-susirinko-kurejai-kuriu-darbai-saugo-krasto-dvasia\/"]}]},{"@type":"ImageObject","inLanguage":"lt-LT","@id":"https:\/\/www.silutesnaujienos.lt\/lt\/i-jubilieju-susirinko-kurejai-kuriu-darbai-saugo-krasto-dvasia\/#primaryimage","url":"https:\/\/www.silutesnaujienos.lt\/lt\/wp-content\/uploads\/2026\/07\/20260706_181231-scaled.jpg","contentUrl":"https:\/\/www.silutesnaujienos.lt\/lt\/wp-content\/uploads\/2026\/07\/20260706_181231-scaled.jpg","width":2560,"height":1920},{"@type":"BreadcrumbList","@id":"https:\/\/www.silutesnaujienos.lt\/lt\/i-jubilieju-susirinko-kurejai-kuriu-darbai-saugo-krasto-dvasia\/#breadcrumb","itemListElement":[{"@type":"ListItem","position":1,"name":"Home","item":"https:\/\/www.silutesnaujienos.lt\/lt\/"},{"@type":"ListItem","position":2,"name":"\u012e jubiliej\u0173 susirinko k\u016br\u0117jai, kuri\u0173 darbai saugo kra\u0161to dvasi\u0105"}]},{"@type":"WebSite","@id":"https:\/\/www.silutesnaujienos.lt\/lt\/#website","url":"https:\/\/www.silutesnaujienos.lt\/lt\/","name":"\u0160ilut\u0117s naujienos","description":"B\u016bk ant naujien\u0173 bangos!","publisher":{"@id":"https:\/\/www.silutesnaujienos.lt\/lt\/#organization"},"potentialAction":[{"@type":"SearchAction","target":{"@type":"EntryPoint","urlTemplate":"https:\/\/www.silutesnaujienos.lt\/lt\/?s={search_term_string}"},"query-input":{"@type":"PropertyValueSpecification","valueRequired":true,"valueName":"search_term_string"}}],"inLanguage":"lt-LT"},{"@type":"Organization","@id":"https:\/\/www.silutesnaujienos.lt\/lt\/#organization","name":"\u0160ilut\u0117s naujienos","url":"https:\/\/www.silutesnaujienos.lt\/lt\/","logo":{"@type":"ImageObject","inLanguage":"lt-LT","@id":"https:\/\/www.silutesnaujienos.lt\/lt\/#\/schema\/logo\/image\/","url":"https:\/\/www.silutesnaujienos.lt\/lt\/wp-content\/uploads\/2020\/06\/FB_MAIN.jpg","contentUrl":"https:\/\/www.silutesnaujienos.lt\/lt\/wp-content\/uploads\/2020\/06\/FB_MAIN.jpg","width":1700,"height":956,"caption":"\u0160ilut\u0117s naujienos"},"image":{"@id":"https:\/\/www.silutesnaujienos.lt\/lt\/#\/schema\/logo\/image\/"},"sameAs":["https:\/\/www.facebook.com\/silutes.naujienos\/","https:\/\/www.youtube.com\/channel\/UCxW-cgrJDt8GxIMxSTAfJZg"]},{"@type":"Person","@id":"https:\/\/www.silutesnaujienos.lt\/lt\/#\/schema\/person\/ae74dc119e0371ad648aadf34f715a80","name":"Vilija Budrikien\u0117","image":{"@type":"ImageObject","inLanguage":"lt-LT","@id":"https:\/\/www.silutesnaujienos.lt\/lt\/wp-content\/uploads\/2020\/06\/Vilija-150x150.jpg","url":"https:\/\/www.silutesnaujienos.lt\/lt\/wp-content\/uploads\/2020\/06\/Vilija-150x150.jpg","contentUrl":"https:\/\/www.silutesnaujienos.lt\/lt\/wp-content\/uploads\/2020\/06\/Vilija-150x150.jpg","caption":"Vilija Budrikien\u0117"},"description":"Redaktor\u0117","sameAs":["http:\/\/www.silutesnaujienos.lt"],"url":"https:\/\/www.silutesnaujienos.lt\/lt\/author\/vilija\/"}]}},"publishpress_future_workflow_manual_trigger":{"enabledWorkflows":[]},"amp_enabled":true,"_links":{"self":[{"href":"https:\/\/www.silutesnaujienos.lt\/lt\/wp-json\/wp\/v2\/posts\/83214","targetHints":{"allow":["GET"]}}],"collection":[{"href":"https:\/\/www.silutesnaujienos.lt\/lt\/wp-json\/wp\/v2\/posts"}],"about":[{"href":"https:\/\/www.silutesnaujienos.lt\/lt\/wp-json\/wp\/v2\/types\/post"}],"author":[{"embeddable":true,"href":"https:\/\/www.silutesnaujienos.lt\/lt\/wp-json\/wp\/v2\/users\/5"}],"replies":[{"embeddable":true,"href":"https:\/\/www.silutesnaujienos.lt\/lt\/wp-json\/wp\/v2\/comments?post=83214"}],"version-history":[{"count":1,"href":"https:\/\/www.silutesnaujienos.lt\/lt\/wp-json\/wp\/v2\/posts\/83214\/revisions"}],"predecessor-version":[{"id":83216,"href":"https:\/\/www.silutesnaujienos.lt\/lt\/wp-json\/wp\/v2\/posts\/83214\/revisions\/83216"}],"wp:featuredmedia":[{"embeddable":true,"href":"https:\/\/www.silutesnaujienos.lt\/lt\/wp-json\/wp\/v2\/media\/83215"}],"wp:attachment":[{"href":"https:\/\/www.silutesnaujienos.lt\/lt\/wp-json\/wp\/v2\/media?parent=83214"}],"wp:term":[{"taxonomy":"category","embeddable":true,"href":"https:\/\/www.silutesnaujienos.lt\/lt\/wp-json\/wp\/v2\/categories?post=83214"},{"taxonomy":"post_tag","embeddable":true,"href":"https:\/\/www.silutesnaujienos.lt\/lt\/wp-json\/wp\/v2\/tags?post=83214"}],"curies":[{"name":"wp","href":"https:\/\/api.w.org\/{rel}","templated":true}]}}