{"id":84117,"date":"2026-09-01T16:00:34","date_gmt":"2026-09-01T13:00:34","guid":{"rendered":"https:\/\/www.silutesnaujienos.lt\/lt\/?p=84117"},"modified":"2026-08-26T10:50:22","modified_gmt":"2026-08-26T07:50:22","slug":"maciku-lageriu-kompleksa-ketinama-perduoti-kauno-ix-forto-muziejui","status":"publish","type":"post","link":"https:\/\/www.silutesnaujienos.lt\/lt\/maciku-lageriu-kompleksa-ketinama-perduoti-kauno-ix-forto-muziejui\/","title":{"rendered":"Macik\u0173 lageri\u0173 kompleks\u0105 ketinama perduoti Kauno IX forto muziejui"},"content":{"rendered":"<p>Ministras su \u0160ilut\u0117s rajono savivaldyb\u0117s bei \u0160ilut\u0117s Hugo \u0160ojaus ir Kauno IX forto muziej\u0173 vadovais aptar\u0117 komplekso i\u0161saugojim\u0105, teritorijos tvarkym\u0105 bei jos perdavim\u0105 valstyb\u0117s nuosavyb\u0117n.<\/p>\n<p>L. Alsys pa\u017eym\u0117jo, kad Macik\u0173 lageri\u0173 kompleksas yra i\u0161skirtin\u0117s svarbos objektas, tod\u0117l jo prie\u017ei\u016bra ir \u012fveiklinimas reikalauja valstyb\u0117s lygmens d\u0117mesio bei kompleksini\u0173 sprendim\u0173.<\/p>\n<p>\u201e\u0160ios dienos susitikimuose su \u0160ilut\u0117s rajono savivaldyb\u0117s ir muziej\u0173 vadovais i\u0161gryninome tolesni\u0173 veiksm\u0173 plan\u0105 \u2013 ai\u0161kiai matome vieni kit\u0173 atsakomybi\u0173 sritis pereinamuoju laikotarpiu, \u017einome, kokius teisinius ir administracinius \u017eingsnius turime \u017eengti. Sklandus valstyb\u0117s ir savivaldos bendradarbiavimas yra raktas \u012f tai, kad \u0161i memorialin\u0117 vieta b\u016bt\u0173 deramai sutvarkyta ir tapt\u0173 jautria, istorin\u0117s atminties i\u0161saugojimui bei visuomen\u0117s edukacijai atverta erdve\u201c, \u2013 sak\u0117 ministras.<\/p>\n<p>Atlikus turto perdavimo ir kitas proced\u016bras, kompleksas tur\u0117t\u0173 tapti Kauno IX forto muziejaus padaliniu. J\u012f sutvarkius, muziejus bus pritaikytas lankytojams bei edukacijai.<\/p>\n<p><strong>ELTA inf.<\/strong><\/p>\n<p><img loading=\"lazy\" decoding=\"async\" class=\"alignnone wp-image-68679 size-full\" src=\"https:\/\/www.silutesnaujienos.lt\/lt\/wp-content\/uploads\/2025\/03\/Untitled.jpg\" alt=\"\" width=\"643\" height=\"123\" srcset=\"https:\/\/www.silutesnaujienos.lt\/lt\/wp-content\/uploads\/2025\/03\/Untitled.jpg 643w, https:\/\/www.silutesnaujienos.lt\/lt\/wp-content\/uploads\/2025\/03\/Untitled-300x57.jpg 300w, https:\/\/www.silutesnaujienos.lt\/lt\/wp-content\/uploads\/2025\/03\/Untitled-450x86.jpg 450w, https:\/\/www.silutesnaujienos.lt\/lt\/wp-content\/uploads\/2025\/03\/Untitled-200x38.jpg 200w\" sizes=\"auto, (max-width: 643px) 100vw, 643px\" \/><\/p>\n","protected":false},"excerpt":{"rendered":"<p>Ministras su \u0160ilut\u0117s rajono savivaldyb\u0117s bei \u0160ilut\u0117s Hugo \u0160ojaus ir Kauno IX forto muziej\u0173 vadovais aptar\u0117 komplekso i\u0161saugojim\u0105, teritorijos tvarkym\u0105 bei jos perdavim\u0105 valstyb\u0117s nuosavyb\u0117n. L. Alsys pa\u017eym\u0117jo, kad Macik\u0173 lageri\u0173 kompleksas yra i\u0161skirtin\u0117s svarbos objektas, tod\u0117l jo prie\u017ei\u016bra ir \u012fveiklinimas reikalauja valstyb\u0117s lygmens d\u0117mesio bei kompleksini\u0173 sprendim\u0173. \u201e\u0160ios dienos susitikimuose su \u0160ilut\u0117s rajono savivaldyb\u0117s [&hellip;]<\/p>\n","protected":false},"author":2,"featured_media":84118,"comment_status":"open","ping_status":"closed","sticky":false,"template":"","format":"standard","meta":{"footnotes":""},"categories":[3873],"tags":[47],"class_list":["post-84117","post","type-post","status-publish","format-standard","has-post-thumbnail","category-elta","tag-pirmasis"],"yoast_head":"<!-- This site is optimized with the Yoast SEO plugin v28.3 - https:\/\/yoast.com\/product\/yoast-seo-wordpress\/ -->\n<title>Macik\u0173 lageri\u0173 kompleks\u0105 ketinama perduoti Kauno IX forto muziejui - \u0160ilut\u0117s naujienos<\/title>\n<meta name=\"robots\" content=\"index, follow, max-snippet:-1, max-image-preview:large, max-video-preview:-1\" \/>\n<link rel=\"canonical\" href=\"https:\/\/www.silutesnaujienos.lt\/lt\/maciku-lageriu-kompleksa-ketinama-perduoti-kauno-ix-forto-muziejui\/\" \/>\n<meta property=\"og:locale\" content=\"lt_LT\" \/>\n<meta property=\"og:type\" content=\"article\" \/>\n<meta property=\"og:title\" content=\"Macik\u0173 lageri\u0173 kompleks\u0105 ketinama perduoti Kauno IX forto muziejui - \u0160ilut\u0117s naujienos\" \/>\n<meta property=\"og:description\" content=\"Ministras su \u0160ilut\u0117s rajono savivaldyb\u0117s bei \u0160ilut\u0117s Hugo \u0160ojaus ir Kauno IX forto muziej\u0173 vadovais aptar\u0117 komplekso i\u0161saugojim\u0105, teritorijos tvarkym\u0105 bei jos perdavim\u0105 valstyb\u0117s nuosavyb\u0117n. L. Alsys pa\u017eym\u0117jo, kad Macik\u0173 lageri\u0173 kompleksas yra i\u0161skirtin\u0117s svarbos objektas, tod\u0117l jo prie\u017ei\u016bra ir \u012fveiklinimas reikalauja valstyb\u0117s lygmens d\u0117mesio bei kompleksini\u0173 sprendim\u0173. \u201e\u0160ios dienos susitikimuose su \u0160ilut\u0117s rajono savivaldyb\u0117s [&hellip;]\" \/>\n<meta property=\"og:url\" content=\"https:\/\/www.silutesnaujienos.lt\/lt\/maciku-lageriu-kompleksa-ketinama-perduoti-kauno-ix-forto-muziejui\/\" \/>\n<meta property=\"og:site_name\" content=\"\u0160ilut\u0117s naujienos\" \/>\n<meta property=\"article:publisher\" content=\"https:\/\/www.facebook.com\/silutes.naujienos\/\" \/>\n<meta property=\"article:published_time\" content=\"2026-09-01T13:00:34+00:00\" \/>\n<meta property=\"og:image\" content=\"https:\/\/www.silutesnaujienos.lt\/lt\/wp-content\/uploads\/2026\/08\/Maciku-1.jpg\" \/>\n\t<meta property=\"og:image:width\" content=\"2048\" \/>\n\t<meta property=\"og:image:height\" content=\"1536\" \/>\n\t<meta property=\"og:image:type\" content=\"image\/jpeg\" \/>\n<meta name=\"author\" content=\"\u0160ilut\u0117s naujien\u0173 inf.\" \/>\n<meta name=\"twitter:card\" content=\"summary_large_image\" \/>\n<meta name=\"twitter:label1\" content=\"Written by\" \/>\n\t<meta name=\"twitter:data1\" content=\"\u0160ilut\u0117s naujien\u0173 inf.\" \/>\n\t<meta name=\"twitter:label2\" content=\"Est. reading time\" \/>\n\t<meta name=\"twitter:data2\" content=\"2 minut\u0117s\" \/>\n<script type=\"application\/ld+json\" class=\"yoast-schema-graph\">{\"@context\":\"https:\\\/\\\/schema.org\",\"@graph\":[{\"@type\":\"Article\",\"@id\":\"https:\\\/\\\/www.silutesnaujienos.lt\\\/lt\\\/maciku-lageriu-kompleksa-ketinama-perduoti-kauno-ix-forto-muziejui\\\/#article\",\"isPartOf\":{\"@id\":\"https:\\\/\\\/www.silutesnaujienos.lt\\\/lt\\\/maciku-lageriu-kompleksa-ketinama-perduoti-kauno-ix-forto-muziejui\\\/\"},\"author\":{\"name\":\"\u0160ilut\u0117s naujien\u0173 inf.\",\"@id\":\"https:\\\/\\\/www.silutesnaujienos.lt\\\/lt\\\/#\\\/schema\\\/person\\\/976440ef837444400af3c77c19c61454\"},\"headline\":\"Macik\u0173 lageri\u0173 kompleks\u0105 ketinama perduoti Kauno IX forto muziejui\",\"datePublished\":\"2026-09-01T13:00:34+00:00\",\"mainEntityOfPage\":{\"@id\":\"https:\\\/\\\/www.silutesnaujienos.lt\\\/lt\\\/maciku-lageriu-kompleksa-ketinama-perduoti-kauno-ix-forto-muziejui\\\/\"},\"wordCount\":165,\"commentCount\":0,\"publisher\":{\"@id\":\"https:\\\/\\\/www.silutesnaujienos.lt\\\/lt\\\/#organization\"},\"image\":{\"@id\":\"https:\\\/\\\/www.silutesnaujienos.lt\\\/lt\\\/maciku-lageriu-kompleksa-ketinama-perduoti-kauno-ix-forto-muziejui\\\/#primaryimage\"},\"thumbnailUrl\":\"https:\\\/\\\/www.silutesnaujienos.lt\\\/lt\\\/wp-content\\\/uploads\\\/2026\\\/08\\\/Maciku-1.jpg\",\"keywords\":[\"Pirmasis\"],\"articleSection\":[\"ELTA\"],\"inLanguage\":\"lt-LT\",\"potentialAction\":[{\"@type\":\"CommentAction\",\"name\":\"Comment\",\"target\":[\"https:\\\/\\\/www.silutesnaujienos.lt\\\/lt\\\/maciku-lageriu-kompleksa-ketinama-perduoti-kauno-ix-forto-muziejui\\\/#respond\"]}]},{\"@type\":\"WebPage\",\"@id\":\"https:\\\/\\\/www.silutesnaujienos.lt\\\/lt\\\/maciku-lageriu-kompleksa-ketinama-perduoti-kauno-ix-forto-muziejui\\\/\",\"url\":\"https:\\\/\\\/www.silutesnaujienos.lt\\\/lt\\\/maciku-lageriu-kompleksa-ketinama-perduoti-kauno-ix-forto-muziejui\\\/\",\"name\":\"Macik\u0173 lageri\u0173 kompleks\u0105 ketinama perduoti Kauno IX forto muziejui - \u0160ilut\u0117s naujienos\",\"isPartOf\":{\"@id\":\"https:\\\/\\\/www.silutesnaujienos.lt\\\/lt\\\/#website\"},\"primaryImageOfPage\":{\"@id\":\"https:\\\/\\\/www.silutesnaujienos.lt\\\/lt\\\/maciku-lageriu-kompleksa-ketinama-perduoti-kauno-ix-forto-muziejui\\\/#primaryimage\"},\"image\":{\"@id\":\"https:\\\/\\\/www.silutesnaujienos.lt\\\/lt\\\/maciku-lageriu-kompleksa-ketinama-perduoti-kauno-ix-forto-muziejui\\\/#primaryimage\"},\"thumbnailUrl\":\"https:\\\/\\\/www.silutesnaujienos.lt\\\/lt\\\/wp-content\\\/uploads\\\/2026\\\/08\\\/Maciku-1.jpg\",\"datePublished\":\"2026-09-01T13:00:34+00:00\",\"breadcrumb\":{\"@id\":\"https:\\\/\\\/www.silutesnaujienos.lt\\\/lt\\\/maciku-lageriu-kompleksa-ketinama-perduoti-kauno-ix-forto-muziejui\\\/#breadcrumb\"},\"inLanguage\":\"lt-LT\",\"potentialAction\":[{\"@type\":\"ReadAction\",\"target\":[\"https:\\\/\\\/www.silutesnaujienos.lt\\\/lt\\\/maciku-lageriu-kompleksa-ketinama-perduoti-kauno-ix-forto-muziejui\\\/\"]}]},{\"@type\":\"ImageObject\",\"inLanguage\":\"lt-LT\",\"@id\":\"https:\\\/\\\/www.silutesnaujienos.lt\\\/lt\\\/maciku-lageriu-kompleksa-ketinama-perduoti-kauno-ix-forto-muziejui\\\/#primaryimage\",\"url\":\"https:\\\/\\\/www.silutesnaujienos.lt\\\/lt\\\/wp-content\\\/uploads\\\/2026\\\/08\\\/Maciku-1.jpg\",\"contentUrl\":\"https:\\\/\\\/www.silutesnaujienos.lt\\\/lt\\\/wp-content\\\/uploads\\\/2026\\\/08\\\/Maciku-1.jpg\",\"width\":2048,\"height\":1536},{\"@type\":\"BreadcrumbList\",\"@id\":\"https:\\\/\\\/www.silutesnaujienos.lt\\\/lt\\\/maciku-lageriu-kompleksa-ketinama-perduoti-kauno-ix-forto-muziejui\\\/#breadcrumb\",\"itemListElement\":[{\"@type\":\"ListItem\",\"position\":1,\"name\":\"Home\",\"item\":\"https:\\\/\\\/www.silutesnaujienos.lt\\\/lt\\\/\"},{\"@type\":\"ListItem\",\"position\":2,\"name\":\"Macik\u0173 lageri\u0173 kompleks\u0105 ketinama perduoti Kauno IX forto muziejui\"}]},{\"@type\":\"WebSite\",\"@id\":\"https:\\\/\\\/www.silutesnaujienos.lt\\\/lt\\\/#website\",\"url\":\"https:\\\/\\\/www.silutesnaujienos.lt\\\/lt\\\/\",\"name\":\"\u0160ilut\u0117s naujienos\",\"description\":\"B\u016bk ant naujien\u0173 bangos!\",\"publisher\":{\"@id\":\"https:\\\/\\\/www.silutesnaujienos.lt\\\/lt\\\/#organization\"},\"potentialAction\":[{\"@type\":\"SearchAction\",\"target\":{\"@type\":\"EntryPoint\",\"urlTemplate\":\"https:\\\/\\\/www.silutesnaujienos.lt\\\/lt\\\/?s={search_term_string}\"},\"query-input\":{\"@type\":\"PropertyValueSpecification\",\"valueRequired\":true,\"valueName\":\"search_term_string\"}}],\"inLanguage\":\"lt-LT\"},{\"@type\":\"Organization\",\"@id\":\"https:\\\/\\\/www.silutesnaujienos.lt\\\/lt\\\/#organization\",\"name\":\"\u0160ilut\u0117s naujienos\",\"url\":\"https:\\\/\\\/www.silutesnaujienos.lt\\\/lt\\\/\",\"logo\":{\"@type\":\"ImageObject\",\"inLanguage\":\"lt-LT\",\"@id\":\"https:\\\/\\\/www.silutesnaujienos.lt\\\/lt\\\/#\\\/schema\\\/logo\\\/image\\\/\",\"url\":\"https:\\\/\\\/www.silutesnaujienos.lt\\\/lt\\\/wp-content\\\/uploads\\\/2020\\\/06\\\/FB_MAIN.jpg\",\"contentUrl\":\"https:\\\/\\\/www.silutesnaujienos.lt\\\/lt\\\/wp-content\\\/uploads\\\/2020\\\/06\\\/FB_MAIN.jpg\",\"width\":1700,\"height\":956,\"caption\":\"\u0160ilut\u0117s naujienos\"},\"image\":{\"@id\":\"https:\\\/\\\/www.silutesnaujienos.lt\\\/lt\\\/#\\\/schema\\\/logo\\\/image\\\/\"},\"sameAs\":[\"https:\\\/\\\/www.facebook.com\\\/silutes.naujienos\\\/\",\"https:\\\/\\\/www.youtube.com\\\/channel\\\/UCxW-cgrJDt8GxIMxSTAfJZg\"]},{\"@type\":\"Person\",\"@id\":\"https:\\\/\\\/www.silutesnaujienos.lt\\\/lt\\\/#\\\/schema\\\/person\\\/976440ef837444400af3c77c19c61454\",\"name\":\"\u0160ilut\u0117s naujien\u0173 inf.\",\"image\":{\"@type\":\"ImageObject\",\"inLanguage\":\"lt-LT\",\"@id\":\"https:\\\/\\\/www.silutesnaujienos.lt\\\/lt\\\/wp-content\\\/uploads\\\/2020\\\/06\\\/favicon.png\",\"url\":\"https:\\\/\\\/www.silutesnaujienos.lt\\\/lt\\\/wp-content\\\/uploads\\\/2020\\\/06\\\/favicon.png\",\"contentUrl\":\"https:\\\/\\\/www.silutesnaujienos.lt\\\/lt\\\/wp-content\\\/uploads\\\/2020\\\/06\\\/favicon.png\",\"caption\":\"\u0160ilut\u0117s naujien\u0173 inf.\"},\"url\":\"https:\\\/\\\/www.silutesnaujienos.lt\\\/lt\\\/author\\\/vadas\\\/\"}]}<\/script>\n<!-- \/ Yoast SEO plugin. -->","yoast_head_json":{"title":"Macik\u0173 lageri\u0173 kompleks\u0105 ketinama perduoti Kauno IX forto muziejui - \u0160ilut\u0117s naujienos","robots":{"index":"index","follow":"follow","max-snippet":"max-snippet:-1","max-image-preview":"max-image-preview:large","max-video-preview":"max-video-preview:-1"},"canonical":"https:\/\/www.silutesnaujienos.lt\/lt\/maciku-lageriu-kompleksa-ketinama-perduoti-kauno-ix-forto-muziejui\/","og_locale":"lt_LT","og_type":"article","og_title":"Macik\u0173 lageri\u0173 kompleks\u0105 ketinama perduoti Kauno IX forto muziejui - \u0160ilut\u0117s naujienos","og_description":"Ministras su \u0160ilut\u0117s rajono savivaldyb\u0117s bei \u0160ilut\u0117s Hugo \u0160ojaus ir Kauno IX forto muziej\u0173 vadovais aptar\u0117 komplekso i\u0161saugojim\u0105, teritorijos tvarkym\u0105 bei jos perdavim\u0105 valstyb\u0117s nuosavyb\u0117n. L. Alsys pa\u017eym\u0117jo, kad Macik\u0173 lageri\u0173 kompleksas yra i\u0161skirtin\u0117s svarbos objektas, tod\u0117l jo prie\u017ei\u016bra ir \u012fveiklinimas reikalauja valstyb\u0117s lygmens d\u0117mesio bei kompleksini\u0173 sprendim\u0173. \u201e\u0160ios dienos susitikimuose su \u0160ilut\u0117s rajono savivaldyb\u0117s [&hellip;]","og_url":"https:\/\/www.silutesnaujienos.lt\/lt\/maciku-lageriu-kompleksa-ketinama-perduoti-kauno-ix-forto-muziejui\/","og_site_name":"\u0160ilut\u0117s naujienos","article_publisher":"https:\/\/www.facebook.com\/silutes.naujienos\/","article_published_time":"2026-09-01T13:00:34+00:00","og_image":[{"width":2048,"height":1536,"url":"https:\/\/www.silutesnaujienos.lt\/lt\/wp-content\/uploads\/2026\/08\/Maciku-1.jpg","type":"image\/jpeg"}],"author":"\u0160ilut\u0117s naujien\u0173 inf.","twitter_card":"summary_large_image","twitter_misc":{"Written by":"\u0160ilut\u0117s naujien\u0173 inf.","Est. reading time":"2 minut\u0117s"},"schema":{"@context":"https:\/\/schema.org","@graph":[{"@type":"Article","@id":"https:\/\/www.silutesnaujienos.lt\/lt\/maciku-lageriu-kompleksa-ketinama-perduoti-kauno-ix-forto-muziejui\/#article","isPartOf":{"@id":"https:\/\/www.silutesnaujienos.lt\/lt\/maciku-lageriu-kompleksa-ketinama-perduoti-kauno-ix-forto-muziejui\/"},"author":{"name":"\u0160ilut\u0117s naujien\u0173 inf.","@id":"https:\/\/www.silutesnaujienos.lt\/lt\/#\/schema\/person\/976440ef837444400af3c77c19c61454"},"headline":"Macik\u0173 lageri\u0173 kompleks\u0105 ketinama perduoti Kauno IX forto muziejui","datePublished":"2026-09-01T13:00:34+00:00","mainEntityOfPage":{"@id":"https:\/\/www.silutesnaujienos.lt\/lt\/maciku-lageriu-kompleksa-ketinama-perduoti-kauno-ix-forto-muziejui\/"},"wordCount":165,"commentCount":0,"publisher":{"@id":"https:\/\/www.silutesnaujienos.lt\/lt\/#organization"},"image":{"@id":"https:\/\/www.silutesnaujienos.lt\/lt\/maciku-lageriu-kompleksa-ketinama-perduoti-kauno-ix-forto-muziejui\/#primaryimage"},"thumbnailUrl":"https:\/\/www.silutesnaujienos.lt\/lt\/wp-content\/uploads\/2026\/08\/Maciku-1.jpg","keywords":["Pirmasis"],"articleSection":["ELTA"],"inLanguage":"lt-LT","potentialAction":[{"@type":"CommentAction","name":"Comment","target":["https:\/\/www.silutesnaujienos.lt\/lt\/maciku-lageriu-kompleksa-ketinama-perduoti-kauno-ix-forto-muziejui\/#respond"]}]},{"@type":"WebPage","@id":"https:\/\/www.silutesnaujienos.lt\/lt\/maciku-lageriu-kompleksa-ketinama-perduoti-kauno-ix-forto-muziejui\/","url":"https:\/\/www.silutesnaujienos.lt\/lt\/maciku-lageriu-kompleksa-ketinama-perduoti-kauno-ix-forto-muziejui\/","name":"Macik\u0173 lageri\u0173 kompleks\u0105 ketinama perduoti Kauno IX forto muziejui - \u0160ilut\u0117s naujienos","isPartOf":{"@id":"https:\/\/www.silutesnaujienos.lt\/lt\/#website"},"primaryImageOfPage":{"@id":"https:\/\/www.silutesnaujienos.lt\/lt\/maciku-lageriu-kompleksa-ketinama-perduoti-kauno-ix-forto-muziejui\/#primaryimage"},"image":{"@id":"https:\/\/www.silutesnaujienos.lt\/lt\/maciku-lageriu-kompleksa-ketinama-perduoti-kauno-ix-forto-muziejui\/#primaryimage"},"thumbnailUrl":"https:\/\/www.silutesnaujienos.lt\/lt\/wp-content\/uploads\/2026\/08\/Maciku-1.jpg","datePublished":"2026-09-01T13:00:34+00:00","breadcrumb":{"@id":"https:\/\/www.silutesnaujienos.lt\/lt\/maciku-lageriu-kompleksa-ketinama-perduoti-kauno-ix-forto-muziejui\/#breadcrumb"},"inLanguage":"lt-LT","potentialAction":[{"@type":"ReadAction","target":["https:\/\/www.silutesnaujienos.lt\/lt\/maciku-lageriu-kompleksa-ketinama-perduoti-kauno-ix-forto-muziejui\/"]}]},{"@type":"ImageObject","inLanguage":"lt-LT","@id":"https:\/\/www.silutesnaujienos.lt\/lt\/maciku-lageriu-kompleksa-ketinama-perduoti-kauno-ix-forto-muziejui\/#primaryimage","url":"https:\/\/www.silutesnaujienos.lt\/lt\/wp-content\/uploads\/2026\/08\/Maciku-1.jpg","contentUrl":"https:\/\/www.silutesnaujienos.lt\/lt\/wp-content\/uploads\/2026\/08\/Maciku-1.jpg","width":2048,"height":1536},{"@type":"BreadcrumbList","@id":"https:\/\/www.silutesnaujienos.lt\/lt\/maciku-lageriu-kompleksa-ketinama-perduoti-kauno-ix-forto-muziejui\/#breadcrumb","itemListElement":[{"@type":"ListItem","position":1,"name":"Home","item":"https:\/\/www.silutesnaujienos.lt\/lt\/"},{"@type":"ListItem","position":2,"name":"Macik\u0173 lageri\u0173 kompleks\u0105 ketinama perduoti Kauno IX forto muziejui"}]},{"@type":"WebSite","@id":"https:\/\/www.silutesnaujienos.lt\/lt\/#website","url":"https:\/\/www.silutesnaujienos.lt\/lt\/","name":"\u0160ilut\u0117s naujienos","description":"B\u016bk ant naujien\u0173 bangos!","publisher":{"@id":"https:\/\/www.silutesnaujienos.lt\/lt\/#organization"},"potentialAction":[{"@type":"SearchAction","target":{"@type":"EntryPoint","urlTemplate":"https:\/\/www.silutesnaujienos.lt\/lt\/?s={search_term_string}"},"query-input":{"@type":"PropertyValueSpecification","valueRequired":true,"valueName":"search_term_string"}}],"inLanguage":"lt-LT"},{"@type":"Organization","@id":"https:\/\/www.silutesnaujienos.lt\/lt\/#organization","name":"\u0160ilut\u0117s naujienos","url":"https:\/\/www.silutesnaujienos.lt\/lt\/","logo":{"@type":"ImageObject","inLanguage":"lt-LT","@id":"https:\/\/www.silutesnaujienos.lt\/lt\/#\/schema\/logo\/image\/","url":"https:\/\/www.silutesnaujienos.lt\/lt\/wp-content\/uploads\/2020\/06\/FB_MAIN.jpg","contentUrl":"https:\/\/www.silutesnaujienos.lt\/lt\/wp-content\/uploads\/2020\/06\/FB_MAIN.jpg","width":1700,"height":956,"caption":"\u0160ilut\u0117s naujienos"},"image":{"@id":"https:\/\/www.silutesnaujienos.lt\/lt\/#\/schema\/logo\/image\/"},"sameAs":["https:\/\/www.facebook.com\/silutes.naujienos\/","https:\/\/www.youtube.com\/channel\/UCxW-cgrJDt8GxIMxSTAfJZg"]},{"@type":"Person","@id":"https:\/\/www.silutesnaujienos.lt\/lt\/#\/schema\/person\/976440ef837444400af3c77c19c61454","name":"\u0160ilut\u0117s naujien\u0173 inf.","image":{"@type":"ImageObject","inLanguage":"lt-LT","@id":"https:\/\/www.silutesnaujienos.lt\/lt\/wp-content\/uploads\/2020\/06\/favicon.png","url":"https:\/\/www.silutesnaujienos.lt\/lt\/wp-content\/uploads\/2020\/06\/favicon.png","contentUrl":"https:\/\/www.silutesnaujienos.lt\/lt\/wp-content\/uploads\/2020\/06\/favicon.png","caption":"\u0160ilut\u0117s naujien\u0173 inf."},"url":"https:\/\/www.silutesnaujienos.lt\/lt\/author\/vadas\/"}]}},"publishpress_future_workflow_manual_trigger":{"enabledWorkflows":[]},"amp_enabled":true,"_links":{"self":[{"href":"https:\/\/www.silutesnaujienos.lt\/lt\/wp-json\/wp\/v2\/posts\/84117","targetHints":{"allow":["GET"]}}],"collection":[{"href":"https:\/\/www.silutesnaujienos.lt\/lt\/wp-json\/wp\/v2\/posts"}],"about":[{"href":"https:\/\/www.silutesnaujienos.lt\/lt\/wp-json\/wp\/v2\/types\/post"}],"author":[{"embeddable":true,"href":"https:\/\/www.silutesnaujienos.lt\/lt\/wp-json\/wp\/v2\/users\/2"}],"replies":[{"embeddable":true,"href":"https:\/\/www.silutesnaujienos.lt\/lt\/wp-json\/wp\/v2\/comments?post=84117"}],"version-history":[{"count":1,"href":"https:\/\/www.silutesnaujienos.lt\/lt\/wp-json\/wp\/v2\/posts\/84117\/revisions"}],"predecessor-version":[{"id":84119,"href":"https:\/\/www.silutesnaujienos.lt\/lt\/wp-json\/wp\/v2\/posts\/84117\/revisions\/84119"}],"wp:featuredmedia":[{"embeddable":true,"href":"https:\/\/www.silutesnaujienos.lt\/lt\/wp-json\/wp\/v2\/media\/84118"}],"wp:attachment":[{"href":"https:\/\/www.silutesnaujienos.lt\/lt\/wp-json\/wp\/v2\/media?parent=84117"}],"wp:term":[{"taxonomy":"category","embeddable":true,"href":"https:\/\/www.silutesnaujienos.lt\/lt\/wp-json\/wp\/v2\/categories?post=84117"},{"taxonomy":"post_tag","embeddable":true,"href":"https:\/\/www.silutesnaujienos.lt\/lt\/wp-json\/wp\/v2\/tags?post=84117"}],"curies":[{"name":"wp","href":"https:\/\/api.w.org\/{rel}","templated":true}]}}