{"id":8558,"date":"2012-10-26T15:30:26","date_gmt":"2012-10-26T17:30:26","guid":{"rendered":"https:\/\/www.silutesnaujienos.lt\/lt\/rusniskis-tvarkos-ir-teisingumo-partijos-narys-rinkejus-papirkinejo-degtine\/"},"modified":"2012-10-26T15:30:26","modified_gmt":"2012-10-26T17:30:26","slug":"rusniskis-tvarkos-ir-teisingumo-partijos-narys-rinkejus-papirkinejo-degtine","status":"publish","type":"post","link":"https:\/\/www.silutesnaujienos.lt\/lt\/rusniskis-tvarkos-ir-teisingumo-partijos-narys-rinkejus-papirkinejo-degtine\/","title":{"rendered":"Rusni\u0161kis Tvarkos ir teisingumo partijos narys rink\u0117jus papirkin\u0117jo degtine"},"content":{"rendered":"<p><a target=\"_blank\" rel=\"caption[Tvarkos ir teisingumo partijos narys, Rusn\u0117s gyventojas,43-ej\u0173 Viktoras Mertins u\u017e rink\u0117j\u0173 papirkin\u0117jim\u0105 s\u0117do \u012f teisiam\u0173j\u0173 suol\u0105. \/ Astos Alkait\u0117s nuotr.] noopener noreferrer\" class=\"jcepopup\" href=\"\/\/silutesnaujienos.lt\/images\/stories\/2012\/10\/26\/0Viktoras_Mertins.JPG\" data-rel=\"lightbox-gallery-ZrJVTwoT\" data-rl_title=\"\" data-rl_caption=\"\"><img loading=\"lazy\" decoding=\"async\" style=\"margin: 5px; float: left;\" class=\"caption\" title=\"\" alt=\"0Viktoras Mertins\" src=\"\/\/silutesnaujienos.lt\/images\/stories\/2012\/10\/26\/thumbnails\/thumb_0Viktoras_Mertins.JPG\" height=\"230\" width=\"307\" \/><\/a><strong><\/strong><\/p>\n<p><strong><em><span style=\"color: #ff0000;\">ATNAUJINTA 19.00<\/span><\/em> O u\u017e k\u0105 man tur\u0117t\u0173 partijos vadovyb\u0117 priekai\u0161tauti, ar kad a\u0161 jos labui dirbau, rizikavau?&nbsp; Pra\u0117jusi\u0105 nakt\u012f praleidau Taurag\u0117s are\u0161tin\u0117je, i\u0161 jos tiesiai \u012f teism\u0105 \u0161iandien buvau atve\u017etas. <\/strong><\/p>\n<p><strong>Prokuror\u0117 si\u016bl\u0117 6 m\u0117nesius vie\u0161\u0173j\u0173 darb\u0173, po 40 valand\u0173 kas m\u0117nes\u012f, bet teis\u0117ja gal neskirs, o i\u0161teisins?\u201c &#8211; vos i\u0161\u0117j\u0119s u\u017e \u0160ilut\u0117s teismo sal\u0117s dur\u0173 penktadien\u012f su \u0161ypsena prakalbo Tvarkos ir teisingumo partijos narys, Rusn\u0117s gyventojas, bedarbis dviej\u0173 mokyklinio am\u017eiaus vaik\u0173 t\u0117vas 43-ej\u0173 Viktoras Mertins.<\/strong><\/p>\n<p>Jis \u0161iandien s\u0117do \u012f teisiam\u0173j\u0173 suol\u0105, kuriame pagreitinto proceso tvarka i\u0161nagrin\u0117ta jo byla. Nuosprend\u012f \u0160ilut\u0117s apylink\u0117s teismo teis\u0117ja Nijol\u0117 Bagdonien\u0117 skelbs lapkri\u010dio 2-\u0105j\u0105.<\/p>\n<p>Ikiteismin\u012f tyrim\u0105 d\u0117l galimo rink\u0117j\u0173 papirkimo \u0160ilut\u0117s rajono policijos komisariato pareig\u016bnai prad\u0117jo vakar, spalio 25-\u0105j\u0105. Antr\u0105j\u0105 i\u0161ankstinio balsavimo rinkimuose \u012f Seim\u0105&nbsp; dien\u0105 jie sulaik\u0117 grup\u0119 asmen\u0173, kuriems galimai buvo pa\u017ead\u0117tas atlygis, jeigu \u0161ie balsuosi\u0105 u\u017e nurodyt\u0105 kandidat\u0105.<\/p>\n<p>Automobil\u012f \u201eOpel Vectra\u201c, kur\u012f vairavo V.Mertins ir kuriuo i\u0161 balsavimo vietos \u0160ilut\u0117je buvo ve\u017eami galimai papirkti du vyrai ir moteris, pareig\u016bnai sustabd\u0117 apie 14 val. Gaideli\u0173 kaime.<\/p>\n<p>Apklaus\u0173 policijoje metu automobilio keleiviai prisipa\u017eino, kad V.Mertins jiems pa\u017ead\u0117jo po 10-15 lit\u0173 arba po degtin\u0117s butel\u012f, jeigu jie balsuos u\u017e nurodyt\u0105 Tvarkos ir teisingumo partijos kandidat\u0105 K\u0119st\u0105 Komsk\u012f.<\/p>\n<p>Jis antrajame ture \u0160ilut\u0117s-Pag\u0117gi\u0173 rinkimin\u0117je apygardoje nr.32 d\u0117l vietos Seime rungiasi su socialdemokratu Art\u016bru Skard\u017eiumi.<\/p>\n<p>Vakar, ketvirtadien\u012f, V.Mertins buvo pareik\u0161ti \u012ftarimai d\u0117l bandymo papirkti asmenis, taip sutrukdant jiems pasinaudoti rinkim\u0173 teise. Rusni\u0161kis kalt\u0117s neneig\u0117 ir atvirai prisipa\u017eino \u017ead\u0117j\u0119s sumok\u0117ti pinigais ar degtine u\u017e tai, kad pa\u017e\u012fstami rusni\u0161kiai atiduot\u0173 savo bals\u0105 u\u017e K.Komsk\u012f.<\/p>\n<p>\u201eA\u0161 \u012f Tvarkos ir teisingumo partij\u0105 \u012fstojau prie\u0161 por\u0105 met\u0173, pa\u017e\u012fstu Seimo nario Komskio pad\u0117j\u0117j\u0105 Pavilon\u012f, pavaduotoj\u0105 Mar\u010diulion\u012f, bet jie man nedav\u0117 pinig\u0173 ir nepra\u0161\u0117 pirkti bals\u0173\u201c, &#8211; v\u0117l su \u0161ypsena \u017evelgdamas \u012f akis \u017eurnalistei \u0161iandien po teismo kalb\u0117jo V.Mertins.<\/p>\n<p>Atsid\u016br\u0119s teisiam\u0173j\u0173 suole, jis band\u0117 keisti parodymus ir \u0161velninti savo kalt\u0119, sakydamas, kad yra niekuo d\u0117tas, jog du jo pa\u017e\u012fstami Algis Radvinskas ir Aivaras Marozas panoro patys su juo va\u017eiuoti \u012f \u0160ilut\u0119 balsuoti u\u017e Tvarkos ir teisingumo partijos kandidat\u0105 K\u0119st\u0105 Komsk\u012f.<\/p>\n<p>\u201eA\u0161 jiems pasakiau, kad va\u017eiuoju balsuoti u\u017e Komsk\u012f, o gr\u012f\u017e\u0119s gersiu degtin\u0119. Tai jie irgi panoro. Aivaras dar ir draug\u0119 Laim\u0105 pasikviet\u0117. Nesupratau, kaip mus policija po balsavimo sulaik\u0117&#8230;\u201c &#8211; d\u0117st\u0117 V.Mertins. Bet tardamas paskutin\u012f \u017eod\u012f teisme, jis sak\u0117 atsipra\u0161antis u\u017e savo netinkam\u0105 poelg\u012f.<\/p>\n<p>Liudininkais baud\u017eiamojoje byloje tap\u0119 A.Radvinskas ir A.Marozas teisme paliudijo, jog jei ne V.Mertins si\u016blomas atlygis \u2013 pinigai arba degtin\u0117 \u2013 neb\u016bt\u0173 \u012f i\u0161ankstinio balsavimo viet\u0105, \u0160ilut\u0117s savivaldyb\u0117s sal\u0119, va\u017eiav\u0119 ir u\u017e K.Komsk\u012f balsav\u0119.<\/p>\n<p>\u201eA\u0161 ir pirmajame ture u\u017e j\u012f nebalsavau, i\u0161 viso \u012f rinkimus net n\u0117jau, b\u016b\u010diau ir \u0161\u012f kart\u0105 n\u0117j\u0119s,\u201c &#8211; raudoniu mu\u0161amas, dreban\u010diom l\u016bpom, vos nulaikydamas tirtan\u010dias rankas, teismo pos\u0117dyje kalb\u0117jo A.Marozas.<\/p>\n<p>\u0160is ligotas \u017emogus nei\u0161laik\u0117 \u012ftampos jau prie\u0161 pos\u0117d\u012f. Jam&nbsp; pasidar\u0117 bloga, teko kviesti greit\u0105j\u0105 pagalb\u0105. Medikai dav\u0117 raminam\u0173j\u0173, ir pos\u0117d\u012f \u017emogus i\u0161tv\u0117r\u0117.<\/p>\n<p>Vienintel\u0117 i\u0161 \u012ftariam\u0173j\u0173 papirkimu Laima Gustait\u0117 teisme kategori\u0161kai neig\u0117, jog buvo ve\u017eama balsuoti u\u017e K.Komsk\u012f u\u017e atlyg\u012f.<\/p>\n<p><a type=\"image\" class=\"jcepopup\" target=\"_blank\" rel=\"caption[Prokuror\u0117 A.Ali\u0161auskait\u0117. \/ Astos Alkait\u0117s nuotr.];group[a] noopener noreferrer\" href=\"\/\/silutesnaujienos.lt\/images\/stories\/2012\/10\/26\/Prokuror_A.Aliauskait.JPG\" data-rel=\"lightbox-gallery-ZrJVTwoT\" data-rl_title=\"\" data-rl_caption=\"\"><img loading=\"lazy\" decoding=\"async\" style=\"margin: 5px; vertical-align: middle;\" title=\"\" alt=\"Prokuror\u0117 A.Ali\u0161auskait\u0117. \/ Astos Alkait\u0117s nuotr.\" src=\"\/\/silutesnaujienos.lt\/images\/stories\/2012\/10\/26\/thumbnails\/thumb_Prokuror_A.Aliauskait.JPG\" height=\"150\" width=\"200\" \/><\/a><a class=\"jcepopup\" target=\"_blank\" rel=\"caption[Liudininkas A.Radvinskas. \/ Astos Alkait\u0117s nuotr.];group[a] caption[Kaltinamasis V.Mertins. noopener noreferrer\" href=\"\/\/silutesnaujienos.lt\/images\/stories\/2012\/10\/26\/20121026_160408.jpg\" data-rel=\"lightbox-gallery-ZrJVTwoT\" data-rl_title=\"\" data-rl_caption=\"\" title=\"\"><img loading=\"lazy\" decoding=\"async\" style=\"margin: 5px; vertical-align: middle;\" alt=\"Liudininkas A.Radvinskas\" src=\"\/\/silutesnaujienos.lt\/images\/stories\/2012\/10\/26\/thumbnails\/thumb_Liudininkas_A.Radvinskas.JPG\" height=\"150\" width=\"200\" \/><img loading=\"lazy\" decoding=\"async\" style=\"margin: 5px; vertical-align: middle;\" alt=\"20121026 160408\" src=\"\/\/silutesnaujienos.lt\/images\/stories\/2012\/10\/26\/thumbnails\/thumb_20121026_160408.jpg\" height=\"150\" width=\"200\" \/><\/a><a type=\"image\" class=\"jcepopup\" target=\"_blank\" rel=\"caption[A.Marozui teisme pasidar\u0117 bloga, teko kviesti greit\u0105j\u0105 pagalb\u0105. \/ Rolando \u017dalgevi\u010diaus nuotr.] noopener noreferrer\" href=\"\/\/silutesnaujienos.lt\/images\/stories\/2012\/10\/26\/R.zalgeviciaus.jpg\" data-rel=\"lightbox-gallery-ZrJVTwoT\" data-rl_title=\"\" data-rl_caption=\"\"><img loading=\"lazy\" decoding=\"async\" style=\"margin: 5px; vertical-align: middle;\" title=\"\" alt=\"R.zalgeviciaus\" src=\"\/\/silutesnaujienos.lt\/images\/stories\/2012\/10\/26\/thumbnails\/thumb_R.zalgeviciaus.jpg\" height=\"150\" width=\"200\" \/><\/a><\/p>\n<p><strong><em>2012 10 26 18.30<\/em> Taurag\u0117s apskrities vyriausiasis policijos komisariatas prane\u0161a, kad \u0160ilut\u0117s rajono policijos komisariato pareig\u016bnai pagreitinto proceso tvarka baig\u0117 ikiteismin\u012f tyrim\u0105 <a href=\"index.php\/home\/naujienos\/3713-animacijos-karavanas-lankysis-kintuose\">d\u0117l galimo rink\u0117j\u0173 papirkimo, kuris spalio 25 d., buvo u\u017efiksuotas \u0160ilut\u0117s rajone<\/a>. <\/strong><\/p>\n<p><strong>Grei\u010diau nei per par\u0105 laiko byla pasiek\u0117 teism\u0105 ir buvo i\u0161nagrin\u0117ta. U\u017e kur\u012f kandidat\u0105 buvo perkami balsai policija neatskleid\u017eia, motyvuodama ne\u0161ali\u0161kumu.<\/strong><strong><br \/><\/strong><\/p>\n<p><strong><\/strong>Spalio 25 d., vykstant rinkim\u0173 \u012f Lietuvos Respublikos Seim\u0105 antrojo turo i\u0161ankstiniam balsavimui, policijos pareig\u016bnai sulaik\u0117 grup\u0119 asmen\u0173, kuriems galimai buvo pa\u017ead\u0117tas atlygis, jeigu \u0161ie balsuosi\u0105 u\u017e nurodyt\u0105 kandidat\u0105 \u012f Seim\u0105.<\/p>\n<p>Automobil\u012f \u201eOpel Vectra\u201c, kuriuo i\u0161 balsavimo vietos buvo ve\u017eami min\u0117ti asmenys, pareig\u016bnai sustabd\u0117 apie 14 val. \u0160ilut\u0117s rajono Gaideli\u0173 k. Automobilio vairuotojas Rusn\u0117s miestelio gyventojas 48-eri\u0173 V.M. ir trys kartu va\u017eiav\u0119 keleiviai, taip pat rusni\u0161kiai, buvo pristatyti \u012f policijos komisariat\u0105. D\u0117l \u012fvykio pareig\u016bnai prad\u0117jo ikiteismin\u012f tyrim\u0105.<\/p>\n<p><a target=\"_blank\" rel=\"caption[\u0160ilut\u0117 renkasi i\u0161 dviej\u0173 kandidat\u0173. \/ Astos Alkait\u0117s nuotr.];group[a] noopener noreferrer\" class=\"jcepopup\" href=\"\/\/silutesnaujienos.lt\/images\/stories\/2012\/10\/26\/kandidatai.jpg\" data-rel=\"lightbox-gallery-ZrJVTwoT\" data-rl_title=\"\" data-rl_caption=\"\"><img loading=\"lazy\" decoding=\"async\" style=\"margin: 5px; float: left;\" class=\"caption\" title=\"\" alt=\"kandidatai\" src=\"\/\/silutesnaujienos.lt\/images\/stories\/2012\/10\/26\/thumbnails\/thumb_kandidatai.jpg\" height=\"230\" width=\"307\" \/><\/a>Apklaus\u0173 policijoje metu automobilio keleiviai prisipa\u017eino, kad vairuotojas V.M. jiems pa\u017ead\u0117jo 10-15 lit\u0173, jeigu jie balsuos u\u017e nurodyt\u0105 kandidat\u0105. T\u0105 pa\u010di\u0105 dien\u0105 V.M. buvo pareik\u0161ti \u012ftarimai d\u0117l bandymo papirkti asmenis taip sutrukdant jiems pasinaudoti rinkim\u0173 teise (Lietuvos Respublikos baud\u017eiamojo kodekso 172 str. Trukdymas pasinaudoti rinkim\u0173 ar referendumo teise).<\/p>\n<p>Penktadien\u012f tyrimas policijoje buvo baigtas, byla pagreitinto proceso tvarka perduota teismui.<\/p>\n<p>Taurag\u0117s AVPK atstov\u0117 spaudai Simona \u0160niauk\u0161tait\u0117 &#8222;\u0160ilut\u0117s naujienoms&#8221; sak\u0117, jog nor\u0117dama i\u0161likti ne\u0161ali\u0161ka policija negali nurodyti, u\u017e kur\u012f kandidat\u0105 &#8211; partijos Tvarka ir teisingumas atstov\u0105 K\u0119st\u0105 Komsk\u012f, ar socialdemokrat\u0105 Art\u016br\u0105 Skard\u017ei\u0173 &#8211; buvo perkami balsai.<\/p>\n<p>Paklausta, ar policija nesuinteresuota, jog pilie\u010diai prie\u0161 rinkimus turi teis\u0119 \u017einoti, kuris kandidatas pa\u017eeidin\u0117ja \u012fstatym\u0105 ir perka balsus, S.\u0160niauk\u0161tait\u0117 teig\u0117, jog \u0161iuo atveju jos nuomon\u0117 nesvarbi.<\/p>\n<p>Atstov\u0117 informavo, jog nuosprendis bus paskelbtas lapkri\u010dio 2 d.<\/p>\n<p>Antrojo rinkim\u0173 \u012f Seim\u0105 turo i\u0161ankstiniame balsavime \u0160ilut\u0117s\u2013Pag\u0117gi\u0173 apygardoje balsavo 930 rink\u0117j\u0173. Pirmajame ture, kai d\u0117l Seimo nario mandato \u0161ioje apygardoje var\u017e\u0117si 10 kandidat\u0173, per pirmas dvi i\u0161ankstinio balsavimo dienas savo bals\u0105 atidav\u0117 1473 rink\u0117jai.<\/p>\n","protected":false},"excerpt":{"rendered":"<p>ATNAUJINTA 19.00 O u\u017e k\u0105 man tur\u0117t\u0173 partijos vadovyb\u0117 priekai\u0161tauti, ar kad a\u0161 jos labui dirbau, rizikavau?&nbsp; Pra\u0117jusi\u0105 nakt\u012f praleidau Taurag\u0117s are\u0161tin\u0117je, i\u0161 jos tiesiai \u012f teism\u0105 \u0161iandien buvau atve\u017etas. Prokuror\u0117 si\u016bl\u0117 6 m\u0117nesius vie\u0161\u0173j\u0173 darb\u0173, po 40 valand\u0173 kas m\u0117nes\u012f, bet teis\u0117ja gal neskirs, o i\u0161teisins?\u201c &#8211; vos i\u0161\u0117j\u0119s u\u017e \u0160ilut\u0117s teismo sal\u0117s dur\u0173 [&hellip;]<\/p>\n","protected":false},"author":1,"featured_media":0,"comment_status":"open","ping_status":"open","sticky":false,"template":"","format":"standard","meta":{"footnotes":""},"categories":[48],"tags":[],"class_list":{"0":"post-8558","1":"post","2":"type-post","3":"status-publish","4":"format-standard","6":"category-teisetvarka"},"yoast_head":"<!-- This site is optimized with the Yoast SEO plugin v27.5 - https:\/\/yoast.com\/product\/yoast-seo-wordpress\/ -->\n<title>Rusni\u0161kis Tvarkos ir teisingumo partijos narys rink\u0117jus papirkin\u0117jo degtine - \u0160ilut\u0117s naujienos<\/title>\n<meta name=\"robots\" content=\"index, follow, max-snippet:-1, max-image-preview:large, max-video-preview:-1\" \/>\n<link rel=\"canonical\" href=\"https:\/\/www.silutesnaujienos.lt\/lt\/rusniskis-tvarkos-ir-teisingumo-partijos-narys-rinkejus-papirkinejo-degtine\/\" \/>\n<meta property=\"og:locale\" content=\"lt_LT\" \/>\n<meta property=\"og:type\" content=\"article\" \/>\n<meta property=\"og:title\" content=\"Rusni\u0161kis Tvarkos ir teisingumo partijos narys rink\u0117jus papirkin\u0117jo degtine - \u0160ilut\u0117s naujienos\" \/>\n<meta property=\"og:description\" content=\"ATNAUJINTA 19.00 O u\u017e k\u0105 man tur\u0117t\u0173 partijos vadovyb\u0117 priekai\u0161tauti, ar kad a\u0161 jos labui dirbau, rizikavau?&nbsp; Pra\u0117jusi\u0105 nakt\u012f praleidau Taurag\u0117s are\u0161tin\u0117je, i\u0161 jos tiesiai \u012f teism\u0105 \u0161iandien buvau atve\u017etas. Prokuror\u0117 si\u016bl\u0117 6 m\u0117nesius vie\u0161\u0173j\u0173 darb\u0173, po 40 valand\u0173 kas m\u0117nes\u012f, bet teis\u0117ja gal neskirs, o i\u0161teisins?\u201c &#8211; vos i\u0161\u0117j\u0119s u\u017e \u0160ilut\u0117s teismo sal\u0117s dur\u0173 [&hellip;]\" \/>\n<meta property=\"og:url\" content=\"https:\/\/www.silutesnaujienos.lt\/lt\/rusniskis-tvarkos-ir-teisingumo-partijos-narys-rinkejus-papirkinejo-degtine\/\" \/>\n<meta property=\"og:site_name\" content=\"\u0160ilut\u0117s naujienos\" \/>\n<meta property=\"article:publisher\" content=\"https:\/\/www.facebook.com\/silutes.naujienos\/\" \/>\n<meta property=\"article:published_time\" content=\"2012-10-26T17:30:26+00:00\" \/>\n<meta property=\"og:image\" content=\"\/\/silutesnaujienos.lt\/images\/stories\/2012\/10\/26\/thumbnails\/thumb_0Viktoras_Mertins.JPG\" \/>\n<meta name=\"author\" content=\"\u0160ilut\u0117s naujien\u0173 inf.\" \/>\n<meta name=\"twitter:card\" content=\"summary_large_image\" \/>\n<meta name=\"twitter:label1\" content=\"Written by\" \/>\n\t<meta name=\"twitter:data1\" content=\"\u0160ilut\u0117s naujien\u0173 inf.\" \/>\n\t<meta name=\"twitter:label2\" content=\"Est. reading time\" \/>\n\t<meta name=\"twitter:data2\" content=\"5 minut\u0117s\" \/>\n<script type=\"application\/ld+json\" class=\"yoast-schema-graph\">{\"@context\":\"https:\\\/\\\/schema.org\",\"@graph\":[{\"@type\":\"Article\",\"@id\":\"https:\\\/\\\/www.silutesnaujienos.lt\\\/lt\\\/rusniskis-tvarkos-ir-teisingumo-partijos-narys-rinkejus-papirkinejo-degtine\\\/#article\",\"isPartOf\":{\"@id\":\"https:\\\/\\\/www.silutesnaujienos.lt\\\/lt\\\/rusniskis-tvarkos-ir-teisingumo-partijos-narys-rinkejus-papirkinejo-degtine\\\/\"},\"author\":{\"name\":\"\u0160ilut\u0117s naujien\u0173 inf.\",\"@id\":\"https:\\\/\\\/www.silutesnaujienos.lt\\\/lt\\\/#\\\/schema\\\/person\\\/232f475ddd4a7b5f49b3abc788b17e83\"},\"headline\":\"Rusni\u0161kis Tvarkos ir teisingumo partijos narys rink\u0117jus papirkin\u0117jo degtine\",\"datePublished\":\"2012-10-26T17:30:26+00:00\",\"mainEntityOfPage\":{\"@id\":\"https:\\\/\\\/www.silutesnaujienos.lt\\\/lt\\\/rusniskis-tvarkos-ir-teisingumo-partijos-narys-rinkejus-papirkinejo-degtine\\\/\"},\"wordCount\":933,\"commentCount\":0,\"publisher\":{\"@id\":\"https:\\\/\\\/www.silutesnaujienos.lt\\\/lt\\\/#organization\"},\"articleSection\":[\"Teis\u0117tvarka\"],\"inLanguage\":\"lt-LT\",\"potentialAction\":[{\"@type\":\"CommentAction\",\"name\":\"Comment\",\"target\":[\"https:\\\/\\\/www.silutesnaujienos.lt\\\/lt\\\/rusniskis-tvarkos-ir-teisingumo-partijos-narys-rinkejus-papirkinejo-degtine\\\/#respond\"]}]},{\"@type\":\"WebPage\",\"@id\":\"https:\\\/\\\/www.silutesnaujienos.lt\\\/lt\\\/rusniskis-tvarkos-ir-teisingumo-partijos-narys-rinkejus-papirkinejo-degtine\\\/\",\"url\":\"https:\\\/\\\/www.silutesnaujienos.lt\\\/lt\\\/rusniskis-tvarkos-ir-teisingumo-partijos-narys-rinkejus-papirkinejo-degtine\\\/\",\"name\":\"Rusni\u0161kis Tvarkos ir teisingumo partijos narys rink\u0117jus papirkin\u0117jo degtine - \u0160ilut\u0117s naujienos\",\"isPartOf\":{\"@id\":\"https:\\\/\\\/www.silutesnaujienos.lt\\\/lt\\\/#website\"},\"datePublished\":\"2012-10-26T17:30:26+00:00\",\"breadcrumb\":{\"@id\":\"https:\\\/\\\/www.silutesnaujienos.lt\\\/lt\\\/rusniskis-tvarkos-ir-teisingumo-partijos-narys-rinkejus-papirkinejo-degtine\\\/#breadcrumb\"},\"inLanguage\":\"lt-LT\",\"potentialAction\":[{\"@type\":\"ReadAction\",\"target\":[\"https:\\\/\\\/www.silutesnaujienos.lt\\\/lt\\\/rusniskis-tvarkos-ir-teisingumo-partijos-narys-rinkejus-papirkinejo-degtine\\\/\"]}]},{\"@type\":\"BreadcrumbList\",\"@id\":\"https:\\\/\\\/www.silutesnaujienos.lt\\\/lt\\\/rusniskis-tvarkos-ir-teisingumo-partijos-narys-rinkejus-papirkinejo-degtine\\\/#breadcrumb\",\"itemListElement\":[{\"@type\":\"ListItem\",\"position\":1,\"name\":\"Home\",\"item\":\"https:\\\/\\\/www.silutesnaujienos.lt\\\/lt\\\/\"},{\"@type\":\"ListItem\",\"position\":2,\"name\":\"Rusni\u0161kis Tvarkos ir teisingumo partijos narys rink\u0117jus papirkin\u0117jo degtine\"}]},{\"@type\":\"WebSite\",\"@id\":\"https:\\\/\\\/www.silutesnaujienos.lt\\\/lt\\\/#website\",\"url\":\"https:\\\/\\\/www.silutesnaujienos.lt\\\/lt\\\/\",\"name\":\"\u0160ilut\u0117s naujienos\",\"description\":\"B\u016bk ant naujien\u0173 bangos!\",\"publisher\":{\"@id\":\"https:\\\/\\\/www.silutesnaujienos.lt\\\/lt\\\/#organization\"},\"potentialAction\":[{\"@type\":\"SearchAction\",\"target\":{\"@type\":\"EntryPoint\",\"urlTemplate\":\"https:\\\/\\\/www.silutesnaujienos.lt\\\/lt\\\/?s={search_term_string}\"},\"query-input\":{\"@type\":\"PropertyValueSpecification\",\"valueRequired\":true,\"valueName\":\"search_term_string\"}}],\"inLanguage\":\"lt-LT\"},{\"@type\":\"Organization\",\"@id\":\"https:\\\/\\\/www.silutesnaujienos.lt\\\/lt\\\/#organization\",\"name\":\"\u0160ilut\u0117s naujienos\",\"url\":\"https:\\\/\\\/www.silutesnaujienos.lt\\\/lt\\\/\",\"logo\":{\"@type\":\"ImageObject\",\"inLanguage\":\"lt-LT\",\"@id\":\"https:\\\/\\\/www.silutesnaujienos.lt\\\/lt\\\/#\\\/schema\\\/logo\\\/image\\\/\",\"url\":\"https:\\\/\\\/www.silutesnaujienos.lt\\\/lt\\\/wp-content\\\/uploads\\\/2020\\\/06\\\/FB_MAIN.jpg\",\"contentUrl\":\"https:\\\/\\\/www.silutesnaujienos.lt\\\/lt\\\/wp-content\\\/uploads\\\/2020\\\/06\\\/FB_MAIN.jpg\",\"width\":1700,\"height\":956,\"caption\":\"\u0160ilut\u0117s naujienos\"},\"image\":{\"@id\":\"https:\\\/\\\/www.silutesnaujienos.lt\\\/lt\\\/#\\\/schema\\\/logo\\\/image\\\/\"},\"sameAs\":[\"https:\\\/\\\/www.facebook.com\\\/silutes.naujienos\\\/\",\"https:\\\/\\\/www.youtube.com\\\/channel\\\/UCxW-cgrJDt8GxIMxSTAfJZg\"]},{\"@type\":\"Person\",\"@id\":\"https:\\\/\\\/www.silutesnaujienos.lt\\\/lt\\\/#\\\/schema\\\/person\\\/232f475ddd4a7b5f49b3abc788b17e83\",\"name\":\"\u0160ilut\u0117s naujien\u0173 inf.\",\"image\":{\"@type\":\"ImageObject\",\"inLanguage\":\"lt-LT\",\"@id\":\"https:\\\/\\\/www.silutesnaujienos.lt\\\/lt\\\/wp-content\\\/uploads\\\/2020\\\/06\\\/favicon.png\",\"url\":\"https:\\\/\\\/www.silutesnaujienos.lt\\\/lt\\\/wp-content\\\/uploads\\\/2020\\\/06\\\/favicon.png\",\"contentUrl\":\"https:\\\/\\\/www.silutesnaujienos.lt\\\/lt\\\/wp-content\\\/uploads\\\/2020\\\/06\\\/favicon.png\",\"caption\":\"\u0160ilut\u0117s naujien\u0173 inf.\"},\"sameAs\":[\"https:\\\/\\\/www.silutesnaujienos.lt\\\/lt\"],\"url\":\"https:\\\/\\\/www.silutesnaujienos.lt\\\/lt\\\/author\\\/ruta\\\/\"}]}<\/script>\n<!-- \/ Yoast SEO plugin. -->","yoast_head_json":{"title":"Rusni\u0161kis Tvarkos ir teisingumo partijos narys rink\u0117jus papirkin\u0117jo degtine - \u0160ilut\u0117s naujienos","robots":{"index":"index","follow":"follow","max-snippet":"max-snippet:-1","max-image-preview":"max-image-preview:large","max-video-preview":"max-video-preview:-1"},"canonical":"https:\/\/www.silutesnaujienos.lt\/lt\/rusniskis-tvarkos-ir-teisingumo-partijos-narys-rinkejus-papirkinejo-degtine\/","og_locale":"lt_LT","og_type":"article","og_title":"Rusni\u0161kis Tvarkos ir teisingumo partijos narys rink\u0117jus papirkin\u0117jo degtine - \u0160ilut\u0117s naujienos","og_description":"ATNAUJINTA 19.00 O u\u017e k\u0105 man tur\u0117t\u0173 partijos vadovyb\u0117 priekai\u0161tauti, ar kad a\u0161 jos labui dirbau, rizikavau?&nbsp; Pra\u0117jusi\u0105 nakt\u012f praleidau Taurag\u0117s are\u0161tin\u0117je, i\u0161 jos tiesiai \u012f teism\u0105 \u0161iandien buvau atve\u017etas. Prokuror\u0117 si\u016bl\u0117 6 m\u0117nesius vie\u0161\u0173j\u0173 darb\u0173, po 40 valand\u0173 kas m\u0117nes\u012f, bet teis\u0117ja gal neskirs, o i\u0161teisins?\u201c &#8211; vos i\u0161\u0117j\u0119s u\u017e \u0160ilut\u0117s teismo sal\u0117s dur\u0173 [&hellip;]","og_url":"https:\/\/www.silutesnaujienos.lt\/lt\/rusniskis-tvarkos-ir-teisingumo-partijos-narys-rinkejus-papirkinejo-degtine\/","og_site_name":"\u0160ilut\u0117s naujienos","article_publisher":"https:\/\/www.facebook.com\/silutes.naujienos\/","article_published_time":"2012-10-26T17:30:26+00:00","og_image":[{"url":"\/\/silutesnaujienos.lt\/images\/stories\/2012\/10\/26\/thumbnails\/thumb_0Viktoras_Mertins.JPG","type":"","width":"","height":""}],"author":"\u0160ilut\u0117s naujien\u0173 inf.","twitter_card":"summary_large_image","twitter_misc":{"Written by":"\u0160ilut\u0117s naujien\u0173 inf.","Est. reading time":"5 minut\u0117s"},"schema":{"@context":"https:\/\/schema.org","@graph":[{"@type":"Article","@id":"https:\/\/www.silutesnaujienos.lt\/lt\/rusniskis-tvarkos-ir-teisingumo-partijos-narys-rinkejus-papirkinejo-degtine\/#article","isPartOf":{"@id":"https:\/\/www.silutesnaujienos.lt\/lt\/rusniskis-tvarkos-ir-teisingumo-partijos-narys-rinkejus-papirkinejo-degtine\/"},"author":{"name":"\u0160ilut\u0117s naujien\u0173 inf.","@id":"https:\/\/www.silutesnaujienos.lt\/lt\/#\/schema\/person\/232f475ddd4a7b5f49b3abc788b17e83"},"headline":"Rusni\u0161kis Tvarkos ir teisingumo partijos narys rink\u0117jus papirkin\u0117jo degtine","datePublished":"2012-10-26T17:30:26+00:00","mainEntityOfPage":{"@id":"https:\/\/www.silutesnaujienos.lt\/lt\/rusniskis-tvarkos-ir-teisingumo-partijos-narys-rinkejus-papirkinejo-degtine\/"},"wordCount":933,"commentCount":0,"publisher":{"@id":"https:\/\/www.silutesnaujienos.lt\/lt\/#organization"},"articleSection":["Teis\u0117tvarka"],"inLanguage":"lt-LT","potentialAction":[{"@type":"CommentAction","name":"Comment","target":["https:\/\/www.silutesnaujienos.lt\/lt\/rusniskis-tvarkos-ir-teisingumo-partijos-narys-rinkejus-papirkinejo-degtine\/#respond"]}]},{"@type":"WebPage","@id":"https:\/\/www.silutesnaujienos.lt\/lt\/rusniskis-tvarkos-ir-teisingumo-partijos-narys-rinkejus-papirkinejo-degtine\/","url":"https:\/\/www.silutesnaujienos.lt\/lt\/rusniskis-tvarkos-ir-teisingumo-partijos-narys-rinkejus-papirkinejo-degtine\/","name":"Rusni\u0161kis Tvarkos ir teisingumo partijos narys rink\u0117jus papirkin\u0117jo degtine - \u0160ilut\u0117s naujienos","isPartOf":{"@id":"https:\/\/www.silutesnaujienos.lt\/lt\/#website"},"datePublished":"2012-10-26T17:30:26+00:00","breadcrumb":{"@id":"https:\/\/www.silutesnaujienos.lt\/lt\/rusniskis-tvarkos-ir-teisingumo-partijos-narys-rinkejus-papirkinejo-degtine\/#breadcrumb"},"inLanguage":"lt-LT","potentialAction":[{"@type":"ReadAction","target":["https:\/\/www.silutesnaujienos.lt\/lt\/rusniskis-tvarkos-ir-teisingumo-partijos-narys-rinkejus-papirkinejo-degtine\/"]}]},{"@type":"BreadcrumbList","@id":"https:\/\/www.silutesnaujienos.lt\/lt\/rusniskis-tvarkos-ir-teisingumo-partijos-narys-rinkejus-papirkinejo-degtine\/#breadcrumb","itemListElement":[{"@type":"ListItem","position":1,"name":"Home","item":"https:\/\/www.silutesnaujienos.lt\/lt\/"},{"@type":"ListItem","position":2,"name":"Rusni\u0161kis Tvarkos ir teisingumo partijos narys rink\u0117jus papirkin\u0117jo degtine"}]},{"@type":"WebSite","@id":"https:\/\/www.silutesnaujienos.lt\/lt\/#website","url":"https:\/\/www.silutesnaujienos.lt\/lt\/","name":"\u0160ilut\u0117s naujienos","description":"B\u016bk ant naujien\u0173 bangos!","publisher":{"@id":"https:\/\/www.silutesnaujienos.lt\/lt\/#organization"},"potentialAction":[{"@type":"SearchAction","target":{"@type":"EntryPoint","urlTemplate":"https:\/\/www.silutesnaujienos.lt\/lt\/?s={search_term_string}"},"query-input":{"@type":"PropertyValueSpecification","valueRequired":true,"valueName":"search_term_string"}}],"inLanguage":"lt-LT"},{"@type":"Organization","@id":"https:\/\/www.silutesnaujienos.lt\/lt\/#organization","name":"\u0160ilut\u0117s naujienos","url":"https:\/\/www.silutesnaujienos.lt\/lt\/","logo":{"@type":"ImageObject","inLanguage":"lt-LT","@id":"https:\/\/www.silutesnaujienos.lt\/lt\/#\/schema\/logo\/image\/","url":"https:\/\/www.silutesnaujienos.lt\/lt\/wp-content\/uploads\/2020\/06\/FB_MAIN.jpg","contentUrl":"https:\/\/www.silutesnaujienos.lt\/lt\/wp-content\/uploads\/2020\/06\/FB_MAIN.jpg","width":1700,"height":956,"caption":"\u0160ilut\u0117s naujienos"},"image":{"@id":"https:\/\/www.silutesnaujienos.lt\/lt\/#\/schema\/logo\/image\/"},"sameAs":["https:\/\/www.facebook.com\/silutes.naujienos\/","https:\/\/www.youtube.com\/channel\/UCxW-cgrJDt8GxIMxSTAfJZg"]},{"@type":"Person","@id":"https:\/\/www.silutesnaujienos.lt\/lt\/#\/schema\/person\/232f475ddd4a7b5f49b3abc788b17e83","name":"\u0160ilut\u0117s naujien\u0173 inf.","image":{"@type":"ImageObject","inLanguage":"lt-LT","@id":"https:\/\/www.silutesnaujienos.lt\/lt\/wp-content\/uploads\/2020\/06\/favicon.png","url":"https:\/\/www.silutesnaujienos.lt\/lt\/wp-content\/uploads\/2020\/06\/favicon.png","contentUrl":"https:\/\/www.silutesnaujienos.lt\/lt\/wp-content\/uploads\/2020\/06\/favicon.png","caption":"\u0160ilut\u0117s naujien\u0173 inf."},"sameAs":["https:\/\/www.silutesnaujienos.lt\/lt"],"url":"https:\/\/www.silutesnaujienos.lt\/lt\/author\/ruta\/"}]}},"publishpress_future_workflow_manual_trigger":{"enabledWorkflows":[]},"amp_enabled":true,"_links":{"self":[{"href":"https:\/\/www.silutesnaujienos.lt\/lt\/wp-json\/wp\/v2\/posts\/8558","targetHints":{"allow":["GET"]}}],"collection":[{"href":"https:\/\/www.silutesnaujienos.lt\/lt\/wp-json\/wp\/v2\/posts"}],"about":[{"href":"https:\/\/www.silutesnaujienos.lt\/lt\/wp-json\/wp\/v2\/types\/post"}],"author":[{"embeddable":true,"href":"https:\/\/www.silutesnaujienos.lt\/lt\/wp-json\/wp\/v2\/users\/1"}],"replies":[{"embeddable":true,"href":"https:\/\/www.silutesnaujienos.lt\/lt\/wp-json\/wp\/v2\/comments?post=8558"}],"version-history":[{"count":0,"href":"https:\/\/www.silutesnaujienos.lt\/lt\/wp-json\/wp\/v2\/posts\/8558\/revisions"}],"wp:attachment":[{"href":"https:\/\/www.silutesnaujienos.lt\/lt\/wp-json\/wp\/v2\/media?parent=8558"}],"wp:term":[{"taxonomy":"category","embeddable":true,"href":"https:\/\/www.silutesnaujienos.lt\/lt\/wp-json\/wp\/v2\/categories?post=8558"},{"taxonomy":"post_tag","embeddable":true,"href":"https:\/\/www.silutesnaujienos.lt\/lt\/wp-json\/wp\/v2\/tags?post=8558"}],"curies":[{"name":"wp","href":"https:\/\/api.w.org\/{rel}","templated":true}]}}