{"id":8581,"date":"2013-01-18T10:00:00","date_gmt":"2013-01-18T12:00:00","guid":{"rendered":"https:\/\/www.silutesnaujienos.lt\/lt\/kiaules-ausys-prikaltos-prie-sinagogos-sveksniskiui-gali-atsieiti-13-tukst-litu\/"},"modified":"2013-01-18T10:00:00","modified_gmt":"2013-01-18T12:00:00","slug":"kiaules-ausys-prikaltos-prie-sinagogos-sveksniskiui-gali-atsieiti-13-tukst-litu","status":"publish","type":"post","link":"https:\/\/www.silutesnaujienos.lt\/lt\/kiaules-ausys-prikaltos-prie-sinagogos-sveksniskiui-gali-atsieiti-13-tukst-litu\/","title":{"rendered":"Kiaul\u0117s ausys, prikaltos prie sinagogos, \u0161v\u0117k\u0161ni\u0161kiui gali atsieiti 13 t\u016bkst. lit\u0173"},"content":{"rendered":"<p><a target=\"_blank\" rel=\"caption[Apklausiamas vyras pareig\u016bnams prisipa\u017eino i\u0161 vakaro girtav\u0119s, o nakt\u012f gyvulio ausis prikal\u0119s prie sinagogos dur\u0173. \/ Jono Girskio (sveksna.com) nuotrauka.] noopener noreferrer\" class=\"jcepopup\" href=\"\/\/silutesnaujienos.lt\/images\/stories\/2013\/01\/18\/sveksnos_sinagoga_kiaules_ausys.jpg\" data-rel=\"lightbox-gallery-K2OpCOJQ\" data-rl_title=\"\" data-rl_caption=\"\"><img loading=\"lazy\" decoding=\"async\" style=\"margin: 5px; float: left;\" class=\"caption\" title=\"\" alt=\"sveksnos sinagoga kiaules ausys\" src=\"\/\/silutesnaujienos.lt\/images\/stories\/2013\/01\/18\/thumbnails\/thumb_sveksnos_sinagoga_kiaules_ausys.jpg\" height=\"230\" width=\"307\" \/><\/a><strong>U\u017e tai, kad ant buvusios \u0160v\u0117k\u0161nos sinagogos prikal\u0117 dvi kiaul\u0117s ausis, \u0160v\u0117k\u0161nos gyventojui teks atsakyti baud\u017eiam\u0105ja tvarka. Klaip\u0117dos apygardos prokurat\u016bra informuoja, jog kaltininkui pra\u0161oma skirti 13 t\u016bkst. lit\u0173 baud\u0105. <\/strong><br \/>&nbsp; <br \/><strong>\u0160ilut\u0117s prokuror\u0117 baig\u0117 ikiteismin\u012f tyrim\u0105 d\u0117l kurstymo prie\u0161 bet kokios tautos, ras\u0117s, etnin\u0119, religin\u0119 ar kitoki\u0105 \u017emoni\u0173 grup\u0119 (LR BK 170 str. 2 d.) ir u\u017e min\u0117t\u0105 nusikalstam\u0105 veik\u0105 teismo pra\u0161o kaltininkui skirti 13 t\u016bkst. lit\u0173 baud\u0105.<\/strong><\/p>\n<p>45 m. neteistas \u0160v\u0117k\u0161nos gyventojas R.B. baud\u017eiamojon atsakomyb\u0117n patrauktas u\u017e tai, kad pra\u0117jusi\u0173 met\u0173 rugs\u0117jo 26 d. \u0160v\u0117k\u0161nos miestelyje skatino neapykant\u0105 \u017eyd\u0173 tautyb\u0117s asmen\u0173 at\u017evilgiu. Jis vakare prie buvusi\u0173 \u017eyd\u0173 maldos nam\u0173 &#8211; sinagogos &#8211; dur\u0173 prikal\u0117 dvi \u0161vie\u017eiai skerstos kiaul\u0117s ausis.<\/p>\n<p>Apklaustas R.B. kaltu prisipa\u017eino visi\u0161kai. Savo poelgio prie\u017easties nurodyti jis negal\u0117jo, nes nusikaltimo padarymo metu buvo apsvaig\u0119s nuo alkoholio. \u012etariamasis d\u0117l padarytos nusikalstamos veikos labai gail\u0117josi ir sutiko, kad procesas b\u016bt\u0173 u\u017ebaigtas teismo baud\u017eiamuoju \u012fsakymu.<\/p>\n<p>\u201e\u0160ia nusikalstama veika siekta pa\u017eeminti kitos tautyb\u0117s \u017emones, tod\u0117l ji sulauk\u0117 deramo teis\u0117saugos d\u0117mesio. Pareig\u016bnai turi b\u016bti ir yra pasiruo\u0161\u0119 atskleisti tokio pob\u016bd\u017eio veikas, nepriklausomai nuo j\u0173 padarymo b\u016bdo ar formos. <\/p>\n<p>Kita vertus, nukent\u0117jusi\u0173j\u0173 asmen\u0173 ar grupi\u0173 aktyvumas, informuojant teis\u0117saug\u0105 apie \u012f\u017eeid\u017eian\u010dius komentarus, paty\u010dias rodo, kad \u012f nusikaltimus asmen\u0173 lygiateisi\u0161kumui m\u016bs\u0173 visuomen\u0117je reaguojama labai jautriai\u201c, &#8211; sak\u0117 Klaip\u0117dos apygardos vyriausiasis prokuroras Giedrius Dan\u0117lius.<\/p>\n<p>Akibrok\u0161tas prie\u0161 \u017eydus \u0160v\u0117k\u0161nos miestelyje jau nebe pirmas. 2010-\u0173j\u0173 pavasar\u012f ant sinagogos dur\u0173 buvo prikalta raudona v\u0117liava su nacistine simbolika &#8211; juoda svastika baltame fone. Tuomet i\u0161puolis sutapo su \u017eyd\u0173 tautos genocid\u0105 vykd\u017eiusio nacistin\u0117s Vokietijos vado Adolfo Hitlerio gimimo diena. Maldos namus i\u0161niekin\u0119s \u017emogus liko nesurastas ir nenubaustas.<\/p>\n<p>Informatikos ir ry\u0161i\u0173 departamento duomenimis, 2012 m. Lietuvoje buvo prad\u0117ti 266 ikiteisminiai tyrimai d\u0117l kurstymo prie\u0161 bet kokios tautos, ras\u0117s, etnin\u0119, religin\u0119 ar kitoki\u0105 \u017emoni\u0173 grup\u0119, 71 i\u0161 j\u0173 perduotas teismui.<\/p>\n","protected":false},"excerpt":{"rendered":"<p>U\u017e tai, kad ant buvusios \u0160v\u0117k\u0161nos sinagogos prikal\u0117 dvi kiaul\u0117s ausis, \u0160v\u0117k\u0161nos gyventojui teks atsakyti baud\u017eiam\u0105ja tvarka. Klaip\u0117dos apygardos prokurat\u016bra informuoja, jog kaltininkui pra\u0161oma skirti 13 t\u016bkst. lit\u0173 baud\u0105. &nbsp; \u0160ilut\u0117s prokuror\u0117 baig\u0117 ikiteismin\u012f tyrim\u0105 d\u0117l kurstymo prie\u0161 bet kokios tautos, ras\u0117s, etnin\u0119, religin\u0119 ar kitoki\u0105 \u017emoni\u0173 grup\u0119 (LR BK 170 str. 2 d.) ir [&hellip;]<\/p>\n","protected":false},"author":1,"featured_media":0,"comment_status":"open","ping_status":"open","sticky":false,"template":"","format":"standard","meta":{"footnotes":""},"categories":[48],"tags":[],"class_list":{"0":"post-8581","1":"post","2":"type-post","3":"status-publish","4":"format-standard","6":"category-teisetvarka"},"yoast_head":"<!-- This site is optimized with the Yoast SEO plugin v27.5 - https:\/\/yoast.com\/product\/yoast-seo-wordpress\/ -->\n<title>Kiaul\u0117s ausys, prikaltos prie sinagogos, \u0161v\u0117k\u0161ni\u0161kiui gali atsieiti 13 t\u016bkst. lit\u0173 - \u0160ilut\u0117s naujienos<\/title>\n<meta name=\"robots\" content=\"index, follow, max-snippet:-1, max-image-preview:large, max-video-preview:-1\" \/>\n<link rel=\"canonical\" href=\"https:\/\/www.silutesnaujienos.lt\/lt\/kiaules-ausys-prikaltos-prie-sinagogos-sveksniskiui-gali-atsieiti-13-tukst-litu\/\" \/>\n<meta property=\"og:locale\" content=\"lt_LT\" \/>\n<meta property=\"og:type\" content=\"article\" \/>\n<meta property=\"og:title\" content=\"Kiaul\u0117s ausys, prikaltos prie sinagogos, \u0161v\u0117k\u0161ni\u0161kiui gali atsieiti 13 t\u016bkst. lit\u0173 - \u0160ilut\u0117s naujienos\" \/>\n<meta property=\"og:description\" content=\"U\u017e tai, kad ant buvusios \u0160v\u0117k\u0161nos sinagogos prikal\u0117 dvi kiaul\u0117s ausis, \u0160v\u0117k\u0161nos gyventojui teks atsakyti baud\u017eiam\u0105ja tvarka. Klaip\u0117dos apygardos prokurat\u016bra informuoja, jog kaltininkui pra\u0161oma skirti 13 t\u016bkst. lit\u0173 baud\u0105. &nbsp; \u0160ilut\u0117s prokuror\u0117 baig\u0117 ikiteismin\u012f tyrim\u0105 d\u0117l kurstymo prie\u0161 bet kokios tautos, ras\u0117s, etnin\u0119, religin\u0119 ar kitoki\u0105 \u017emoni\u0173 grup\u0119 (LR BK 170 str. 2 d.) ir [&hellip;]\" \/>\n<meta property=\"og:url\" content=\"https:\/\/www.silutesnaujienos.lt\/lt\/kiaules-ausys-prikaltos-prie-sinagogos-sveksniskiui-gali-atsieiti-13-tukst-litu\/\" \/>\n<meta property=\"og:site_name\" content=\"\u0160ilut\u0117s naujienos\" \/>\n<meta property=\"article:publisher\" content=\"https:\/\/www.facebook.com\/silutes.naujienos\/\" \/>\n<meta property=\"article:published_time\" content=\"2013-01-18T12:00:00+00:00\" \/>\n<meta property=\"og:image\" content=\"\/\/silutesnaujienos.lt\/images\/stories\/2013\/01\/18\/thumbnails\/thumb_sveksnos_sinagoga_kiaules_ausys.jpg\" \/>\n<meta name=\"author\" content=\"\u0160ilut\u0117s naujien\u0173 inf.\" \/>\n<meta name=\"twitter:card\" content=\"summary_large_image\" \/>\n<meta name=\"twitter:label1\" content=\"Written by\" \/>\n\t<meta name=\"twitter:data1\" content=\"\u0160ilut\u0117s naujien\u0173 inf.\" \/>\n\t<meta name=\"twitter:label2\" content=\"Est. reading time\" \/>\n\t<meta name=\"twitter:data2\" content=\"2 minut\u0117s\" \/>\n<script type=\"application\/ld+json\" class=\"yoast-schema-graph\">{\"@context\":\"https:\\\/\\\/schema.org\",\"@graph\":[{\"@type\":\"Article\",\"@id\":\"https:\\\/\\\/www.silutesnaujienos.lt\\\/lt\\\/kiaules-ausys-prikaltos-prie-sinagogos-sveksniskiui-gali-atsieiti-13-tukst-litu\\\/#article\",\"isPartOf\":{\"@id\":\"https:\\\/\\\/www.silutesnaujienos.lt\\\/lt\\\/kiaules-ausys-prikaltos-prie-sinagogos-sveksniskiui-gali-atsieiti-13-tukst-litu\\\/\"},\"author\":{\"name\":\"\u0160ilut\u0117s naujien\u0173 inf.\",\"@id\":\"https:\\\/\\\/www.silutesnaujienos.lt\\\/lt\\\/#\\\/schema\\\/person\\\/232f475ddd4a7b5f49b3abc788b17e83\"},\"headline\":\"Kiaul\u0117s ausys, prikaltos prie sinagogos, \u0161v\u0117k\u0161ni\u0161kiui gali atsieiti 13 t\u016bkst. lit\u0173\",\"datePublished\":\"2013-01-18T12:00:00+00:00\",\"mainEntityOfPage\":{\"@id\":\"https:\\\/\\\/www.silutesnaujienos.lt\\\/lt\\\/kiaules-ausys-prikaltos-prie-sinagogos-sveksniskiui-gali-atsieiti-13-tukst-litu\\\/\"},\"wordCount\":367,\"commentCount\":0,\"publisher\":{\"@id\":\"https:\\\/\\\/www.silutesnaujienos.lt\\\/lt\\\/#organization\"},\"articleSection\":[\"Teis\u0117tvarka\"],\"inLanguage\":\"lt-LT\",\"potentialAction\":[{\"@type\":\"CommentAction\",\"name\":\"Comment\",\"target\":[\"https:\\\/\\\/www.silutesnaujienos.lt\\\/lt\\\/kiaules-ausys-prikaltos-prie-sinagogos-sveksniskiui-gali-atsieiti-13-tukst-litu\\\/#respond\"]}]},{\"@type\":\"WebPage\",\"@id\":\"https:\\\/\\\/www.silutesnaujienos.lt\\\/lt\\\/kiaules-ausys-prikaltos-prie-sinagogos-sveksniskiui-gali-atsieiti-13-tukst-litu\\\/\",\"url\":\"https:\\\/\\\/www.silutesnaujienos.lt\\\/lt\\\/kiaules-ausys-prikaltos-prie-sinagogos-sveksniskiui-gali-atsieiti-13-tukst-litu\\\/\",\"name\":\"Kiaul\u0117s ausys, prikaltos prie sinagogos, \u0161v\u0117k\u0161ni\u0161kiui gali atsieiti 13 t\u016bkst. lit\u0173 - \u0160ilut\u0117s naujienos\",\"isPartOf\":{\"@id\":\"https:\\\/\\\/www.silutesnaujienos.lt\\\/lt\\\/#website\"},\"datePublished\":\"2013-01-18T12:00:00+00:00\",\"breadcrumb\":{\"@id\":\"https:\\\/\\\/www.silutesnaujienos.lt\\\/lt\\\/kiaules-ausys-prikaltos-prie-sinagogos-sveksniskiui-gali-atsieiti-13-tukst-litu\\\/#breadcrumb\"},\"inLanguage\":\"lt-LT\",\"potentialAction\":[{\"@type\":\"ReadAction\",\"target\":[\"https:\\\/\\\/www.silutesnaujienos.lt\\\/lt\\\/kiaules-ausys-prikaltos-prie-sinagogos-sveksniskiui-gali-atsieiti-13-tukst-litu\\\/\"]}]},{\"@type\":\"BreadcrumbList\",\"@id\":\"https:\\\/\\\/www.silutesnaujienos.lt\\\/lt\\\/kiaules-ausys-prikaltos-prie-sinagogos-sveksniskiui-gali-atsieiti-13-tukst-litu\\\/#breadcrumb\",\"itemListElement\":[{\"@type\":\"ListItem\",\"position\":1,\"name\":\"Home\",\"item\":\"https:\\\/\\\/www.silutesnaujienos.lt\\\/lt\\\/\"},{\"@type\":\"ListItem\",\"position\":2,\"name\":\"Kiaul\u0117s ausys, prikaltos prie sinagogos, \u0161v\u0117k\u0161ni\u0161kiui gali atsieiti 13 t\u016bkst. lit\u0173\"}]},{\"@type\":\"WebSite\",\"@id\":\"https:\\\/\\\/www.silutesnaujienos.lt\\\/lt\\\/#website\",\"url\":\"https:\\\/\\\/www.silutesnaujienos.lt\\\/lt\\\/\",\"name\":\"\u0160ilut\u0117s naujienos\",\"description\":\"B\u016bk ant naujien\u0173 bangos!\",\"publisher\":{\"@id\":\"https:\\\/\\\/www.silutesnaujienos.lt\\\/lt\\\/#organization\"},\"potentialAction\":[{\"@type\":\"SearchAction\",\"target\":{\"@type\":\"EntryPoint\",\"urlTemplate\":\"https:\\\/\\\/www.silutesnaujienos.lt\\\/lt\\\/?s={search_term_string}\"},\"query-input\":{\"@type\":\"PropertyValueSpecification\",\"valueRequired\":true,\"valueName\":\"search_term_string\"}}],\"inLanguage\":\"lt-LT\"},{\"@type\":\"Organization\",\"@id\":\"https:\\\/\\\/www.silutesnaujienos.lt\\\/lt\\\/#organization\",\"name\":\"\u0160ilut\u0117s naujienos\",\"url\":\"https:\\\/\\\/www.silutesnaujienos.lt\\\/lt\\\/\",\"logo\":{\"@type\":\"ImageObject\",\"inLanguage\":\"lt-LT\",\"@id\":\"https:\\\/\\\/www.silutesnaujienos.lt\\\/lt\\\/#\\\/schema\\\/logo\\\/image\\\/\",\"url\":\"https:\\\/\\\/www.silutesnaujienos.lt\\\/lt\\\/wp-content\\\/uploads\\\/2020\\\/06\\\/FB_MAIN.jpg\",\"contentUrl\":\"https:\\\/\\\/www.silutesnaujienos.lt\\\/lt\\\/wp-content\\\/uploads\\\/2020\\\/06\\\/FB_MAIN.jpg\",\"width\":1700,\"height\":956,\"caption\":\"\u0160ilut\u0117s naujienos\"},\"image\":{\"@id\":\"https:\\\/\\\/www.silutesnaujienos.lt\\\/lt\\\/#\\\/schema\\\/logo\\\/image\\\/\"},\"sameAs\":[\"https:\\\/\\\/www.facebook.com\\\/silutes.naujienos\\\/\",\"https:\\\/\\\/www.youtube.com\\\/channel\\\/UCxW-cgrJDt8GxIMxSTAfJZg\"]},{\"@type\":\"Person\",\"@id\":\"https:\\\/\\\/www.silutesnaujienos.lt\\\/lt\\\/#\\\/schema\\\/person\\\/232f475ddd4a7b5f49b3abc788b17e83\",\"name\":\"\u0160ilut\u0117s naujien\u0173 inf.\",\"image\":{\"@type\":\"ImageObject\",\"inLanguage\":\"lt-LT\",\"@id\":\"https:\\\/\\\/www.silutesnaujienos.lt\\\/lt\\\/wp-content\\\/uploads\\\/2020\\\/06\\\/favicon.png\",\"url\":\"https:\\\/\\\/www.silutesnaujienos.lt\\\/lt\\\/wp-content\\\/uploads\\\/2020\\\/06\\\/favicon.png\",\"contentUrl\":\"https:\\\/\\\/www.silutesnaujienos.lt\\\/lt\\\/wp-content\\\/uploads\\\/2020\\\/06\\\/favicon.png\",\"caption\":\"\u0160ilut\u0117s naujien\u0173 inf.\"},\"sameAs\":[\"https:\\\/\\\/www.silutesnaujienos.lt\\\/lt\"],\"url\":\"https:\\\/\\\/www.silutesnaujienos.lt\\\/lt\\\/author\\\/ruta\\\/\"}]}<\/script>\n<!-- \/ Yoast SEO plugin. -->","yoast_head_json":{"title":"Kiaul\u0117s ausys, prikaltos prie sinagogos, \u0161v\u0117k\u0161ni\u0161kiui gali atsieiti 13 t\u016bkst. lit\u0173 - \u0160ilut\u0117s naujienos","robots":{"index":"index","follow":"follow","max-snippet":"max-snippet:-1","max-image-preview":"max-image-preview:large","max-video-preview":"max-video-preview:-1"},"canonical":"https:\/\/www.silutesnaujienos.lt\/lt\/kiaules-ausys-prikaltos-prie-sinagogos-sveksniskiui-gali-atsieiti-13-tukst-litu\/","og_locale":"lt_LT","og_type":"article","og_title":"Kiaul\u0117s ausys, prikaltos prie sinagogos, \u0161v\u0117k\u0161ni\u0161kiui gali atsieiti 13 t\u016bkst. lit\u0173 - \u0160ilut\u0117s naujienos","og_description":"U\u017e tai, kad ant buvusios \u0160v\u0117k\u0161nos sinagogos prikal\u0117 dvi kiaul\u0117s ausis, \u0160v\u0117k\u0161nos gyventojui teks atsakyti baud\u017eiam\u0105ja tvarka. Klaip\u0117dos apygardos prokurat\u016bra informuoja, jog kaltininkui pra\u0161oma skirti 13 t\u016bkst. lit\u0173 baud\u0105. &nbsp; \u0160ilut\u0117s prokuror\u0117 baig\u0117 ikiteismin\u012f tyrim\u0105 d\u0117l kurstymo prie\u0161 bet kokios tautos, ras\u0117s, etnin\u0119, religin\u0119 ar kitoki\u0105 \u017emoni\u0173 grup\u0119 (LR BK 170 str. 2 d.) ir [&hellip;]","og_url":"https:\/\/www.silutesnaujienos.lt\/lt\/kiaules-ausys-prikaltos-prie-sinagogos-sveksniskiui-gali-atsieiti-13-tukst-litu\/","og_site_name":"\u0160ilut\u0117s naujienos","article_publisher":"https:\/\/www.facebook.com\/silutes.naujienos\/","article_published_time":"2013-01-18T12:00:00+00:00","og_image":[{"url":"\/\/silutesnaujienos.lt\/images\/stories\/2013\/01\/18\/thumbnails\/thumb_sveksnos_sinagoga_kiaules_ausys.jpg","type":"","width":"","height":""}],"author":"\u0160ilut\u0117s naujien\u0173 inf.","twitter_card":"summary_large_image","twitter_misc":{"Written by":"\u0160ilut\u0117s naujien\u0173 inf.","Est. reading time":"2 minut\u0117s"},"schema":{"@context":"https:\/\/schema.org","@graph":[{"@type":"Article","@id":"https:\/\/www.silutesnaujienos.lt\/lt\/kiaules-ausys-prikaltos-prie-sinagogos-sveksniskiui-gali-atsieiti-13-tukst-litu\/#article","isPartOf":{"@id":"https:\/\/www.silutesnaujienos.lt\/lt\/kiaules-ausys-prikaltos-prie-sinagogos-sveksniskiui-gali-atsieiti-13-tukst-litu\/"},"author":{"name":"\u0160ilut\u0117s naujien\u0173 inf.","@id":"https:\/\/www.silutesnaujienos.lt\/lt\/#\/schema\/person\/232f475ddd4a7b5f49b3abc788b17e83"},"headline":"Kiaul\u0117s ausys, prikaltos prie sinagogos, \u0161v\u0117k\u0161ni\u0161kiui gali atsieiti 13 t\u016bkst. lit\u0173","datePublished":"2013-01-18T12:00:00+00:00","mainEntityOfPage":{"@id":"https:\/\/www.silutesnaujienos.lt\/lt\/kiaules-ausys-prikaltos-prie-sinagogos-sveksniskiui-gali-atsieiti-13-tukst-litu\/"},"wordCount":367,"commentCount":0,"publisher":{"@id":"https:\/\/www.silutesnaujienos.lt\/lt\/#organization"},"articleSection":["Teis\u0117tvarka"],"inLanguage":"lt-LT","potentialAction":[{"@type":"CommentAction","name":"Comment","target":["https:\/\/www.silutesnaujienos.lt\/lt\/kiaules-ausys-prikaltos-prie-sinagogos-sveksniskiui-gali-atsieiti-13-tukst-litu\/#respond"]}]},{"@type":"WebPage","@id":"https:\/\/www.silutesnaujienos.lt\/lt\/kiaules-ausys-prikaltos-prie-sinagogos-sveksniskiui-gali-atsieiti-13-tukst-litu\/","url":"https:\/\/www.silutesnaujienos.lt\/lt\/kiaules-ausys-prikaltos-prie-sinagogos-sveksniskiui-gali-atsieiti-13-tukst-litu\/","name":"Kiaul\u0117s ausys, prikaltos prie sinagogos, \u0161v\u0117k\u0161ni\u0161kiui gali atsieiti 13 t\u016bkst. lit\u0173 - \u0160ilut\u0117s naujienos","isPartOf":{"@id":"https:\/\/www.silutesnaujienos.lt\/lt\/#website"},"datePublished":"2013-01-18T12:00:00+00:00","breadcrumb":{"@id":"https:\/\/www.silutesnaujienos.lt\/lt\/kiaules-ausys-prikaltos-prie-sinagogos-sveksniskiui-gali-atsieiti-13-tukst-litu\/#breadcrumb"},"inLanguage":"lt-LT","potentialAction":[{"@type":"ReadAction","target":["https:\/\/www.silutesnaujienos.lt\/lt\/kiaules-ausys-prikaltos-prie-sinagogos-sveksniskiui-gali-atsieiti-13-tukst-litu\/"]}]},{"@type":"BreadcrumbList","@id":"https:\/\/www.silutesnaujienos.lt\/lt\/kiaules-ausys-prikaltos-prie-sinagogos-sveksniskiui-gali-atsieiti-13-tukst-litu\/#breadcrumb","itemListElement":[{"@type":"ListItem","position":1,"name":"Home","item":"https:\/\/www.silutesnaujienos.lt\/lt\/"},{"@type":"ListItem","position":2,"name":"Kiaul\u0117s ausys, prikaltos prie sinagogos, \u0161v\u0117k\u0161ni\u0161kiui gali atsieiti 13 t\u016bkst. lit\u0173"}]},{"@type":"WebSite","@id":"https:\/\/www.silutesnaujienos.lt\/lt\/#website","url":"https:\/\/www.silutesnaujienos.lt\/lt\/","name":"\u0160ilut\u0117s naujienos","description":"B\u016bk ant naujien\u0173 bangos!","publisher":{"@id":"https:\/\/www.silutesnaujienos.lt\/lt\/#organization"},"potentialAction":[{"@type":"SearchAction","target":{"@type":"EntryPoint","urlTemplate":"https:\/\/www.silutesnaujienos.lt\/lt\/?s={search_term_string}"},"query-input":{"@type":"PropertyValueSpecification","valueRequired":true,"valueName":"search_term_string"}}],"inLanguage":"lt-LT"},{"@type":"Organization","@id":"https:\/\/www.silutesnaujienos.lt\/lt\/#organization","name":"\u0160ilut\u0117s naujienos","url":"https:\/\/www.silutesnaujienos.lt\/lt\/","logo":{"@type":"ImageObject","inLanguage":"lt-LT","@id":"https:\/\/www.silutesnaujienos.lt\/lt\/#\/schema\/logo\/image\/","url":"https:\/\/www.silutesnaujienos.lt\/lt\/wp-content\/uploads\/2020\/06\/FB_MAIN.jpg","contentUrl":"https:\/\/www.silutesnaujienos.lt\/lt\/wp-content\/uploads\/2020\/06\/FB_MAIN.jpg","width":1700,"height":956,"caption":"\u0160ilut\u0117s naujienos"},"image":{"@id":"https:\/\/www.silutesnaujienos.lt\/lt\/#\/schema\/logo\/image\/"},"sameAs":["https:\/\/www.facebook.com\/silutes.naujienos\/","https:\/\/www.youtube.com\/channel\/UCxW-cgrJDt8GxIMxSTAfJZg"]},{"@type":"Person","@id":"https:\/\/www.silutesnaujienos.lt\/lt\/#\/schema\/person\/232f475ddd4a7b5f49b3abc788b17e83","name":"\u0160ilut\u0117s naujien\u0173 inf.","image":{"@type":"ImageObject","inLanguage":"lt-LT","@id":"https:\/\/www.silutesnaujienos.lt\/lt\/wp-content\/uploads\/2020\/06\/favicon.png","url":"https:\/\/www.silutesnaujienos.lt\/lt\/wp-content\/uploads\/2020\/06\/favicon.png","contentUrl":"https:\/\/www.silutesnaujienos.lt\/lt\/wp-content\/uploads\/2020\/06\/favicon.png","caption":"\u0160ilut\u0117s naujien\u0173 inf."},"sameAs":["https:\/\/www.silutesnaujienos.lt\/lt"],"url":"https:\/\/www.silutesnaujienos.lt\/lt\/author\/ruta\/"}]}},"publishpress_future_workflow_manual_trigger":{"enabledWorkflows":[]},"amp_enabled":true,"_links":{"self":[{"href":"https:\/\/www.silutesnaujienos.lt\/lt\/wp-json\/wp\/v2\/posts\/8581","targetHints":{"allow":["GET"]}}],"collection":[{"href":"https:\/\/www.silutesnaujienos.lt\/lt\/wp-json\/wp\/v2\/posts"}],"about":[{"href":"https:\/\/www.silutesnaujienos.lt\/lt\/wp-json\/wp\/v2\/types\/post"}],"author":[{"embeddable":true,"href":"https:\/\/www.silutesnaujienos.lt\/lt\/wp-json\/wp\/v2\/users\/1"}],"replies":[{"embeddable":true,"href":"https:\/\/www.silutesnaujienos.lt\/lt\/wp-json\/wp\/v2\/comments?post=8581"}],"version-history":[{"count":0,"href":"https:\/\/www.silutesnaujienos.lt\/lt\/wp-json\/wp\/v2\/posts\/8581\/revisions"}],"wp:attachment":[{"href":"https:\/\/www.silutesnaujienos.lt\/lt\/wp-json\/wp\/v2\/media?parent=8581"}],"wp:term":[{"taxonomy":"category","embeddable":true,"href":"https:\/\/www.silutesnaujienos.lt\/lt\/wp-json\/wp\/v2\/categories?post=8581"},{"taxonomy":"post_tag","embeddable":true,"href":"https:\/\/www.silutesnaujienos.lt\/lt\/wp-json\/wp\/v2\/tags?post=8581"}],"curies":[{"name":"wp","href":"https:\/\/api.w.org\/{rel}","templated":true}]}}