{"id":8596,"date":"2013-03-15T08:00:00","date_gmt":"2013-03-15T10:00:00","guid":{"rendered":"https:\/\/www.silutesnaujienos.lt\/lt\/vaikus-marinusi-motina-liko-laisveje\/"},"modified":"2013-03-15T08:00:00","modified_gmt":"2013-03-15T10:00:00","slug":"vaikus-marinusi-motina-liko-laisveje","status":"publish","type":"post","link":"https:\/\/www.silutesnaujienos.lt\/lt\/vaikus-marinusi-motina-liko-laisveje\/","title":{"rendered":"Vaikus marinusi motina liko laisv\u0117je"},"content":{"rendered":"<p><a target=\"_blank\" rel=\"caption[I.Rojien\u0117 ne\u012f\u017evelg\u0117 savo kalt\u0117s ir teig\u0117, kad visus vaikus myl\u0117jo, jais r\u016bpinosi, pra\u0161\u0117 j\u0105 i\u0161teisinti. \/ A.Pilaitien\u0117s nuotr.] noopener noreferrer\" class=\"jcepopup\" href=\"\/\/silutesnaujienos.lt\/images\/stories\/2013\/03\/19\/nuteista_rojiene.jpg\" data-rel=\"lightbox-gallery-7qD3IZBf\" data-rl_title=\"\" data-rl_caption=\"\"><img loading=\"lazy\" decoding=\"async\" style=\"margin: 5px; float: left;\" class=\"caption\" title=\"\" alt=\"nuteista rojiene\" src=\"\/\/silutesnaujienos.lt\/images\/stories\/2013\/03\/19\/thumbnails\/thumb_nuteista_rojiene.jpg\" height=\"230\" width=\"307\" \/><\/a><strong>Prokuror\u0117 u\u017e ty\u010din\u012f nu\u017eudym\u0105, sunk\u0173 sveikatos sutrikdym\u0105 ir vaik\u0173 neprie\u017ei\u016br\u0105 si\u016bl\u0117 vaik\u0173 nepri\u017ei\u016br\u0117jusi\u0105 motin\u0105 \u012fkalinti 16 met\u0173. Ta\u010diau teismas ty\u010dinius nusikaltimus, kuriais kaltinta 42 met\u0173 \u0161iluti\u0161k\u0117 Ilona Rojien\u0117, perkvalifikavo \u012f neatsargius.<\/strong><\/p>\n<p><strong>D\u0117l badavimo mirusio berniuko ir d\u0117l tos pa\u010dios prie\u017easties visi\u0161kai i\u0161sekusios mergait\u0117s motina nuteista pusketvirt\u0173 met\u0173 nelaisv\u0117s, bausm\u0117s vykdym\u0105 atidedant.<\/strong><\/p>\n<p>Tiriant \u0161iuos \u012fvykius prab\u0117go beveik penkeri metai.<\/p>\n<p><strong>I\u0161sek\u0119s s\u016bnus mir\u0117 nuo ilgalaikio badavimo<\/strong><\/p>\n<p>Vis\u0105 \u0160ilut\u0119 sukr\u0117tusi tragedija viename i\u0161 miesto daugiabu\u010di\u0173 \u012fvyko 2008 met\u0173 baland\u017eio 15 dien\u0105. T\u0105dien, nedideliame bute, kur su \u0161e\u0161iais vaikais gyveno I.Rojien\u0117, buvo rastas negyvas 5 metuk\u0173 jos s\u016bnus Lukas.<\/p>\n<p>Motina ai\u0161kino, kad ryt\u0105 nubudusi suvok\u0117, jog lovoje gulintis jos s\u016bnus nebekv\u0117puoja.<\/p>\n<p>Teismo medicinos ekspertai netrukus nustat\u0117, kad vaikas buvo i\u0161sek\u0119s nuo ilgalaikio badavimo, sirgo ma\u017eakraujyste ir d\u0117l to mir\u0117. Be to, jis buvo nepri\u017ei\u016br\u0117tas: aptek\u0119s ut\u0117l\u0117mis, aprengtas ne\u0161variais drabu\u017e\u0117liais.<\/p>\n<p>&#8222;A\u0161 negaliu patik\u0117ti, kad ne vienkiemyje, o viduryje miesto gyven\u0119s vaikas gali taip atrodyti. Anemi\u0161kas, d\u0117l badavimo i\u0161sivys\u010diusios ma\u017eakraujyst\u0117s i\u0161kankintas vaikas tur\u0117jo ne vien\u0105 dien\u0105 nevalgyti. Visi\u0161kai sunyk\u0119s, ut\u0117li\u0173 papjautas vaikas. Ir tai vyko m\u016bs\u0173 laikais. Negi kaimynai ir aplinkiniai nemat\u0117 tokio i\u0161sekusio berniuko?&#8221; \u2013 dar 2009 m. negal\u0117jo atsitok\u0117ti ir situacij\u0105 komentavo garsus teismo medicinos ekspertas Diomenas Vitkus.<\/p>\n<p>Eksperto nuomone, berniukas tur\u0117jo itin ilgai nevalgyti. &#8222;Taip organizmas sunyksta ne per dien\u0105&#8221;, \u2013 tvirtino D.Vitkus.<\/p>\n<p><strong>Mergait\u0119 pavyko i\u0161gelb\u0117ti<\/strong><\/p>\n<p>Palaidojus berniuk\u0105 netrukus ligonin\u0117je atsid\u016br\u0117 jo ketveri\u0173 met\u0173 sesuo. Kar\u0161\u010diuojant\u012f vaik\u0105 pas medikus atve\u017e\u0117 mo\u010diut\u0117. Mergait\u0117 ligonin\u0117je praleido dvi savaites. \u012etarta, kad jai i\u0161sivyst\u0117 anemija d\u0117l tos pa\u010dios prie\u017easties \u2013 badmiriavimo.<\/p>\n<p>Mergaitei buvo sutinusios kojos, ji tesv\u0117r\u0117 11 kilogram\u0173.<\/p>\n<p>Vaik\u0173 ligonin\u0117s medikai teisme patvirtino, kad joki\u0173 papildom\u0173 lig\u0173 mergaitei nenustatyta \u2013 ji buvo visi\u0161kai i\u0161sekusi. Gydyta tiktai anemija \u2013 vaikui teko perpilti krauj\u0105.<\/p>\n<p>Kelet\u0105 dien\u0173 praleidusi Reanimacijos skyriuje mergait\u0117 atsigavo ir god\u017eiai puol\u0117 valgyti. Medikai steb\u0117josi, kad j\u0105 domino ne saldumynai, kaip daugel\u012f vaik\u0173, o ko\u0161\u0117, m\u0117sa, kuri\u0173 vienos porcijos pasisotinti jai neu\u017etekdavo. Pirmin\u0117s Klaip\u0117dos ekspert\u0173 i\u0161vados po v\u0117lesni\u0173 i\u0161sami\u0173 specialist\u0173 tyrim\u0173 buvo patvirtintos \u2013 berniukas mir\u0117, o mergait\u0117 susirgo i\u0161 bado.<\/p>\n<p><strong>U\u017etruk\u0119s bylos nagrin\u0117jimas<\/strong><\/p>\n<p>Klaip\u0117dos apygardos teisme \u0161i byla buvo nagrin\u0117jama daugiau kaip trejus metus.<\/p>\n<p>Teisme moteris tvirtino s\u016bnaus badu nemarinusi. Es\u0105 jis, kaip ir kiti vaikai, buvo so\u010diai pavalg\u0119s, ji da\u017enai pamaitindavusi ne tik savo vaikus, bet ir girtaujan\u010di\u0173 kaimyn\u0173 mergait\u0119. Ji sp\u0117liojo, kad Lukas gal\u0117jo sirgti cukriniu diabetu ar kokia kita liga, ir pra\u0161\u0117 i\u0161teisinti.<\/p>\n<p>Bylos nagrin\u0117jim\u0105 u\u017evilkino ir tai, kad kaltinamosios advokatas teig\u0117, kad moteriai vienai buvo sunku auginti kr\u016bv\u0105 vaik\u0173, o po tragedijos jos sveikata pa\u0161lijo, ji band\u0117 \u017eudytis, gyd\u0117si psichiatrijos ligonin\u0117je. Tad tirta ir I.Rojien\u0117s psichin\u0117 b\u016bkl\u0117.<\/p>\n<p>Ta\u010diau specialistai nustat\u0117, kad I.Rojien\u0117 suvokia savo veiksmus ir gali u\u017e juos atsakyti.<\/p>\n<p>Nuosprend\u012f tik\u0117tasi i\u0161girsti pernai saus\u012f, bet t\u0105kart teis\u0117j\u0173 kolegija nusprend\u0117 atnaujinti \u012frodym\u0173 tyrim\u0105, \u012f teism\u0105 kviesti nepilname\u010dius vaikus ir juos apklausti dalyvaujant psichologui. Ilgai teko laukti ir teismo ekspert\u0173 i\u0161vad\u0173.<\/p>\n<p><strong>Tikino myl\u0117jusi visus vaikus<\/strong><\/p>\n<p>Po s\u016bnaus laidotuvi\u0173 I.Rojien\u0117 su vaikais i\u0161sikraust\u0117 \u012f kaim\u0105 pas motin\u0105. Dabar \u0161eima \u012fsik\u016brusi Taurag\u0117s apskrityje.<\/p>\n<p>Moteris du kartus buvo i\u0161tek\u0117jusi \u2013 ir abu nes\u0117kmingai. Pirm\u0105kart \u2013 devyniolikos. Su vyru i\u0161gyveno tik kelet\u0105 met\u0173.<\/p>\n<p>Antrasis kartas taip pat \u0161eimynin\u0117s laim\u0117s neatne\u0161\u0117. Nuo trij\u0173 vyr\u0173 moteris susilauk\u0117 a\u0161tuoni\u0173 vaik\u0173. Vyriausiam dabar \u2013 23-eji.<\/p>\n<p>Byloje yra \u0160ilut\u0117s vaiko teisi\u0173 apsaugos tarnybos pa\u017eymos apie tai, kad daugiavaik\u0117 I.Rojien\u0117s \u0161eima buvo \u012ftraukta \u012f socialin\u0117s rizikos \u0161eim\u0173 s\u0105ra\u0161\u0105 d\u0117l motinos socialini\u0173 \u012fg\u016bd\u017ei\u0173 stokos. Pa\u017eymoje nurodoma, kad tarnybos specialistai lankydavosi \u0161eimoje, ta\u010diau vaik\u0173 neprie\u017ei\u016bros, maisto, \u0161varos tr\u016bkumo, nehigieni\u0161k\u0173 vaik\u0173 gyvenimo s\u0105lyg\u0173 nepasteb\u0117jo. Pa\u017eymose tik konstatuojama, kad motina vengia vesti vaikus pas gydytojus.<\/p>\n<p>I.Rojien\u0117 buvo kaltinama piktnaud\u017eiavimu t\u0117v\u0173 teis\u0117mis, sunkiu sveikatos sutrikdymu ir itin \u017eiauriu ma\u017eame\u010dio vaiko nu\u017eudymu.<\/p>\n<p>U\u017e tai numatyta laisv\u0117s at\u0117mimo bausm\u0117 nuo 5 iki 20 met\u0173 arba iki gyvos galvos.<\/p>\n<p>Ta\u010diau moteris niekada savo kalt\u0117s nepripa\u017eino. Gavusi paskutin\u012f \u017eod\u012f ji ir v\u0117l tvirtino, kad s\u016bnaus badu nemarino, jis, kaip ir kiti vaikai, es\u0105 b\u016bdavo pakankamai pavalg\u0119s.<\/p>\n<p>Moteris ne\u012f\u017evelg\u0117 savo kalt\u0117s ir teig\u0117, kad visus vaikus myl\u0117jo, jais r\u016bpinosi, ir pra\u0161\u0117 j\u0105 i\u0161teisinti.<\/p>\n<p><em><strong>Video reporta\u017e\u0105<\/strong> apie teismo proces\u0105 galite <strong><span style=\"color: #0000ff;\"><a href=\"http:\/\/bit.ly\/nuteista_Rojiene\"><span style=\"color: #0000ff;\">\u017ei\u016br\u0117ti \u010dia.<\/span><\/a><\/span><\/strong><\/em><\/p>\n","protected":false},"excerpt":{"rendered":"<p>Prokuror\u0117 u\u017e ty\u010din\u012f nu\u017eudym\u0105, sunk\u0173 sveikatos sutrikdym\u0105 ir vaik\u0173 neprie\u017ei\u016br\u0105 si\u016bl\u0117 vaik\u0173 nepri\u017ei\u016br\u0117jusi\u0105 motin\u0105 \u012fkalinti 16 met\u0173. Ta\u010diau teismas ty\u010dinius nusikaltimus, kuriais kaltinta 42 met\u0173 \u0161iluti\u0161k\u0117 Ilona Rojien\u0117, perkvalifikavo \u012f neatsargius. D\u0117l badavimo mirusio berniuko ir d\u0117l tos pa\u010dios prie\u017easties visi\u0161kai i\u0161sekusios mergait\u0117s motina nuteista pusketvirt\u0173 met\u0173 nelaisv\u0117s, bausm\u0117s vykdym\u0105 atidedant. Tiriant \u0161iuos \u012fvykius prab\u0117go [&hellip;]<\/p>\n","protected":false},"author":1,"featured_media":0,"comment_status":"open","ping_status":"open","sticky":false,"template":"","format":"standard","meta":{"footnotes":""},"categories":[48],"tags":[],"class_list":{"0":"post-8596","1":"post","2":"type-post","3":"status-publish","4":"format-standard","6":"category-teisetvarka"},"yoast_head":"<!-- This site is optimized with the Yoast SEO plugin v27.5 - https:\/\/yoast.com\/product\/yoast-seo-wordpress\/ -->\n<title>Vaikus marinusi motina liko laisv\u0117je - \u0160ilut\u0117s naujienos<\/title>\n<meta name=\"robots\" content=\"index, follow, max-snippet:-1, max-image-preview:large, max-video-preview:-1\" \/>\n<link rel=\"canonical\" href=\"https:\/\/www.silutesnaujienos.lt\/lt\/vaikus-marinusi-motina-liko-laisveje\/\" \/>\n<meta property=\"og:locale\" content=\"lt_LT\" \/>\n<meta property=\"og:type\" content=\"article\" \/>\n<meta property=\"og:title\" content=\"Vaikus marinusi motina liko laisv\u0117je - \u0160ilut\u0117s naujienos\" \/>\n<meta property=\"og:description\" content=\"Prokuror\u0117 u\u017e ty\u010din\u012f nu\u017eudym\u0105, sunk\u0173 sveikatos sutrikdym\u0105 ir vaik\u0173 neprie\u017ei\u016br\u0105 si\u016bl\u0117 vaik\u0173 nepri\u017ei\u016br\u0117jusi\u0105 motin\u0105 \u012fkalinti 16 met\u0173. Ta\u010diau teismas ty\u010dinius nusikaltimus, kuriais kaltinta 42 met\u0173 \u0161iluti\u0161k\u0117 Ilona Rojien\u0117, perkvalifikavo \u012f neatsargius. D\u0117l badavimo mirusio berniuko ir d\u0117l tos pa\u010dios prie\u017easties visi\u0161kai i\u0161sekusios mergait\u0117s motina nuteista pusketvirt\u0173 met\u0173 nelaisv\u0117s, bausm\u0117s vykdym\u0105 atidedant. Tiriant \u0161iuos \u012fvykius prab\u0117go [&hellip;]\" \/>\n<meta property=\"og:url\" content=\"https:\/\/www.silutesnaujienos.lt\/lt\/vaikus-marinusi-motina-liko-laisveje\/\" \/>\n<meta property=\"og:site_name\" content=\"\u0160ilut\u0117s naujienos\" \/>\n<meta property=\"article:publisher\" content=\"https:\/\/www.facebook.com\/silutes.naujienos\/\" \/>\n<meta property=\"article:published_time\" content=\"2013-03-15T10:00:00+00:00\" \/>\n<meta property=\"og:image\" content=\"\/\/silutesnaujienos.lt\/images\/stories\/2013\/03\/19\/thumbnails\/thumb_nuteista_rojiene.jpg\" \/>\n<meta name=\"author\" content=\"\u0160ilut\u0117s naujien\u0173 inf.\" \/>\n<meta name=\"twitter:card\" content=\"summary_large_image\" \/>\n<meta name=\"twitter:label1\" content=\"Written by\" \/>\n\t<meta name=\"twitter:data1\" content=\"\u0160ilut\u0117s naujien\u0173 inf.\" \/>\n\t<meta name=\"twitter:label2\" content=\"Est. reading time\" \/>\n\t<meta name=\"twitter:data2\" content=\"4 minut\u0117s\" \/>\n<script type=\"application\/ld+json\" class=\"yoast-schema-graph\">{\"@context\":\"https:\\\/\\\/schema.org\",\"@graph\":[{\"@type\":\"Article\",\"@id\":\"https:\\\/\\\/www.silutesnaujienos.lt\\\/lt\\\/vaikus-marinusi-motina-liko-laisveje\\\/#article\",\"isPartOf\":{\"@id\":\"https:\\\/\\\/www.silutesnaujienos.lt\\\/lt\\\/vaikus-marinusi-motina-liko-laisveje\\\/\"},\"author\":{\"name\":\"\u0160ilut\u0117s naujien\u0173 inf.\",\"@id\":\"https:\\\/\\\/www.silutesnaujienos.lt\\\/lt\\\/#\\\/schema\\\/person\\\/232f475ddd4a7b5f49b3abc788b17e83\"},\"headline\":\"Vaikus marinusi motina liko laisv\u0117je\",\"datePublished\":\"2013-03-15T10:00:00+00:00\",\"mainEntityOfPage\":{\"@id\":\"https:\\\/\\\/www.silutesnaujienos.lt\\\/lt\\\/vaikus-marinusi-motina-liko-laisveje\\\/\"},\"wordCount\":807,\"commentCount\":0,\"publisher\":{\"@id\":\"https:\\\/\\\/www.silutesnaujienos.lt\\\/lt\\\/#organization\"},\"articleSection\":[\"Teis\u0117tvarka\"],\"inLanguage\":\"lt-LT\",\"potentialAction\":[{\"@type\":\"CommentAction\",\"name\":\"Comment\",\"target\":[\"https:\\\/\\\/www.silutesnaujienos.lt\\\/lt\\\/vaikus-marinusi-motina-liko-laisveje\\\/#respond\"]}]},{\"@type\":\"WebPage\",\"@id\":\"https:\\\/\\\/www.silutesnaujienos.lt\\\/lt\\\/vaikus-marinusi-motina-liko-laisveje\\\/\",\"url\":\"https:\\\/\\\/www.silutesnaujienos.lt\\\/lt\\\/vaikus-marinusi-motina-liko-laisveje\\\/\",\"name\":\"Vaikus marinusi motina liko laisv\u0117je - \u0160ilut\u0117s naujienos\",\"isPartOf\":{\"@id\":\"https:\\\/\\\/www.silutesnaujienos.lt\\\/lt\\\/#website\"},\"datePublished\":\"2013-03-15T10:00:00+00:00\",\"breadcrumb\":{\"@id\":\"https:\\\/\\\/www.silutesnaujienos.lt\\\/lt\\\/vaikus-marinusi-motina-liko-laisveje\\\/#breadcrumb\"},\"inLanguage\":\"lt-LT\",\"potentialAction\":[{\"@type\":\"ReadAction\",\"target\":[\"https:\\\/\\\/www.silutesnaujienos.lt\\\/lt\\\/vaikus-marinusi-motina-liko-laisveje\\\/\"]}]},{\"@type\":\"BreadcrumbList\",\"@id\":\"https:\\\/\\\/www.silutesnaujienos.lt\\\/lt\\\/vaikus-marinusi-motina-liko-laisveje\\\/#breadcrumb\",\"itemListElement\":[{\"@type\":\"ListItem\",\"position\":1,\"name\":\"Home\",\"item\":\"https:\\\/\\\/www.silutesnaujienos.lt\\\/lt\\\/\"},{\"@type\":\"ListItem\",\"position\":2,\"name\":\"Vaikus marinusi motina liko laisv\u0117je\"}]},{\"@type\":\"WebSite\",\"@id\":\"https:\\\/\\\/www.silutesnaujienos.lt\\\/lt\\\/#website\",\"url\":\"https:\\\/\\\/www.silutesnaujienos.lt\\\/lt\\\/\",\"name\":\"\u0160ilut\u0117s naujienos\",\"description\":\"B\u016bk ant naujien\u0173 bangos!\",\"publisher\":{\"@id\":\"https:\\\/\\\/www.silutesnaujienos.lt\\\/lt\\\/#organization\"},\"potentialAction\":[{\"@type\":\"SearchAction\",\"target\":{\"@type\":\"EntryPoint\",\"urlTemplate\":\"https:\\\/\\\/www.silutesnaujienos.lt\\\/lt\\\/?s={search_term_string}\"},\"query-input\":{\"@type\":\"PropertyValueSpecification\",\"valueRequired\":true,\"valueName\":\"search_term_string\"}}],\"inLanguage\":\"lt-LT\"},{\"@type\":\"Organization\",\"@id\":\"https:\\\/\\\/www.silutesnaujienos.lt\\\/lt\\\/#organization\",\"name\":\"\u0160ilut\u0117s naujienos\",\"url\":\"https:\\\/\\\/www.silutesnaujienos.lt\\\/lt\\\/\",\"logo\":{\"@type\":\"ImageObject\",\"inLanguage\":\"lt-LT\",\"@id\":\"https:\\\/\\\/www.silutesnaujienos.lt\\\/lt\\\/#\\\/schema\\\/logo\\\/image\\\/\",\"url\":\"https:\\\/\\\/www.silutesnaujienos.lt\\\/lt\\\/wp-content\\\/uploads\\\/2020\\\/06\\\/FB_MAIN.jpg\",\"contentUrl\":\"https:\\\/\\\/www.silutesnaujienos.lt\\\/lt\\\/wp-content\\\/uploads\\\/2020\\\/06\\\/FB_MAIN.jpg\",\"width\":1700,\"height\":956,\"caption\":\"\u0160ilut\u0117s naujienos\"},\"image\":{\"@id\":\"https:\\\/\\\/www.silutesnaujienos.lt\\\/lt\\\/#\\\/schema\\\/logo\\\/image\\\/\"},\"sameAs\":[\"https:\\\/\\\/www.facebook.com\\\/silutes.naujienos\\\/\",\"https:\\\/\\\/www.youtube.com\\\/channel\\\/UCxW-cgrJDt8GxIMxSTAfJZg\"]},{\"@type\":\"Person\",\"@id\":\"https:\\\/\\\/www.silutesnaujienos.lt\\\/lt\\\/#\\\/schema\\\/person\\\/232f475ddd4a7b5f49b3abc788b17e83\",\"name\":\"\u0160ilut\u0117s naujien\u0173 inf.\",\"image\":{\"@type\":\"ImageObject\",\"inLanguage\":\"lt-LT\",\"@id\":\"https:\\\/\\\/www.silutesnaujienos.lt\\\/lt\\\/wp-content\\\/uploads\\\/2020\\\/06\\\/favicon.png\",\"url\":\"https:\\\/\\\/www.silutesnaujienos.lt\\\/lt\\\/wp-content\\\/uploads\\\/2020\\\/06\\\/favicon.png\",\"contentUrl\":\"https:\\\/\\\/www.silutesnaujienos.lt\\\/lt\\\/wp-content\\\/uploads\\\/2020\\\/06\\\/favicon.png\",\"caption\":\"\u0160ilut\u0117s naujien\u0173 inf.\"},\"sameAs\":[\"https:\\\/\\\/www.silutesnaujienos.lt\\\/lt\"],\"url\":\"https:\\\/\\\/www.silutesnaujienos.lt\\\/lt\\\/author\\\/ruta\\\/\"}]}<\/script>\n<!-- \/ Yoast SEO plugin. -->","yoast_head_json":{"title":"Vaikus marinusi motina liko laisv\u0117je - \u0160ilut\u0117s naujienos","robots":{"index":"index","follow":"follow","max-snippet":"max-snippet:-1","max-image-preview":"max-image-preview:large","max-video-preview":"max-video-preview:-1"},"canonical":"https:\/\/www.silutesnaujienos.lt\/lt\/vaikus-marinusi-motina-liko-laisveje\/","og_locale":"lt_LT","og_type":"article","og_title":"Vaikus marinusi motina liko laisv\u0117je - \u0160ilut\u0117s naujienos","og_description":"Prokuror\u0117 u\u017e ty\u010din\u012f nu\u017eudym\u0105, sunk\u0173 sveikatos sutrikdym\u0105 ir vaik\u0173 neprie\u017ei\u016br\u0105 si\u016bl\u0117 vaik\u0173 nepri\u017ei\u016br\u0117jusi\u0105 motin\u0105 \u012fkalinti 16 met\u0173. Ta\u010diau teismas ty\u010dinius nusikaltimus, kuriais kaltinta 42 met\u0173 \u0161iluti\u0161k\u0117 Ilona Rojien\u0117, perkvalifikavo \u012f neatsargius. D\u0117l badavimo mirusio berniuko ir d\u0117l tos pa\u010dios prie\u017easties visi\u0161kai i\u0161sekusios mergait\u0117s motina nuteista pusketvirt\u0173 met\u0173 nelaisv\u0117s, bausm\u0117s vykdym\u0105 atidedant. Tiriant \u0161iuos \u012fvykius prab\u0117go [&hellip;]","og_url":"https:\/\/www.silutesnaujienos.lt\/lt\/vaikus-marinusi-motina-liko-laisveje\/","og_site_name":"\u0160ilut\u0117s naujienos","article_publisher":"https:\/\/www.facebook.com\/silutes.naujienos\/","article_published_time":"2013-03-15T10:00:00+00:00","og_image":[{"url":"\/\/silutesnaujienos.lt\/images\/stories\/2013\/03\/19\/thumbnails\/thumb_nuteista_rojiene.jpg","type":"","width":"","height":""}],"author":"\u0160ilut\u0117s naujien\u0173 inf.","twitter_card":"summary_large_image","twitter_misc":{"Written by":"\u0160ilut\u0117s naujien\u0173 inf.","Est. reading time":"4 minut\u0117s"},"schema":{"@context":"https:\/\/schema.org","@graph":[{"@type":"Article","@id":"https:\/\/www.silutesnaujienos.lt\/lt\/vaikus-marinusi-motina-liko-laisveje\/#article","isPartOf":{"@id":"https:\/\/www.silutesnaujienos.lt\/lt\/vaikus-marinusi-motina-liko-laisveje\/"},"author":{"name":"\u0160ilut\u0117s naujien\u0173 inf.","@id":"https:\/\/www.silutesnaujienos.lt\/lt\/#\/schema\/person\/232f475ddd4a7b5f49b3abc788b17e83"},"headline":"Vaikus marinusi motina liko laisv\u0117je","datePublished":"2013-03-15T10:00:00+00:00","mainEntityOfPage":{"@id":"https:\/\/www.silutesnaujienos.lt\/lt\/vaikus-marinusi-motina-liko-laisveje\/"},"wordCount":807,"commentCount":0,"publisher":{"@id":"https:\/\/www.silutesnaujienos.lt\/lt\/#organization"},"articleSection":["Teis\u0117tvarka"],"inLanguage":"lt-LT","potentialAction":[{"@type":"CommentAction","name":"Comment","target":["https:\/\/www.silutesnaujienos.lt\/lt\/vaikus-marinusi-motina-liko-laisveje\/#respond"]}]},{"@type":"WebPage","@id":"https:\/\/www.silutesnaujienos.lt\/lt\/vaikus-marinusi-motina-liko-laisveje\/","url":"https:\/\/www.silutesnaujienos.lt\/lt\/vaikus-marinusi-motina-liko-laisveje\/","name":"Vaikus marinusi motina liko laisv\u0117je - \u0160ilut\u0117s naujienos","isPartOf":{"@id":"https:\/\/www.silutesnaujienos.lt\/lt\/#website"},"datePublished":"2013-03-15T10:00:00+00:00","breadcrumb":{"@id":"https:\/\/www.silutesnaujienos.lt\/lt\/vaikus-marinusi-motina-liko-laisveje\/#breadcrumb"},"inLanguage":"lt-LT","potentialAction":[{"@type":"ReadAction","target":["https:\/\/www.silutesnaujienos.lt\/lt\/vaikus-marinusi-motina-liko-laisveje\/"]}]},{"@type":"BreadcrumbList","@id":"https:\/\/www.silutesnaujienos.lt\/lt\/vaikus-marinusi-motina-liko-laisveje\/#breadcrumb","itemListElement":[{"@type":"ListItem","position":1,"name":"Home","item":"https:\/\/www.silutesnaujienos.lt\/lt\/"},{"@type":"ListItem","position":2,"name":"Vaikus marinusi motina liko laisv\u0117je"}]},{"@type":"WebSite","@id":"https:\/\/www.silutesnaujienos.lt\/lt\/#website","url":"https:\/\/www.silutesnaujienos.lt\/lt\/","name":"\u0160ilut\u0117s naujienos","description":"B\u016bk ant naujien\u0173 bangos!","publisher":{"@id":"https:\/\/www.silutesnaujienos.lt\/lt\/#organization"},"potentialAction":[{"@type":"SearchAction","target":{"@type":"EntryPoint","urlTemplate":"https:\/\/www.silutesnaujienos.lt\/lt\/?s={search_term_string}"},"query-input":{"@type":"PropertyValueSpecification","valueRequired":true,"valueName":"search_term_string"}}],"inLanguage":"lt-LT"},{"@type":"Organization","@id":"https:\/\/www.silutesnaujienos.lt\/lt\/#organization","name":"\u0160ilut\u0117s naujienos","url":"https:\/\/www.silutesnaujienos.lt\/lt\/","logo":{"@type":"ImageObject","inLanguage":"lt-LT","@id":"https:\/\/www.silutesnaujienos.lt\/lt\/#\/schema\/logo\/image\/","url":"https:\/\/www.silutesnaujienos.lt\/lt\/wp-content\/uploads\/2020\/06\/FB_MAIN.jpg","contentUrl":"https:\/\/www.silutesnaujienos.lt\/lt\/wp-content\/uploads\/2020\/06\/FB_MAIN.jpg","width":1700,"height":956,"caption":"\u0160ilut\u0117s naujienos"},"image":{"@id":"https:\/\/www.silutesnaujienos.lt\/lt\/#\/schema\/logo\/image\/"},"sameAs":["https:\/\/www.facebook.com\/silutes.naujienos\/","https:\/\/www.youtube.com\/channel\/UCxW-cgrJDt8GxIMxSTAfJZg"]},{"@type":"Person","@id":"https:\/\/www.silutesnaujienos.lt\/lt\/#\/schema\/person\/232f475ddd4a7b5f49b3abc788b17e83","name":"\u0160ilut\u0117s naujien\u0173 inf.","image":{"@type":"ImageObject","inLanguage":"lt-LT","@id":"https:\/\/www.silutesnaujienos.lt\/lt\/wp-content\/uploads\/2020\/06\/favicon.png","url":"https:\/\/www.silutesnaujienos.lt\/lt\/wp-content\/uploads\/2020\/06\/favicon.png","contentUrl":"https:\/\/www.silutesnaujienos.lt\/lt\/wp-content\/uploads\/2020\/06\/favicon.png","caption":"\u0160ilut\u0117s naujien\u0173 inf."},"sameAs":["https:\/\/www.silutesnaujienos.lt\/lt"],"url":"https:\/\/www.silutesnaujienos.lt\/lt\/author\/ruta\/"}]}},"publishpress_future_workflow_manual_trigger":{"enabledWorkflows":[]},"amp_enabled":true,"_links":{"self":[{"href":"https:\/\/www.silutesnaujienos.lt\/lt\/wp-json\/wp\/v2\/posts\/8596","targetHints":{"allow":["GET"]}}],"collection":[{"href":"https:\/\/www.silutesnaujienos.lt\/lt\/wp-json\/wp\/v2\/posts"}],"about":[{"href":"https:\/\/www.silutesnaujienos.lt\/lt\/wp-json\/wp\/v2\/types\/post"}],"author":[{"embeddable":true,"href":"https:\/\/www.silutesnaujienos.lt\/lt\/wp-json\/wp\/v2\/users\/1"}],"replies":[{"embeddable":true,"href":"https:\/\/www.silutesnaujienos.lt\/lt\/wp-json\/wp\/v2\/comments?post=8596"}],"version-history":[{"count":0,"href":"https:\/\/www.silutesnaujienos.lt\/lt\/wp-json\/wp\/v2\/posts\/8596\/revisions"}],"wp:attachment":[{"href":"https:\/\/www.silutesnaujienos.lt\/lt\/wp-json\/wp\/v2\/media?parent=8596"}],"wp:term":[{"taxonomy":"category","embeddable":true,"href":"https:\/\/www.silutesnaujienos.lt\/lt\/wp-json\/wp\/v2\/categories?post=8596"},{"taxonomy":"post_tag","embeddable":true,"href":"https:\/\/www.silutesnaujienos.lt\/lt\/wp-json\/wp\/v2\/tags?post=8596"}],"curies":[{"name":"wp","href":"https:\/\/api.w.org\/{rel}","templated":true}]}}