{"id":862,"date":"2013-01-05T16:00:00","date_gmt":"2013-01-05T18:00:00","guid":{"rendered":"https:\/\/www.silutesnaujienos.lt\/lt\/senus-metus-palydejo-andreja-naujus-pasitiko-matas\/"},"modified":"2013-01-05T16:00:00","modified_gmt":"2013-01-05T18:00:00","slug":"senus-metus-palydejo-andreja-naujus-pasitiko-matas","status":"publish","type":"post","link":"https:\/\/www.silutesnaujienos.lt\/lt\/senus-metus-palydejo-andreja-naujus-pasitiko-matas\/","title":{"rendered":"Senus metus  palyd\u0117jo Andr\u0117ja, naujus pasitiko Matas"},"content":{"rendered":"<p><a target=\"_blank\" rel=\"caption[Saugi\u0161ki\u0173 Rasos ir Tomo Strumyl\u0173 s\u016bnelis Matas \u0160ilut\u0117s ligonin\u0117je prad\u0117jo Gyvat\u0117s metus.] noopener noreferrer\" class=\"jcepopup\" href=\"\/\/silutesnaujienos.lt\/images\/stories\/2013\/01\/04\/naujagimiai_saugiskiai.jpg\" data-rel=\"lightbox-gallery-rTWvG2ep\" data-rl_title=\"\" data-rl_caption=\"\"><img loading=\"lazy\" decoding=\"async\" style=\"margin: 5px; float: left;\" class=\"caption\" title=\"\" alt=\"naujagimiai saugiskiai\" src=\"\/\/silutesnaujienos.lt\/images\/stories\/2013\/01\/04\/thumbnails\/thumb_naujagimiai_saugiskiai.jpg\" height=\"230\" width=\"307\" \/><\/a><strong>I\u0161tikimiausi m\u016bs\u0173 skaitytojai jau \u017eino, jog kasmet, tuoj po did\u017ei\u0173j\u0173 \u0161ven\u010di\u0173, mes juos supa\u017eindiname su pra\u0117jusius metus \u0160ilut\u0117s ligonin\u0117je palyd\u0117jusiais ir naujuosius pasitikusiais naujagimiais.<\/strong><\/p>\n<p><strong>Tradicijai nenusi\u017eengsime &#8211; jau aplank\u0117me ligonin\u0117s Aku\u0161erijos &#8211; ginekologijos skyriuje prie\u0161paskutin\u0119 Drakono met\u0173 dien\u0105 pasaul\u012f i\u0161vydusius Andr\u0117j\u0105 ir Mant\u0105 ir \u0161iemet sausio 2-\u0105j\u0105 gimus\u012f bei Gyvat\u0117s metus prad\u0117jus\u012f Mat\u0105. Beje, \u0161iuos du berniukus ir vien\u0105 mergait\u0119 vienija tai, kad visi jie savo \u0161eimose &#8211; pirmagimiai.<\/strong><\/p>\n<p><strong>Operuoti i\u0161skirtin\u0119 dien\u0105 \u0161iluti\u0161k\u0117s nepra\u0161\u0117<\/strong><br \/><a target=\"_blank\" rel=\"caption[Antaninos Vere\u0161kien\u0117s dukrel\u0117 Andr\u0117ja tapo paskutini\u0105ja Drakono met\u0173 naujagime \u0160ilut\u0117s ligonin\u0117je.] noopener noreferrer\" class=\"jcepopup\" href=\"\/\/silutesnaujienos.lt\/images\/stories\/2013\/01\/04\/naujagimiai_andreja.jpg\" data-rel=\"lightbox-gallery-rTWvG2ep\" data-rl_title=\"\" data-rl_caption=\"\"><img loading=\"lazy\" decoding=\"async\" style=\"margin: 5px; float: right;\" class=\"caption\" title=\"\" alt=\"naujagimiai andreja\" src=\"\/\/silutesnaujienos.lt\/images\/stories\/2013\/01\/04\/thumbnails\/thumb_naujagimiai_andreja.jpg\" height=\"230\" width=\"307\" \/><\/a><br \/>\u0160ilut\u0117s ligonin\u0117je 2012-aisiais gim\u0117 \u0161iek tiek ma\u017eiau k\u016bdiki\u0173 nei 2011 metais &#8211; 272 (2011-aisiais buvo 301). Reta tai, kad pernai \u010dia nesulaukta n\u0117 vienos dvynuk\u0173 poros, kai ankstesniais metais b\u016bdavo ir po 5, ir po 6 poras.<\/p>\n<p>Skyriaus ved\u0117jas Gediminas Vai\u010di\u016bnas sako, jog dvynuk\u0173 laukta, bet d\u0117l galim\u0173 komplikacij\u0173 j\u0173 besilaukian\u010dios moterys gimdyti i\u0161ve\u017etos \u012f Klaip\u0117dos ir Kauno ligonines.<\/p>\n<p>Skyriaus medikai d\u017eiaugiasi, kad pernai, kaip ir pastaruosius kelerius metus, \u0160ilut\u0117je nebuvo n\u0117 vieno negyvo naujagimio.<br \/>\u0160iek tiek ma\u017eiau nei u\u017epernai, \u0160ilut\u0117s ligonin\u0117je pernai atlikta ir Cezario pj\u016bvio operacij\u0173, \u0161is skai\u010dius suma\u017e\u0117jo nuo 76 iki 72.<br \/>Beje, kai kuriose \u0161alies ligonin\u0117se pasteb\u0117ta tendencija, kad b\u016bsimosios mamos pra\u0161\u0117 atlikti Cezario pj\u016bvio operacijas kuri\u0105 nors i\u0161skirtin\u0119 met\u0173 dien\u0105, pavyzd\u017eiui, 2012-\u0173j\u0173 met\u0173 12-to m\u0117nesio 12 dien\u0105. \u0160ilut\u0117je pageidaujan\u010di\u0173j\u0173 tokio i\u0161skirtinumo neatsirado &#8211; t\u0105 dien\u0105 gimdym\u0173 nepriimta.<\/p>\n<p>\u201e2012-ieji metai niekuo nebuvo i\u0161skirtiniai\u201c, &#8211; reziumuoja G.Vai\u010di\u016bnas.<\/p>\n<p><strong>K\u016bdikiai koregavo t\u0117v\u0173 planus<\/strong><\/p>\n<p>Paskutinis Drakono met\u0173 k\u016bdikis, gim\u0119s \u0160ilut\u0117s ligonin\u0117je, &#8211; tok\u012f titul\u0105 gal\u0117s ne\u0161ioti Antaninos ir Edgaro Vere\u0161k\u0173 dukrel\u0117. T\u0117vai jai jau i\u0161rinko Andr\u0117jos vard\u0105.<\/p>\n<p><a target=\"_blank\" rel=\"caption[Agn\u0117s ir Eduardo s\u016bnelis Mantas Zajac buvo prie\u0161paskutinis pra\u0117jusiais metais \u0160ilut\u0117s ligonin\u0117je gim\u0119s k\u016bdikis.] noopener noreferrer\" class=\"jcepopup\" href=\"\/\/silutesnaujienos.lt\/images\/stories\/2013\/01\/04\/naujadimiai_zajac.jpg\" data-rel=\"lightbox-gallery-rTWvG2ep\" data-rl_title=\"\" data-rl_caption=\"\"><img loading=\"lazy\" decoding=\"async\" style=\"margin: 5px; float: left;\" class=\"caption\" title=\"\" alt=\"naujadimiai zajac\" src=\"\/\/silutesnaujienos.lt\/images\/stories\/2013\/01\/04\/thumbnails\/thumb_naujadimiai_zajac.jpg\" height=\"230\" width=\"307\" \/><\/a>Greta \u0160ilut\u0117s esan\u010diame Macik\u0173 kaime gyvenanti jauna \u0161eima naujagimio lauk\u0117 kur kas anks\u010diau &#8211; gruod\u017eio 22-\u0105j\u0105, bet Andr\u0117ja, anot mamos, \u012f pasaul\u012f neskub\u0117jo. 19-met\u0117s Antaninos ir 22-ej\u0173 Edgaro pirmagim\u0117 pasaul\u012f i\u0161vydo gruod\u017eio 30-osios vakare, 19.41 val. Mergait\u0117 buvo 3860 gram\u0173 svorio ir 56 cm \u016bgio.<\/p>\n<p>T\u0105 pa\u010di\u0105 dien\u0105, tik keliomis valandomis anks\u010diau &#8211; 13.53 val., pasaul\u012f i\u0161vydo ir \u0161iluti\u0161kis Mantas Zajac. Berniuko t\u0117vai &#8211; 24-eri\u0173 vir\u0117jos &#8211; padav\u0117jos profesij\u0105 turinti Agn\u0117 ir 30-metis \u012fmon\u0117s \u201eVirekta\u201c stalius &#8211; bald\u017eius Eduardas s\u016bnaus lauk\u0117 \u0161i\u0173 met\u0173 pirm\u0105j\u0105 dien\u0105, bet j\u0173 pirmagimis pakoregavo t\u0117v\u0173 planus &#8211; gim\u0117 gruod\u017eio 30-\u0105j\u0105. Mantas sv\u0117r\u0117 3980 gram\u0173, jo \u016bgis &#8211; 56 cm.<\/p>\n<p>O Gyvat\u0117s metus \u0160ilut\u0117s ligonin\u0117je prad\u0117jo saugi\u0161ki\u0173 Rasos ir Tomo Strumyl\u0173 s\u016bnelis, kuriam t\u0117vai jau seniai buvo i\u0161rink\u0119 Mato vard\u0105. 3700 gram\u0173 sveriantis ir 53 cm \u016bgio berniukas gim\u0117 sausio 2-\u0105j\u0105, pary\u010diui &#8211; 3.22 val.<\/p>\n<p>\u0160ie saugi\u0161kiai savo pirmojo d\u017eiaugsmo tik\u0117josi sulaukti kiek v\u0117liau ir kad b\u016btent jis taps tokiu \u012f\u017eymiu naujagimiu, sako nesitik\u0117j\u0119.<\/p>\n","protected":false},"excerpt":{"rendered":"<p>I\u0161tikimiausi m\u016bs\u0173 skaitytojai jau \u017eino, jog kasmet, tuoj po did\u017ei\u0173j\u0173 \u0161ven\u010di\u0173, mes juos supa\u017eindiname su pra\u0117jusius metus \u0160ilut\u0117s ligonin\u0117je palyd\u0117jusiais ir naujuosius pasitikusiais naujagimiais. Tradicijai nenusi\u017eengsime &#8211; jau aplank\u0117me ligonin\u0117s Aku\u0161erijos &#8211; ginekologijos skyriuje prie\u0161paskutin\u0119 Drakono met\u0173 dien\u0105 pasaul\u012f i\u0161vydusius Andr\u0117j\u0105 ir Mant\u0105 ir \u0161iemet sausio 2-\u0105j\u0105 gimus\u012f bei Gyvat\u0117s metus prad\u0117jus\u012f Mat\u0105. Beje, \u0161iuos [&hellip;]<\/p>\n","protected":false},"author":1,"featured_media":0,"comment_status":"open","ping_status":"open","sticky":false,"template":"","format":"standard","meta":{"footnotes":""},"categories":[52],"tags":[],"class_list":{"0":"post-862","1":"post","2":"type-post","3":"status-publish","4":"format-standard","6":"category-gyvenimas"},"yoast_head":"<!-- This site is optimized with the Yoast SEO plugin v27.5 - https:\/\/yoast.com\/product\/yoast-seo-wordpress\/ -->\n<title>Senus metus palyd\u0117jo Andr\u0117ja, naujus pasitiko Matas - \u0160ilut\u0117s naujienos<\/title>\n<meta name=\"robots\" content=\"index, follow, max-snippet:-1, max-image-preview:large, max-video-preview:-1\" \/>\n<link rel=\"canonical\" href=\"https:\/\/www.silutesnaujienos.lt\/lt\/senus-metus-palydejo-andreja-naujus-pasitiko-matas\/\" \/>\n<meta property=\"og:locale\" content=\"lt_LT\" \/>\n<meta property=\"og:type\" content=\"article\" \/>\n<meta property=\"og:title\" content=\"Senus metus palyd\u0117jo Andr\u0117ja, naujus pasitiko Matas - \u0160ilut\u0117s naujienos\" \/>\n<meta property=\"og:description\" content=\"I\u0161tikimiausi m\u016bs\u0173 skaitytojai jau \u017eino, jog kasmet, tuoj po did\u017ei\u0173j\u0173 \u0161ven\u010di\u0173, mes juos supa\u017eindiname su pra\u0117jusius metus \u0160ilut\u0117s ligonin\u0117je palyd\u0117jusiais ir naujuosius pasitikusiais naujagimiais. Tradicijai nenusi\u017eengsime &#8211; jau aplank\u0117me ligonin\u0117s Aku\u0161erijos &#8211; ginekologijos skyriuje prie\u0161paskutin\u0119 Drakono met\u0173 dien\u0105 pasaul\u012f i\u0161vydusius Andr\u0117j\u0105 ir Mant\u0105 ir \u0161iemet sausio 2-\u0105j\u0105 gimus\u012f bei Gyvat\u0117s metus prad\u0117jus\u012f Mat\u0105. Beje, \u0161iuos [&hellip;]\" \/>\n<meta property=\"og:url\" content=\"https:\/\/www.silutesnaujienos.lt\/lt\/senus-metus-palydejo-andreja-naujus-pasitiko-matas\/\" \/>\n<meta property=\"og:site_name\" content=\"\u0160ilut\u0117s naujienos\" \/>\n<meta property=\"article:publisher\" content=\"https:\/\/www.facebook.com\/silutes.naujienos\/\" \/>\n<meta property=\"article:published_time\" content=\"2013-01-05T18:00:00+00:00\" \/>\n<meta property=\"og:image\" content=\"\/\/silutesnaujienos.lt\/images\/stories\/2013\/01\/04\/thumbnails\/thumb_naujagimiai_saugiskiai.jpg\" \/>\n<meta name=\"author\" content=\"\u0160ilut\u0117s naujien\u0173 inf.\" \/>\n<meta name=\"twitter:card\" content=\"summary_large_image\" \/>\n<meta name=\"twitter:label1\" content=\"Written by\" \/>\n\t<meta name=\"twitter:data1\" content=\"\u0160ilut\u0117s naujien\u0173 inf.\" \/>\n\t<meta name=\"twitter:label2\" content=\"Est. reading time\" \/>\n\t<meta name=\"twitter:data2\" content=\"2 minut\u0117s\" \/>\n<script type=\"application\/ld+json\" class=\"yoast-schema-graph\">{\"@context\":\"https:\\\/\\\/schema.org\",\"@graph\":[{\"@type\":\"Article\",\"@id\":\"https:\\\/\\\/www.silutesnaujienos.lt\\\/lt\\\/senus-metus-palydejo-andreja-naujus-pasitiko-matas\\\/#article\",\"isPartOf\":{\"@id\":\"https:\\\/\\\/www.silutesnaujienos.lt\\\/lt\\\/senus-metus-palydejo-andreja-naujus-pasitiko-matas\\\/\"},\"author\":{\"name\":\"\u0160ilut\u0117s naujien\u0173 inf.\",\"@id\":\"https:\\\/\\\/www.silutesnaujienos.lt\\\/lt\\\/#\\\/schema\\\/person\\\/232f475ddd4a7b5f49b3abc788b17e83\"},\"headline\":\"Senus metus palyd\u0117jo Andr\u0117ja, naujus pasitiko Matas\",\"datePublished\":\"2013-01-05T18:00:00+00:00\",\"mainEntityOfPage\":{\"@id\":\"https:\\\/\\\/www.silutesnaujienos.lt\\\/lt\\\/senus-metus-palydejo-andreja-naujus-pasitiko-matas\\\/\"},\"wordCount\":503,\"commentCount\":0,\"publisher\":{\"@id\":\"https:\\\/\\\/www.silutesnaujienos.lt\\\/lt\\\/#organization\"},\"articleSection\":[\"Gyvenimas\"],\"inLanguage\":\"lt-LT\",\"potentialAction\":[{\"@type\":\"CommentAction\",\"name\":\"Comment\",\"target\":[\"https:\\\/\\\/www.silutesnaujienos.lt\\\/lt\\\/senus-metus-palydejo-andreja-naujus-pasitiko-matas\\\/#respond\"]}]},{\"@type\":\"WebPage\",\"@id\":\"https:\\\/\\\/www.silutesnaujienos.lt\\\/lt\\\/senus-metus-palydejo-andreja-naujus-pasitiko-matas\\\/\",\"url\":\"https:\\\/\\\/www.silutesnaujienos.lt\\\/lt\\\/senus-metus-palydejo-andreja-naujus-pasitiko-matas\\\/\",\"name\":\"Senus metus palyd\u0117jo Andr\u0117ja, naujus pasitiko Matas - \u0160ilut\u0117s naujienos\",\"isPartOf\":{\"@id\":\"https:\\\/\\\/www.silutesnaujienos.lt\\\/lt\\\/#website\"},\"datePublished\":\"2013-01-05T18:00:00+00:00\",\"breadcrumb\":{\"@id\":\"https:\\\/\\\/www.silutesnaujienos.lt\\\/lt\\\/senus-metus-palydejo-andreja-naujus-pasitiko-matas\\\/#breadcrumb\"},\"inLanguage\":\"lt-LT\",\"potentialAction\":[{\"@type\":\"ReadAction\",\"target\":[\"https:\\\/\\\/www.silutesnaujienos.lt\\\/lt\\\/senus-metus-palydejo-andreja-naujus-pasitiko-matas\\\/\"]}]},{\"@type\":\"BreadcrumbList\",\"@id\":\"https:\\\/\\\/www.silutesnaujienos.lt\\\/lt\\\/senus-metus-palydejo-andreja-naujus-pasitiko-matas\\\/#breadcrumb\",\"itemListElement\":[{\"@type\":\"ListItem\",\"position\":1,\"name\":\"Home\",\"item\":\"https:\\\/\\\/www.silutesnaujienos.lt\\\/lt\\\/\"},{\"@type\":\"ListItem\",\"position\":2,\"name\":\"Senus metus palyd\u0117jo Andr\u0117ja, naujus pasitiko Matas\"}]},{\"@type\":\"WebSite\",\"@id\":\"https:\\\/\\\/www.silutesnaujienos.lt\\\/lt\\\/#website\",\"url\":\"https:\\\/\\\/www.silutesnaujienos.lt\\\/lt\\\/\",\"name\":\"\u0160ilut\u0117s naujienos\",\"description\":\"B\u016bk ant naujien\u0173 bangos!\",\"publisher\":{\"@id\":\"https:\\\/\\\/www.silutesnaujienos.lt\\\/lt\\\/#organization\"},\"potentialAction\":[{\"@type\":\"SearchAction\",\"target\":{\"@type\":\"EntryPoint\",\"urlTemplate\":\"https:\\\/\\\/www.silutesnaujienos.lt\\\/lt\\\/?s={search_term_string}\"},\"query-input\":{\"@type\":\"PropertyValueSpecification\",\"valueRequired\":true,\"valueName\":\"search_term_string\"}}],\"inLanguage\":\"lt-LT\"},{\"@type\":\"Organization\",\"@id\":\"https:\\\/\\\/www.silutesnaujienos.lt\\\/lt\\\/#organization\",\"name\":\"\u0160ilut\u0117s naujienos\",\"url\":\"https:\\\/\\\/www.silutesnaujienos.lt\\\/lt\\\/\",\"logo\":{\"@type\":\"ImageObject\",\"inLanguage\":\"lt-LT\",\"@id\":\"https:\\\/\\\/www.silutesnaujienos.lt\\\/lt\\\/#\\\/schema\\\/logo\\\/image\\\/\",\"url\":\"https:\\\/\\\/www.silutesnaujienos.lt\\\/lt\\\/wp-content\\\/uploads\\\/2020\\\/06\\\/FB_MAIN.jpg\",\"contentUrl\":\"https:\\\/\\\/www.silutesnaujienos.lt\\\/lt\\\/wp-content\\\/uploads\\\/2020\\\/06\\\/FB_MAIN.jpg\",\"width\":1700,\"height\":956,\"caption\":\"\u0160ilut\u0117s naujienos\"},\"image\":{\"@id\":\"https:\\\/\\\/www.silutesnaujienos.lt\\\/lt\\\/#\\\/schema\\\/logo\\\/image\\\/\"},\"sameAs\":[\"https:\\\/\\\/www.facebook.com\\\/silutes.naujienos\\\/\",\"https:\\\/\\\/www.youtube.com\\\/channel\\\/UCxW-cgrJDt8GxIMxSTAfJZg\"]},{\"@type\":\"Person\",\"@id\":\"https:\\\/\\\/www.silutesnaujienos.lt\\\/lt\\\/#\\\/schema\\\/person\\\/232f475ddd4a7b5f49b3abc788b17e83\",\"name\":\"\u0160ilut\u0117s naujien\u0173 inf.\",\"image\":{\"@type\":\"ImageObject\",\"inLanguage\":\"lt-LT\",\"@id\":\"https:\\\/\\\/www.silutesnaujienos.lt\\\/lt\\\/wp-content\\\/uploads\\\/2020\\\/06\\\/favicon.png\",\"url\":\"https:\\\/\\\/www.silutesnaujienos.lt\\\/lt\\\/wp-content\\\/uploads\\\/2020\\\/06\\\/favicon.png\",\"contentUrl\":\"https:\\\/\\\/www.silutesnaujienos.lt\\\/lt\\\/wp-content\\\/uploads\\\/2020\\\/06\\\/favicon.png\",\"caption\":\"\u0160ilut\u0117s naujien\u0173 inf.\"},\"sameAs\":[\"https:\\\/\\\/www.silutesnaujienos.lt\\\/lt\"],\"url\":\"https:\\\/\\\/www.silutesnaujienos.lt\\\/lt\\\/author\\\/ruta\\\/\"}]}<\/script>\n<!-- \/ Yoast SEO plugin. -->","yoast_head_json":{"title":"Senus metus palyd\u0117jo Andr\u0117ja, naujus pasitiko Matas - \u0160ilut\u0117s naujienos","robots":{"index":"index","follow":"follow","max-snippet":"max-snippet:-1","max-image-preview":"max-image-preview:large","max-video-preview":"max-video-preview:-1"},"canonical":"https:\/\/www.silutesnaujienos.lt\/lt\/senus-metus-palydejo-andreja-naujus-pasitiko-matas\/","og_locale":"lt_LT","og_type":"article","og_title":"Senus metus palyd\u0117jo Andr\u0117ja, naujus pasitiko Matas - \u0160ilut\u0117s naujienos","og_description":"I\u0161tikimiausi m\u016bs\u0173 skaitytojai jau \u017eino, jog kasmet, tuoj po did\u017ei\u0173j\u0173 \u0161ven\u010di\u0173, mes juos supa\u017eindiname su pra\u0117jusius metus \u0160ilut\u0117s ligonin\u0117je palyd\u0117jusiais ir naujuosius pasitikusiais naujagimiais. Tradicijai nenusi\u017eengsime &#8211; jau aplank\u0117me ligonin\u0117s Aku\u0161erijos &#8211; ginekologijos skyriuje prie\u0161paskutin\u0119 Drakono met\u0173 dien\u0105 pasaul\u012f i\u0161vydusius Andr\u0117j\u0105 ir Mant\u0105 ir \u0161iemet sausio 2-\u0105j\u0105 gimus\u012f bei Gyvat\u0117s metus prad\u0117jus\u012f Mat\u0105. Beje, \u0161iuos [&hellip;]","og_url":"https:\/\/www.silutesnaujienos.lt\/lt\/senus-metus-palydejo-andreja-naujus-pasitiko-matas\/","og_site_name":"\u0160ilut\u0117s naujienos","article_publisher":"https:\/\/www.facebook.com\/silutes.naujienos\/","article_published_time":"2013-01-05T18:00:00+00:00","og_image":[{"url":"\/\/silutesnaujienos.lt\/images\/stories\/2013\/01\/04\/thumbnails\/thumb_naujagimiai_saugiskiai.jpg","type":"","width":"","height":""}],"author":"\u0160ilut\u0117s naujien\u0173 inf.","twitter_card":"summary_large_image","twitter_misc":{"Written by":"\u0160ilut\u0117s naujien\u0173 inf.","Est. reading time":"2 minut\u0117s"},"schema":{"@context":"https:\/\/schema.org","@graph":[{"@type":"Article","@id":"https:\/\/www.silutesnaujienos.lt\/lt\/senus-metus-palydejo-andreja-naujus-pasitiko-matas\/#article","isPartOf":{"@id":"https:\/\/www.silutesnaujienos.lt\/lt\/senus-metus-palydejo-andreja-naujus-pasitiko-matas\/"},"author":{"name":"\u0160ilut\u0117s naujien\u0173 inf.","@id":"https:\/\/www.silutesnaujienos.lt\/lt\/#\/schema\/person\/232f475ddd4a7b5f49b3abc788b17e83"},"headline":"Senus metus palyd\u0117jo Andr\u0117ja, naujus pasitiko Matas","datePublished":"2013-01-05T18:00:00+00:00","mainEntityOfPage":{"@id":"https:\/\/www.silutesnaujienos.lt\/lt\/senus-metus-palydejo-andreja-naujus-pasitiko-matas\/"},"wordCount":503,"commentCount":0,"publisher":{"@id":"https:\/\/www.silutesnaujienos.lt\/lt\/#organization"},"articleSection":["Gyvenimas"],"inLanguage":"lt-LT","potentialAction":[{"@type":"CommentAction","name":"Comment","target":["https:\/\/www.silutesnaujienos.lt\/lt\/senus-metus-palydejo-andreja-naujus-pasitiko-matas\/#respond"]}]},{"@type":"WebPage","@id":"https:\/\/www.silutesnaujienos.lt\/lt\/senus-metus-palydejo-andreja-naujus-pasitiko-matas\/","url":"https:\/\/www.silutesnaujienos.lt\/lt\/senus-metus-palydejo-andreja-naujus-pasitiko-matas\/","name":"Senus metus palyd\u0117jo Andr\u0117ja, naujus pasitiko Matas - \u0160ilut\u0117s naujienos","isPartOf":{"@id":"https:\/\/www.silutesnaujienos.lt\/lt\/#website"},"datePublished":"2013-01-05T18:00:00+00:00","breadcrumb":{"@id":"https:\/\/www.silutesnaujienos.lt\/lt\/senus-metus-palydejo-andreja-naujus-pasitiko-matas\/#breadcrumb"},"inLanguage":"lt-LT","potentialAction":[{"@type":"ReadAction","target":["https:\/\/www.silutesnaujienos.lt\/lt\/senus-metus-palydejo-andreja-naujus-pasitiko-matas\/"]}]},{"@type":"BreadcrumbList","@id":"https:\/\/www.silutesnaujienos.lt\/lt\/senus-metus-palydejo-andreja-naujus-pasitiko-matas\/#breadcrumb","itemListElement":[{"@type":"ListItem","position":1,"name":"Home","item":"https:\/\/www.silutesnaujienos.lt\/lt\/"},{"@type":"ListItem","position":2,"name":"Senus metus palyd\u0117jo Andr\u0117ja, naujus pasitiko Matas"}]},{"@type":"WebSite","@id":"https:\/\/www.silutesnaujienos.lt\/lt\/#website","url":"https:\/\/www.silutesnaujienos.lt\/lt\/","name":"\u0160ilut\u0117s naujienos","description":"B\u016bk ant naujien\u0173 bangos!","publisher":{"@id":"https:\/\/www.silutesnaujienos.lt\/lt\/#organization"},"potentialAction":[{"@type":"SearchAction","target":{"@type":"EntryPoint","urlTemplate":"https:\/\/www.silutesnaujienos.lt\/lt\/?s={search_term_string}"},"query-input":{"@type":"PropertyValueSpecification","valueRequired":true,"valueName":"search_term_string"}}],"inLanguage":"lt-LT"},{"@type":"Organization","@id":"https:\/\/www.silutesnaujienos.lt\/lt\/#organization","name":"\u0160ilut\u0117s naujienos","url":"https:\/\/www.silutesnaujienos.lt\/lt\/","logo":{"@type":"ImageObject","inLanguage":"lt-LT","@id":"https:\/\/www.silutesnaujienos.lt\/lt\/#\/schema\/logo\/image\/","url":"https:\/\/www.silutesnaujienos.lt\/lt\/wp-content\/uploads\/2020\/06\/FB_MAIN.jpg","contentUrl":"https:\/\/www.silutesnaujienos.lt\/lt\/wp-content\/uploads\/2020\/06\/FB_MAIN.jpg","width":1700,"height":956,"caption":"\u0160ilut\u0117s naujienos"},"image":{"@id":"https:\/\/www.silutesnaujienos.lt\/lt\/#\/schema\/logo\/image\/"},"sameAs":["https:\/\/www.facebook.com\/silutes.naujienos\/","https:\/\/www.youtube.com\/channel\/UCxW-cgrJDt8GxIMxSTAfJZg"]},{"@type":"Person","@id":"https:\/\/www.silutesnaujienos.lt\/lt\/#\/schema\/person\/232f475ddd4a7b5f49b3abc788b17e83","name":"\u0160ilut\u0117s naujien\u0173 inf.","image":{"@type":"ImageObject","inLanguage":"lt-LT","@id":"https:\/\/www.silutesnaujienos.lt\/lt\/wp-content\/uploads\/2020\/06\/favicon.png","url":"https:\/\/www.silutesnaujienos.lt\/lt\/wp-content\/uploads\/2020\/06\/favicon.png","contentUrl":"https:\/\/www.silutesnaujienos.lt\/lt\/wp-content\/uploads\/2020\/06\/favicon.png","caption":"\u0160ilut\u0117s naujien\u0173 inf."},"sameAs":["https:\/\/www.silutesnaujienos.lt\/lt"],"url":"https:\/\/www.silutesnaujienos.lt\/lt\/author\/ruta\/"}]}},"publishpress_future_workflow_manual_trigger":{"enabledWorkflows":[]},"amp_enabled":true,"_links":{"self":[{"href":"https:\/\/www.silutesnaujienos.lt\/lt\/wp-json\/wp\/v2\/posts\/862","targetHints":{"allow":["GET"]}}],"collection":[{"href":"https:\/\/www.silutesnaujienos.lt\/lt\/wp-json\/wp\/v2\/posts"}],"about":[{"href":"https:\/\/www.silutesnaujienos.lt\/lt\/wp-json\/wp\/v2\/types\/post"}],"author":[{"embeddable":true,"href":"https:\/\/www.silutesnaujienos.lt\/lt\/wp-json\/wp\/v2\/users\/1"}],"replies":[{"embeddable":true,"href":"https:\/\/www.silutesnaujienos.lt\/lt\/wp-json\/wp\/v2\/comments?post=862"}],"version-history":[{"count":0,"href":"https:\/\/www.silutesnaujienos.lt\/lt\/wp-json\/wp\/v2\/posts\/862\/revisions"}],"wp:attachment":[{"href":"https:\/\/www.silutesnaujienos.lt\/lt\/wp-json\/wp\/v2\/media?parent=862"}],"wp:term":[{"taxonomy":"category","embeddable":true,"href":"https:\/\/www.silutesnaujienos.lt\/lt\/wp-json\/wp\/v2\/categories?post=862"},{"taxonomy":"post_tag","embeddable":true,"href":"https:\/\/www.silutesnaujienos.lt\/lt\/wp-json\/wp\/v2\/tags?post=862"}],"curies":[{"name":"wp","href":"https:\/\/api.w.org\/{rel}","templated":true}]}}