{"id":881,"date":"2013-02-24T08:00:00","date_gmt":"2013-02-24T10:00:00","guid":{"rendered":"https:\/\/www.silutesnaujienos.lt\/lt\/del-seno-rambyno-t-balcytis-aiskinosi-komunistu-partijai\/"},"modified":"2013-02-24T08:00:00","modified_gmt":"2013-02-24T10:00:00","slug":"del-seno-rambyno-t-balcytis-aiskinosi-komunistu-partijai","status":"publish","type":"post","link":"https:\/\/www.silutesnaujienos.lt\/lt\/del-seno-rambyno-t-balcytis-aiskinosi-komunistu-partijai\/","title":{"rendered":"D\u0117l \u201eSeno Rambyno\u201c T.Bal\u010dytis ai\u0161kinosi komunist\u0173 partijai"},"content":{"rendered":"<p><a target=\"_blank\" rel=\"caption[T.Bal\u010dytis \u0161alia savo pianino, ant kurio jo \u012fdainuota pirmoji Lietuvoje autorini\u0173 dain\u0173 plok\u0161tel\u0117.] noopener noreferrer\" class=\"jcepopup\" href=\"\/\/silutesnaujienos.lt\/images\/stories\/2013\/02\/22\/Balcytis_su_Makacino_plokstele.jpg\" data-rel=\"lightbox-gallery-tPImohEC\" data-rl_title=\"\" data-rl_caption=\"\"><img loading=\"lazy\" decoding=\"async\" style=\"margin: 5px; float: left;\" class=\"caption\" title=\"\" alt=\"Balcytis su Makacino plokstele\" src=\"\/\/silutesnaujienos.lt\/images\/stories\/2013\/02\/22\/thumbnails\/thumb_Balcytis_su_Makacino_plokstele.jpg\" height=\"230\" width=\"307\" \/><\/a><strong>Lygiai prie\u0161 502 m., vasario 22 d. Klaip\u0117dos miesto komt\u016bras Michaelis von \u0160vabas suteik\u0117 Jurgiui Talai\u010diui privilegij\u0105 \u201elaikyti \u0161ile kar\u010dem\u0105\u201c su laukais, mi\u0161kais, \u012fdirbtomis dirvomis ir su teise laisvai \u017evejoti Kur\u0161i\u0173 mariose. Taip ra\u0161ytiniuose \u0161altiniuose pirm\u0105 kart\u0105 buvo pamin\u0117tas \u0160ilokar\u010demos vardas.<\/strong><\/p>\n<p><strong>Prie\u0161 por\u0105 met\u0173, pasitinkant \u0160ilut\u0117s 500 met\u0173 jubiliej\u0173, \u0161i data pagerbta dain\u0173 apie \u0160ilut\u0119 konkursu, kuriame var\u017e\u0117si gabiausi rajono muzikiniai kolektyvai bei atlik\u0117jai.<\/strong><\/p>\n<p>\u201eKur senas Rambynas, kur Nemunas m\u0117lynas\u201c, &#8211; pirmosios dainos apie Pamario kra\u0161t\u0105 \u017eod\u017eiai, virpinantys daugelio \u0161iluti\u0161ki\u0173 \u0161irdis ir \u012fsir\u0117\u017e\u0119 tiek jauno, tiek seno atmintyse. \u0160ios dainos autorius ir pirmasis atlik\u0117jas &#8211; buv\u0119s \u0160ilut\u0117s meno mokyklos mokytojas Tomas BAL\u010cYTIS, i\u0161ugd\u0119s daugyb\u0119 gabi\u0173 pu\u010diam\u0173j\u0173 instrument\u0173 atlik\u0117j\u0173.<\/p>\n<p>\u0160iemet, vasario prad\u017eioje, T.Bal\u010dytis pagerbtas m\u016bs\u0173 kra\u0161to muzikant\u0173 su\u0117jime &#8211; jam \u012fteiktas \u201eMuzikos sparnas\u201c.<\/p>\n<p>Su \u201e\u0160ilut\u0117s naujien\u0173\u201c skaitytojais k\u016br\u0117jas pasidalijo prisiminimais apie muzik\u0105, lyd\u0117jusi\u0105 ir lydin\u010di\u0105 j\u012f visur. T.Bal\u010dy\u010dio nam\u0173 svetain\u0117je svarbiausias daiktas &#8211; pianinas, vir\u0161 jo &#8211; mar\u010dios Inesos Linaburgyt\u0117s, garsios operos solist\u0117s, tapytas paveikslas. Akis traukia ir daugyb\u0117 plok\u0161teli\u0173, apdovanojim\u0173, pad\u0117kos ra\u0161t\u0173.<\/p>\n<p>Sklaidydami senas nuotraukas, neju\u010dia nusikeliame \u012f pra\u0117jusio \u0161imtme\u010dio vidur\u012f &#8211; kalbam\u0117s apie atlik\u0117jo \u0161eim\u0105, tarnyb\u0105 sovietin\u0117je armijoje, presti\u017einius \u201eVilniaus bok\u0161t\u0173\u201c vokalist\u0173 konkursus bei ilgamet\u012f darb\u0105 \u0160ilut\u0117s muzikos erdv\u0117se.<\/p>\n<p><strong>Muzikuoti past\u016bm\u0117jo d\u0117d\u0117s dovana<\/strong><\/p>\n<p>T.Bal\u010dy\u010dio vaikyst\u0117 prab\u0117go \u017demai\u010di\u0173 Naumiestyje. Nuo ma\u017e\u0173 dien\u0173 buvo gabus muzikai, tod\u0117l tai pamat\u0119s d\u0117d\u0117 devynme\u010diui padovanojo pirm\u0105j\u012f instrument\u0105 &#8211; armonik\u0105. \u201eNuo tada ir prasid\u0117jo mano muzikin\u0117 veikla: dainavau, grojau\u201c, &#8211; prisimena atlik\u0117jas.<\/p>\n<p>Talentingas jaunuolis po keleri\u0173 met\u0173 buvo pasteb\u0117tas ir gavo kelialap\u012f \u012f Artek\u0105 &#8211; garsiausi\u0105 TSRS vaik\u0173 sanatorij\u0105 Krymo pusiasalyje, kur patekdavo tik patys gabiausi. Kartu pasi\u0117m\u0119s ir armonik\u0105, ten populiarino lietuvi\u0161k\u0105 muzik\u0105 bei dainas.<a target=\"_blank\" rel=\"caption[Kartu su \u017emona Onute, vasario prad\u017eioje \u012fvykusiame \u0160ilut\u0117s muzikant\u0173 samb\u016bryje.] noopener noreferrer\" class=\"jcepopup\" href=\"\/\/silutesnaujienos.lt\/images\/stories\/2013\/02\/22\/Balcytis_su_zmona.jpg\" data-rel=\"lightbox-gallery-tPImohEC\" data-rl_title=\"\" data-rl_caption=\"\"><img loading=\"lazy\" decoding=\"async\" style=\"margin: 5px; float: right;\" class=\"caption\" title=\"\" alt=\"Balcytis su zmona\" src=\"\/\/silutesnaujienos.lt\/images\/stories\/2013\/02\/22\/thumbnails\/thumb_Balcytis_su_zmona.jpg\" height=\"230\" width=\"307\" \/><\/a><\/p>\n<p>V\u0117liau savo \u012fg\u016bd\u017eius Tomas gilino Klaip\u0117dos muzikos mokykloje, kur baig\u0117 pu\u010diam\u0173j\u0173 &#8211; obojaus klas\u0119. 1963 m. baig\u0119s mokslus, T.Bal\u010dytis gavo paskyrim\u0105 \u012f \u0160ilal\u0117s kult\u016bros namus, kur sub\u016br\u0119s d\u016bd\u0173 orkestr\u0117l\u012f, grodavo \u012fvairiausiomis progomis.<\/p>\n<p>\u201eTuo pa\u010diu metu sub\u016briau ir estradin\u0119 grup\u0119, kurioje teko dainuoti. Nuo tada ir prasid\u0117jo mano dainininko sta\u017eas\u201c, &#8211; sako jis.<\/p>\n<p><strong>Armijoje sub\u016br\u0117 d\u016bd\u0173 orkestr\u0105<\/strong><\/p>\n<p>Neilgai pabuv\u0119s \u0160ilal\u0117je, T.Bal\u010dytis buvo pa\u0161auktas \u012f sovietin\u0119 kariuomen\u0119. Atrodo, kad muzika susikrov\u0117 lagaminus kartu su juo. Prisimena, kad dar prie\u0161 i\u0161vykdamas i\u0161 Lietuvos i\u0161 u\u017esakov\u0173 rus\u0173 gavo u\u017esakym\u0105 suburti d\u016bd\u0173 orkestr\u0105. Surinko vien lietuvi\u0173 komand\u0105, kuri i\u0161silaik\u0117 visus 3 metus.<\/p>\n<p>\u201eBe pu\u010diam\u0173j\u0173 orkestro, dalinyje sub\u016br\u0117me estradin\u0119 grup\u0119, kurioje grojau ir dainavau. Daug koncertuodavome poilsio namuose, sanatorijose, mokyklose, kituose kariniuose daliniuose. Po koncerto gaudavome gard\u017ei\u0105 vakarien\u0119. Paskui tie patys lietuviai \u012fk\u016br\u0117 estradin\u012f orkestr\u0105, \u012fvald\u017eiau naujus instrumentus: trombon\u0105, saksofon\u0105\u201c, &#8211; prisimena dainininkas.<\/p>\n<p>Kariuomen\u0117je teko paragauti ir fizinio darbo: kas\u0117 griovius, klodavo vandentieki\u0173 vamzd\u017eius. Per vis\u0105 armijoje i\u0161tarnaut\u0105 laik\u0105 T.Bal\u010dytis u\u017esidirbo 3000 rubli\u0173, kurie v\u0117liau tapo pagrindu \u0161eimyniniam gyvenimui Lietuvoje.<\/p>\n<p>Su b\u016bsima \u017emona Onute muzikantas susipa\u017eino dar prie\u0161 i\u0161vykdamas, o susituok\u0117 po dviej\u0173 armijoje praleist\u0173 met\u0173, per atostogas. \u201e\u0160auni ji moteris, nenor\u0117jau tada jos paleisti\u201c, &#8211; atviravo T.Bal\u010dytis, po keleri\u0173 met\u0173 min\u0117siantis santuokos auksin\u012f jubiliej\u0173.<\/p>\n<p><strong>Respublikiniuose konkursuose lyd\u0117jo s\u0117km\u0117<\/strong><\/p>\n<p>Daugiau nei 3 metus i\u0161tarnav\u0119s armijoje, atlik\u0117jas gr\u012f\u017eo namo, o po kurio laiko \u012fsidarbino \u0160ilut\u0117s muzikos mokykloje. Tada prasid\u0117jo aktyvi Tomo kaip dainininko karjera. \u201e\u010cia mane susirado estradinio ansamblio vadovas Bronius Bu\u010dius ir pakviet\u0117 dainuoti. Mes su\u017eib\u0117jome su tuo ansambliu, \u012f \u012fvairius koncertus, festivalius va\u017eiuodavome\u201c, &#8211; pasakoja jis.<\/p>\n<p>V\u0117liau savo vokalinius sugeb\u0117jimus T.Bal\u010dytis i\u0161band\u0117 konkurse Klaip\u0117doje, kur jis tapo Klaip\u0117dos zonos nugal\u0117toju. Tarp komisijos nari\u0173 buvo \u017eym\u016bs kompozitoriai Mikas Vaitkevi\u010dius ir Mikalojus Novikas. Vienas j\u0173 pasak\u0117: \u201eKo tu \u010dia dabar triniesi po t\u0105 Klaip\u0117d\u0105, va\u017eiuok \u012f \u201eVilniaus bok\u0161tus\u201c.<\/p>\n<p>Taip 1971 m. \u0161iluti\u0161kis atsid\u016br\u0117 presti\u017einiame \u201eVilniaus bok\u0161t\u0173\u201c konkurse ir tapo diplomantu &#8211; II vietos laim\u0117toju. V\u0117liau \u012f \u0161\u012f konkurs\u0105 jis va\u017eiavo dar du kartus, o dar kart\u0105 s\u0117km\u0117 nusi\u0161ypsojo 1973 m.<\/p>\n<p>Savo pasiekim\u0173 \u0161iluti\u0161kis nesureik\u0161mina: \u201eBuvau provincialas, man buvo sunku kokuruoti su tokiais miesto asais, kaip Stasys Povilaitis ir Janina Mi\u0161\u010diukait\u0117\u201c. <\/p>\n<p>Po pirmojo pasirodymo \u201eVilniaus bok\u0161tuose\u201c \u0161iluti\u0161k\u012f pasteb\u0117jo kompozitorius Teisutis Maka\u010dinas. \u201eMes su juo \u0161auniai padirb\u0117jome ir i\u0161leidome pirm\u0105j\u0105 Lietuvoje autorini\u0173 dain\u0173 plok\u0161tel\u0119 \u201eEstradiniai k\u016briniai\u201c. Visus k\u016brinius \u012fdainavau a\u0161 vienas\u201c, &#8211; d\u017eiaugsmo nesl\u0117p\u0117 p.Tomas.<\/p>\n<p><a target=\"_blank\" rel=\"caption[Radijo ir televizijos koncerte, pra\u0117jusio am\u017eiaus a\u0161tuntame de\u0161imtmetyje. ] noopener noreferrer\" class=\"jcepopup\" href=\"\/\/silutesnaujienos.lt\/images\/stories\/2013\/02\/22\/Tomas_Balcytis2.jpg\" data-rel=\"lightbox-gallery-tPImohEC\" data-rl_title=\"\" data-rl_caption=\"\"><img loading=\"lazy\" decoding=\"async\" style=\"margin: 5px; float: left;\" class=\"caption\" title=\"\" alt=\"Tomas Balcytis2\" src=\"\/\/silutesnaujienos.lt\/images\/stories\/2013\/02\/22\/thumbnails\/thumb_Tomas_Balcytis2.jpg\" height=\"230\" width=\"307\" \/><\/a><strong>Nor\u0117jo b\u016bti su \u0161eima<\/strong><\/p>\n<p>V\u0117liau buvo dar daug konkurs\u0173, koncert\u0173, i\u0161vyk\u0173, muzikos studijos, pa\u017eintys ir bendradarbiavimas su garsiais Lietuvos kompozitoriais Pranu Naru\u0161iu, Mikalojumi Noviku. Ta\u010diau siautulingas did\u017ei\u0173j\u0173 miest\u0173 gyvenimo verpetas T.Bal\u010dy\u010dio ne\u012ftrauk\u0117 ir neviliojo.<\/p>\n<p>Jis pasakojo, kad nuvyk\u0119s \u012f tolimesn\u012f koncert\u0105 ar rengin\u012f, t\u0105 pa\u010di\u0105 dien\u0105 gr\u012f\u017edavo namo, \u012f \u0160ilut\u0119: \u201eKai mano muzikin\u0117 karjera prasid\u0117jo, gim\u0117 s\u016bn\u016bs Marius ir Dainius. Nor\u0117jau labiau b\u016bti namuose su \u0161eima, tur\u0117ti nuolatin\u012f darb\u0105. Tas lakstymas, b\u0117giojimas buvo ne man\u201c.<\/p>\n<p>Vyresnysis Bal\u010dy\u010di\u0173 s\u016bnus Marius, kaip ir t\u0117tis, pasuko muzikos keliu. \u0160iandien jis groja trombonu Lietuvos nacionaliniame simfoniniame orkestre, daug koncertuoja, yra apkeliav\u0119s Europ\u0105, Amerik\u0105. Mariaus \u017emona &#8211; garsi Lietuvos nacionalinio operos ir baleto teatro solist\u0117 Inesa Linaburgyt\u0117.<\/p>\n<p>Jaun\u0117lis Dainius liko gyventi \u0160ilut\u0117je. T\u0117vas d\u017eiaugiasi, kad jis turi auksines rankas &#8211; pats sau ir namus pasistat\u0117, ir baldus pasigamino.<\/p>\n<p><strong>\u201eSenas Rambynas\u201c komunist\u0173 partijai nepatiko<\/strong><\/p>\n<p>T.Bal\u010dytis kartu su B.Bu\u010diumi vadovavo estradiniam ansambliui, ilgus metus dirbo muzikos mokykloje. Kalb\u0117damas apie pedagogin\u012f darb\u0105 p.Tomas neslepia \u0161ypsenos: \u201eK\u0105 sugebi atiduoti vaikams, tai yra nuostabu\u201c. Mokytojas i\u0161ugd\u0117 daug jaun\u0173j\u0173 atlik\u0117j\u0173, konkurs\u0173 laureat\u0173. T.Bal\u010dytis turi i\u0161saugoj\u0119s ir vis\u0105 \u0161\u016bsn\u012f tai liudijan\u010di\u0173 pad\u0117kos ra\u0161t\u0173 i\u0161 \u0160ilut\u0117s vald\u017eios \u201eU\u017e labai ger\u0105 mokini\u0173 parengim\u0105 rajone\u201c.<\/p>\n<p>T.Bal\u010dytis ne tik groja, dainuoja, bet ir eiles, dain\u0173 tekstus kuria. Anks\u010diau jis buvo vienas i\u0161 dain\u0173 \u0161vent\u0117s, kuri vykdavo per Jonines ant Rambyno kalno, organizatori\u0173. Dainininkas prisimena, kad tada i\u0161kilo klausimas, kokia bus Rambyno \u0161vent\u0117 be dainos apie Rambyn\u0105? Taip 1978 m. jis suk\u016br\u0117 \u201eSen\u0105 Rambyn\u0105\u201c, apdainavo Nemun\u0105.<\/p>\n<p>D\u0117l \u0161ios dainos \u017eod\u017ei\u0173 \u0161iluti\u0161kis tur\u0117jo nemalonum\u0173, prival\u0117jo pasiai\u0161kinti komunist\u0173 partijai, kurios atstovai sak\u0117: \u201e\u010cia &#8211; revoliucijos metin\u0117s, o tu apie laisv\u0105 Lietuv\u0105 dainuoji\u201c. Bet T.Bal\u010dytis atkirto, kad i\u0161 dainos \u017eod\u017ei\u0173 nei\u0161mesi ir dainos teksto nekeit\u0117. \u0160is k\u016brinys i\u0161liko populiarus iki \u0161i\u0173 dien\u0173.<\/p>\n","protected":false},"excerpt":{"rendered":"<p>Lygiai prie\u0161 502 m., vasario 22 d. Klaip\u0117dos miesto komt\u016bras Michaelis von \u0160vabas suteik\u0117 Jurgiui Talai\u010diui privilegij\u0105 \u201elaikyti \u0161ile kar\u010dem\u0105\u201c su laukais, mi\u0161kais, \u012fdirbtomis dirvomis ir su teise laisvai \u017evejoti Kur\u0161i\u0173 mariose. Taip ra\u0161ytiniuose \u0161altiniuose pirm\u0105 kart\u0105 buvo pamin\u0117tas \u0160ilokar\u010demos vardas. Prie\u0161 por\u0105 met\u0173, pasitinkant \u0160ilut\u0117s 500 met\u0173 jubiliej\u0173, \u0161i data pagerbta dain\u0173 apie \u0160ilut\u0119 [&hellip;]<\/p>\n","protected":false},"author":1,"featured_media":0,"comment_status":"open","ping_status":"open","sticky":false,"template":"","format":"standard","meta":{"footnotes":""},"categories":[52],"tags":[],"class_list":{"0":"post-881","1":"post","2":"type-post","3":"status-publish","4":"format-standard","6":"category-gyvenimas"},"yoast_head":"<!-- This site is optimized with the Yoast SEO plugin v27.5 - https:\/\/yoast.com\/product\/yoast-seo-wordpress\/ -->\n<title>D\u0117l \u201eSeno Rambyno\u201c T.Bal\u010dytis ai\u0161kinosi komunist\u0173 partijai - \u0160ilut\u0117s naujienos<\/title>\n<meta name=\"robots\" content=\"index, follow, max-snippet:-1, max-image-preview:large, max-video-preview:-1\" \/>\n<link rel=\"canonical\" href=\"https:\/\/www.silutesnaujienos.lt\/lt\/del-seno-rambyno-t-balcytis-aiskinosi-komunistu-partijai\/\" \/>\n<meta property=\"og:locale\" content=\"lt_LT\" \/>\n<meta property=\"og:type\" content=\"article\" \/>\n<meta property=\"og:title\" content=\"D\u0117l \u201eSeno Rambyno\u201c T.Bal\u010dytis ai\u0161kinosi komunist\u0173 partijai - \u0160ilut\u0117s naujienos\" \/>\n<meta property=\"og:description\" content=\"Lygiai prie\u0161 502 m., vasario 22 d. Klaip\u0117dos miesto komt\u016bras Michaelis von \u0160vabas suteik\u0117 Jurgiui Talai\u010diui privilegij\u0105 \u201elaikyti \u0161ile kar\u010dem\u0105\u201c su laukais, mi\u0161kais, \u012fdirbtomis dirvomis ir su teise laisvai \u017evejoti Kur\u0161i\u0173 mariose. Taip ra\u0161ytiniuose \u0161altiniuose pirm\u0105 kart\u0105 buvo pamin\u0117tas \u0160ilokar\u010demos vardas. Prie\u0161 por\u0105 met\u0173, pasitinkant \u0160ilut\u0117s 500 met\u0173 jubiliej\u0173, \u0161i data pagerbta dain\u0173 apie \u0160ilut\u0119 [&hellip;]\" \/>\n<meta property=\"og:url\" content=\"https:\/\/www.silutesnaujienos.lt\/lt\/del-seno-rambyno-t-balcytis-aiskinosi-komunistu-partijai\/\" \/>\n<meta property=\"og:site_name\" content=\"\u0160ilut\u0117s naujienos\" \/>\n<meta property=\"article:publisher\" content=\"https:\/\/www.facebook.com\/silutes.naujienos\/\" \/>\n<meta property=\"article:published_time\" content=\"2013-02-24T10:00:00+00:00\" \/>\n<meta property=\"og:image\" content=\"\/\/silutesnaujienos.lt\/images\/stories\/2013\/02\/22\/thumbnails\/thumb_Balcytis_su_Makacino_plokstele.jpg\" \/>\n<meta name=\"author\" content=\"\u0160ilut\u0117s naujien\u0173 inf.\" \/>\n<meta name=\"twitter:card\" content=\"summary_large_image\" \/>\n<meta name=\"twitter:label1\" content=\"Written by\" \/>\n\t<meta name=\"twitter:data1\" content=\"\u0160ilut\u0117s naujien\u0173 inf.\" \/>\n\t<meta name=\"twitter:label2\" content=\"Est. reading time\" \/>\n\t<meta name=\"twitter:data2\" content=\"6 minut\u0117s\" \/>\n<script type=\"application\/ld+json\" class=\"yoast-schema-graph\">{\"@context\":\"https:\\\/\\\/schema.org\",\"@graph\":[{\"@type\":\"Article\",\"@id\":\"https:\\\/\\\/www.silutesnaujienos.lt\\\/lt\\\/del-seno-rambyno-t-balcytis-aiskinosi-komunistu-partijai\\\/#article\",\"isPartOf\":{\"@id\":\"https:\\\/\\\/www.silutesnaujienos.lt\\\/lt\\\/del-seno-rambyno-t-balcytis-aiskinosi-komunistu-partijai\\\/\"},\"author\":{\"name\":\"\u0160ilut\u0117s naujien\u0173 inf.\",\"@id\":\"https:\\\/\\\/www.silutesnaujienos.lt\\\/lt\\\/#\\\/schema\\\/person\\\/232f475ddd4a7b5f49b3abc788b17e83\"},\"headline\":\"D\u0117l \u201eSeno Rambyno\u201c T.Bal\u010dytis ai\u0161kinosi komunist\u0173 partijai\",\"datePublished\":\"2013-02-24T10:00:00+00:00\",\"mainEntityOfPage\":{\"@id\":\"https:\\\/\\\/www.silutesnaujienos.lt\\\/lt\\\/del-seno-rambyno-t-balcytis-aiskinosi-komunistu-partijai\\\/\"},\"wordCount\":1157,\"commentCount\":0,\"publisher\":{\"@id\":\"https:\\\/\\\/www.silutesnaujienos.lt\\\/lt\\\/#organization\"},\"articleSection\":[\"Gyvenimas\"],\"inLanguage\":\"lt-LT\",\"potentialAction\":[{\"@type\":\"CommentAction\",\"name\":\"Comment\",\"target\":[\"https:\\\/\\\/www.silutesnaujienos.lt\\\/lt\\\/del-seno-rambyno-t-balcytis-aiskinosi-komunistu-partijai\\\/#respond\"]}]},{\"@type\":\"WebPage\",\"@id\":\"https:\\\/\\\/www.silutesnaujienos.lt\\\/lt\\\/del-seno-rambyno-t-balcytis-aiskinosi-komunistu-partijai\\\/\",\"url\":\"https:\\\/\\\/www.silutesnaujienos.lt\\\/lt\\\/del-seno-rambyno-t-balcytis-aiskinosi-komunistu-partijai\\\/\",\"name\":\"D\u0117l \u201eSeno Rambyno\u201c T.Bal\u010dytis ai\u0161kinosi komunist\u0173 partijai - \u0160ilut\u0117s naujienos\",\"isPartOf\":{\"@id\":\"https:\\\/\\\/www.silutesnaujienos.lt\\\/lt\\\/#website\"},\"datePublished\":\"2013-02-24T10:00:00+00:00\",\"breadcrumb\":{\"@id\":\"https:\\\/\\\/www.silutesnaujienos.lt\\\/lt\\\/del-seno-rambyno-t-balcytis-aiskinosi-komunistu-partijai\\\/#breadcrumb\"},\"inLanguage\":\"lt-LT\",\"potentialAction\":[{\"@type\":\"ReadAction\",\"target\":[\"https:\\\/\\\/www.silutesnaujienos.lt\\\/lt\\\/del-seno-rambyno-t-balcytis-aiskinosi-komunistu-partijai\\\/\"]}]},{\"@type\":\"BreadcrumbList\",\"@id\":\"https:\\\/\\\/www.silutesnaujienos.lt\\\/lt\\\/del-seno-rambyno-t-balcytis-aiskinosi-komunistu-partijai\\\/#breadcrumb\",\"itemListElement\":[{\"@type\":\"ListItem\",\"position\":1,\"name\":\"Home\",\"item\":\"https:\\\/\\\/www.silutesnaujienos.lt\\\/lt\\\/\"},{\"@type\":\"ListItem\",\"position\":2,\"name\":\"D\u0117l \u201eSeno Rambyno\u201c T.Bal\u010dytis ai\u0161kinosi komunist\u0173 partijai\"}]},{\"@type\":\"WebSite\",\"@id\":\"https:\\\/\\\/www.silutesnaujienos.lt\\\/lt\\\/#website\",\"url\":\"https:\\\/\\\/www.silutesnaujienos.lt\\\/lt\\\/\",\"name\":\"\u0160ilut\u0117s naujienos\",\"description\":\"B\u016bk ant naujien\u0173 bangos!\",\"publisher\":{\"@id\":\"https:\\\/\\\/www.silutesnaujienos.lt\\\/lt\\\/#organization\"},\"potentialAction\":[{\"@type\":\"SearchAction\",\"target\":{\"@type\":\"EntryPoint\",\"urlTemplate\":\"https:\\\/\\\/www.silutesnaujienos.lt\\\/lt\\\/?s={search_term_string}\"},\"query-input\":{\"@type\":\"PropertyValueSpecification\",\"valueRequired\":true,\"valueName\":\"search_term_string\"}}],\"inLanguage\":\"lt-LT\"},{\"@type\":\"Organization\",\"@id\":\"https:\\\/\\\/www.silutesnaujienos.lt\\\/lt\\\/#organization\",\"name\":\"\u0160ilut\u0117s naujienos\",\"url\":\"https:\\\/\\\/www.silutesnaujienos.lt\\\/lt\\\/\",\"logo\":{\"@type\":\"ImageObject\",\"inLanguage\":\"lt-LT\",\"@id\":\"https:\\\/\\\/www.silutesnaujienos.lt\\\/lt\\\/#\\\/schema\\\/logo\\\/image\\\/\",\"url\":\"https:\\\/\\\/www.silutesnaujienos.lt\\\/lt\\\/wp-content\\\/uploads\\\/2020\\\/06\\\/FB_MAIN.jpg\",\"contentUrl\":\"https:\\\/\\\/www.silutesnaujienos.lt\\\/lt\\\/wp-content\\\/uploads\\\/2020\\\/06\\\/FB_MAIN.jpg\",\"width\":1700,\"height\":956,\"caption\":\"\u0160ilut\u0117s naujienos\"},\"image\":{\"@id\":\"https:\\\/\\\/www.silutesnaujienos.lt\\\/lt\\\/#\\\/schema\\\/logo\\\/image\\\/\"},\"sameAs\":[\"https:\\\/\\\/www.facebook.com\\\/silutes.naujienos\\\/\",\"https:\\\/\\\/www.youtube.com\\\/channel\\\/UCxW-cgrJDt8GxIMxSTAfJZg\"]},{\"@type\":\"Person\",\"@id\":\"https:\\\/\\\/www.silutesnaujienos.lt\\\/lt\\\/#\\\/schema\\\/person\\\/232f475ddd4a7b5f49b3abc788b17e83\",\"name\":\"\u0160ilut\u0117s naujien\u0173 inf.\",\"image\":{\"@type\":\"ImageObject\",\"inLanguage\":\"lt-LT\",\"@id\":\"https:\\\/\\\/www.silutesnaujienos.lt\\\/lt\\\/wp-content\\\/uploads\\\/2020\\\/06\\\/favicon.png\",\"url\":\"https:\\\/\\\/www.silutesnaujienos.lt\\\/lt\\\/wp-content\\\/uploads\\\/2020\\\/06\\\/favicon.png\",\"contentUrl\":\"https:\\\/\\\/www.silutesnaujienos.lt\\\/lt\\\/wp-content\\\/uploads\\\/2020\\\/06\\\/favicon.png\",\"caption\":\"\u0160ilut\u0117s naujien\u0173 inf.\"},\"sameAs\":[\"https:\\\/\\\/www.silutesnaujienos.lt\\\/lt\"],\"url\":\"https:\\\/\\\/www.silutesnaujienos.lt\\\/lt\\\/author\\\/ruta\\\/\"}]}<\/script>\n<!-- \/ Yoast SEO plugin. -->","yoast_head_json":{"title":"D\u0117l \u201eSeno Rambyno\u201c T.Bal\u010dytis ai\u0161kinosi komunist\u0173 partijai - \u0160ilut\u0117s naujienos","robots":{"index":"index","follow":"follow","max-snippet":"max-snippet:-1","max-image-preview":"max-image-preview:large","max-video-preview":"max-video-preview:-1"},"canonical":"https:\/\/www.silutesnaujienos.lt\/lt\/del-seno-rambyno-t-balcytis-aiskinosi-komunistu-partijai\/","og_locale":"lt_LT","og_type":"article","og_title":"D\u0117l \u201eSeno Rambyno\u201c T.Bal\u010dytis ai\u0161kinosi komunist\u0173 partijai - \u0160ilut\u0117s naujienos","og_description":"Lygiai prie\u0161 502 m., vasario 22 d. Klaip\u0117dos miesto komt\u016bras Michaelis von \u0160vabas suteik\u0117 Jurgiui Talai\u010diui privilegij\u0105 \u201elaikyti \u0161ile kar\u010dem\u0105\u201c su laukais, mi\u0161kais, \u012fdirbtomis dirvomis ir su teise laisvai \u017evejoti Kur\u0161i\u0173 mariose. Taip ra\u0161ytiniuose \u0161altiniuose pirm\u0105 kart\u0105 buvo pamin\u0117tas \u0160ilokar\u010demos vardas. Prie\u0161 por\u0105 met\u0173, pasitinkant \u0160ilut\u0117s 500 met\u0173 jubiliej\u0173, \u0161i data pagerbta dain\u0173 apie \u0160ilut\u0119 [&hellip;]","og_url":"https:\/\/www.silutesnaujienos.lt\/lt\/del-seno-rambyno-t-balcytis-aiskinosi-komunistu-partijai\/","og_site_name":"\u0160ilut\u0117s naujienos","article_publisher":"https:\/\/www.facebook.com\/silutes.naujienos\/","article_published_time":"2013-02-24T10:00:00+00:00","og_image":[{"url":"\/\/silutesnaujienos.lt\/images\/stories\/2013\/02\/22\/thumbnails\/thumb_Balcytis_su_Makacino_plokstele.jpg","type":"","width":"","height":""}],"author":"\u0160ilut\u0117s naujien\u0173 inf.","twitter_card":"summary_large_image","twitter_misc":{"Written by":"\u0160ilut\u0117s naujien\u0173 inf.","Est. reading time":"6 minut\u0117s"},"schema":{"@context":"https:\/\/schema.org","@graph":[{"@type":"Article","@id":"https:\/\/www.silutesnaujienos.lt\/lt\/del-seno-rambyno-t-balcytis-aiskinosi-komunistu-partijai\/#article","isPartOf":{"@id":"https:\/\/www.silutesnaujienos.lt\/lt\/del-seno-rambyno-t-balcytis-aiskinosi-komunistu-partijai\/"},"author":{"name":"\u0160ilut\u0117s naujien\u0173 inf.","@id":"https:\/\/www.silutesnaujienos.lt\/lt\/#\/schema\/person\/232f475ddd4a7b5f49b3abc788b17e83"},"headline":"D\u0117l \u201eSeno Rambyno\u201c T.Bal\u010dytis ai\u0161kinosi komunist\u0173 partijai","datePublished":"2013-02-24T10:00:00+00:00","mainEntityOfPage":{"@id":"https:\/\/www.silutesnaujienos.lt\/lt\/del-seno-rambyno-t-balcytis-aiskinosi-komunistu-partijai\/"},"wordCount":1157,"commentCount":0,"publisher":{"@id":"https:\/\/www.silutesnaujienos.lt\/lt\/#organization"},"articleSection":["Gyvenimas"],"inLanguage":"lt-LT","potentialAction":[{"@type":"CommentAction","name":"Comment","target":["https:\/\/www.silutesnaujienos.lt\/lt\/del-seno-rambyno-t-balcytis-aiskinosi-komunistu-partijai\/#respond"]}]},{"@type":"WebPage","@id":"https:\/\/www.silutesnaujienos.lt\/lt\/del-seno-rambyno-t-balcytis-aiskinosi-komunistu-partijai\/","url":"https:\/\/www.silutesnaujienos.lt\/lt\/del-seno-rambyno-t-balcytis-aiskinosi-komunistu-partijai\/","name":"D\u0117l \u201eSeno Rambyno\u201c T.Bal\u010dytis ai\u0161kinosi komunist\u0173 partijai - \u0160ilut\u0117s naujienos","isPartOf":{"@id":"https:\/\/www.silutesnaujienos.lt\/lt\/#website"},"datePublished":"2013-02-24T10:00:00+00:00","breadcrumb":{"@id":"https:\/\/www.silutesnaujienos.lt\/lt\/del-seno-rambyno-t-balcytis-aiskinosi-komunistu-partijai\/#breadcrumb"},"inLanguage":"lt-LT","potentialAction":[{"@type":"ReadAction","target":["https:\/\/www.silutesnaujienos.lt\/lt\/del-seno-rambyno-t-balcytis-aiskinosi-komunistu-partijai\/"]}]},{"@type":"BreadcrumbList","@id":"https:\/\/www.silutesnaujienos.lt\/lt\/del-seno-rambyno-t-balcytis-aiskinosi-komunistu-partijai\/#breadcrumb","itemListElement":[{"@type":"ListItem","position":1,"name":"Home","item":"https:\/\/www.silutesnaujienos.lt\/lt\/"},{"@type":"ListItem","position":2,"name":"D\u0117l \u201eSeno Rambyno\u201c T.Bal\u010dytis ai\u0161kinosi komunist\u0173 partijai"}]},{"@type":"WebSite","@id":"https:\/\/www.silutesnaujienos.lt\/lt\/#website","url":"https:\/\/www.silutesnaujienos.lt\/lt\/","name":"\u0160ilut\u0117s naujienos","description":"B\u016bk ant naujien\u0173 bangos!","publisher":{"@id":"https:\/\/www.silutesnaujienos.lt\/lt\/#organization"},"potentialAction":[{"@type":"SearchAction","target":{"@type":"EntryPoint","urlTemplate":"https:\/\/www.silutesnaujienos.lt\/lt\/?s={search_term_string}"},"query-input":{"@type":"PropertyValueSpecification","valueRequired":true,"valueName":"search_term_string"}}],"inLanguage":"lt-LT"},{"@type":"Organization","@id":"https:\/\/www.silutesnaujienos.lt\/lt\/#organization","name":"\u0160ilut\u0117s naujienos","url":"https:\/\/www.silutesnaujienos.lt\/lt\/","logo":{"@type":"ImageObject","inLanguage":"lt-LT","@id":"https:\/\/www.silutesnaujienos.lt\/lt\/#\/schema\/logo\/image\/","url":"https:\/\/www.silutesnaujienos.lt\/lt\/wp-content\/uploads\/2020\/06\/FB_MAIN.jpg","contentUrl":"https:\/\/www.silutesnaujienos.lt\/lt\/wp-content\/uploads\/2020\/06\/FB_MAIN.jpg","width":1700,"height":956,"caption":"\u0160ilut\u0117s naujienos"},"image":{"@id":"https:\/\/www.silutesnaujienos.lt\/lt\/#\/schema\/logo\/image\/"},"sameAs":["https:\/\/www.facebook.com\/silutes.naujienos\/","https:\/\/www.youtube.com\/channel\/UCxW-cgrJDt8GxIMxSTAfJZg"]},{"@type":"Person","@id":"https:\/\/www.silutesnaujienos.lt\/lt\/#\/schema\/person\/232f475ddd4a7b5f49b3abc788b17e83","name":"\u0160ilut\u0117s naujien\u0173 inf.","image":{"@type":"ImageObject","inLanguage":"lt-LT","@id":"https:\/\/www.silutesnaujienos.lt\/lt\/wp-content\/uploads\/2020\/06\/favicon.png","url":"https:\/\/www.silutesnaujienos.lt\/lt\/wp-content\/uploads\/2020\/06\/favicon.png","contentUrl":"https:\/\/www.silutesnaujienos.lt\/lt\/wp-content\/uploads\/2020\/06\/favicon.png","caption":"\u0160ilut\u0117s naujien\u0173 inf."},"sameAs":["https:\/\/www.silutesnaujienos.lt\/lt"],"url":"https:\/\/www.silutesnaujienos.lt\/lt\/author\/ruta\/"}]}},"publishpress_future_workflow_manual_trigger":{"enabledWorkflows":[]},"amp_enabled":true,"_links":{"self":[{"href":"https:\/\/www.silutesnaujienos.lt\/lt\/wp-json\/wp\/v2\/posts\/881","targetHints":{"allow":["GET"]}}],"collection":[{"href":"https:\/\/www.silutesnaujienos.lt\/lt\/wp-json\/wp\/v2\/posts"}],"about":[{"href":"https:\/\/www.silutesnaujienos.lt\/lt\/wp-json\/wp\/v2\/types\/post"}],"author":[{"embeddable":true,"href":"https:\/\/www.silutesnaujienos.lt\/lt\/wp-json\/wp\/v2\/users\/1"}],"replies":[{"embeddable":true,"href":"https:\/\/www.silutesnaujienos.lt\/lt\/wp-json\/wp\/v2\/comments?post=881"}],"version-history":[{"count":0,"href":"https:\/\/www.silutesnaujienos.lt\/lt\/wp-json\/wp\/v2\/posts\/881\/revisions"}],"wp:attachment":[{"href":"https:\/\/www.silutesnaujienos.lt\/lt\/wp-json\/wp\/v2\/media?parent=881"}],"wp:term":[{"taxonomy":"category","embeddable":true,"href":"https:\/\/www.silutesnaujienos.lt\/lt\/wp-json\/wp\/v2\/categories?post=881"},{"taxonomy":"post_tag","embeddable":true,"href":"https:\/\/www.silutesnaujienos.lt\/lt\/wp-json\/wp\/v2\/tags?post=881"}],"curies":[{"name":"wp","href":"https:\/\/api.w.org\/{rel}","templated":true}]}}