{"id":9162,"date":"2013-02-08T18:17:47","date_gmt":"2013-02-08T20:17:47","guid":{"rendered":"https:\/\/www.silutesnaujienos.lt\/lt\/sunkvezimiui-atsitrenkus-i-vw-golf-nukentejo-silutes-ugniagesys\/"},"modified":"2013-02-08T18:17:47","modified_gmt":"2013-02-08T20:17:47","slug":"sunkvezimiui-atsitrenkus-i-vw-golf-nukentejo-silutes-ugniagesys","status":"publish","type":"post","link":"https:\/\/www.silutesnaujienos.lt\/lt\/sunkvezimiui-atsitrenkus-i-vw-golf-nukentejo-silutes-ugniagesys\/","title":{"rendered":"Sunkve\u017eimiui atsitrenkus \u012f \u201eVW Golf\u201c nukent\u0117jo \u0160ilut\u0117s ugniagesys"},"content":{"rendered":"<p><a target=\"_blank\" rel=\"caption[Sunkve\u017eimis trenk\u0117si \u012f lengv\u0105j\u012f automobil\u012f. \/ Rolando \u017dalgevi\u010diaus nuotr.] noopener noreferrer\" class=\"jcepopup\" href=\"\/\/silutesnaujienos.lt\/images\/stories\/2013\/02\/09\/sunkvezimis.jpg\" data-rel=\"lightbox-gallery-eSi40hX6\" data-rl_title=\"\" data-rl_caption=\"\"><img loading=\"lazy\" decoding=\"async\" style=\"margin: 5px; float: left;\" class=\"caption\" title=\"\" alt=\"sunkvezimis\" src=\"\/\/silutesnaujienos.lt\/images\/stories\/2013\/02\/09\/thumbnails\/thumb_sunkvezimis.jpg\" height=\"230\" width=\"307\" \/><\/a><strong>Penktadien\u012f apie 11.30 val. \u0160ilut\u0117s rajone, prie Gardamo gyvenviet\u0117s, sankry\u017eoje sunkve\u017eimis \u201eMercedes Benz\u201c trenk\u0117si \u012f pagrindiniu keliu va\u017eiavus\u012f \u201eVW Golf\u201c. J\u012f vairavo 39 met\u0173 ugniagesys i\u0161 \u0160ilut\u0117s. Lengvojo automobilio vairuotojas paguldytas \u012f ligonin\u0119.<\/strong><\/p>\n<p>Prekes po parduotuves ve\u017eioj\u0119s \u201e\u017demaitijos pieno\u201c sunkve\u017eimis va\u017eiavo nuo \u0160yli\u0173 kaimo pus\u0117s. Apled\u0117jusioje sankry\u017eoje 42 met\u0173 \u0161iluti\u0161kiui nepavyko sustabdyti.<\/p>\n<p>Sunkiasvor\u0117s ma\u0161ina i\u0161\u010diuo\u017e\u0117 \u012f pagrindin\u012f keli\u0105 ir r\u0117\u017e\u0117si \u012f \u201eVW Golf\u201c \u0161on\u0105 i\u0161 vairuotojo pus\u0117s. Sunkve\u017eimis lengv\u0105j\u012f automobil\u012f nust\u016bm\u0117 nuo kelio ir pats nuslydo \u012f griov\u012f.<\/p>\n<p>Nustatyta, kad sunkve\u017eimio vairuotojas blaivus. Jis d\u0117l avarijos kaltino slid\u0173 keli\u0105, ta\u010diau pareig\u016bn\u0173 manymu, \u0161iluti\u0161kis kaltas pats. Anot pareig\u016bn\u0173, vairuotojas ne\u012fvertino kelio ir savo automobilio technin\u0117s b\u016bkl\u0117s. Priekin\u0117s sunkve\u017eimio padangos visi\u0161kai nudilusios, beveik be protektoriaus.<\/p>\n<p>Su\u017ealotas \u201eVW Golf\u201c vairuotojas paguldytas \u012f \u0160ilut\u0117s ligonin\u0119.<\/p>\n","protected":false},"excerpt":{"rendered":"<p>Penktadien\u012f apie 11.30 val. \u0160ilut\u0117s rajone, prie Gardamo gyvenviet\u0117s, sankry\u017eoje sunkve\u017eimis \u201eMercedes Benz\u201c trenk\u0117si \u012f pagrindiniu keliu va\u017eiavus\u012f \u201eVW Golf\u201c. J\u012f vairavo 39 met\u0173 ugniagesys i\u0161 \u0160ilut\u0117s. Lengvojo automobilio vairuotojas paguldytas \u012f ligonin\u0119. Prekes po parduotuves ve\u017eioj\u0119s \u201e\u017demaitijos pieno\u201c sunkve\u017eimis va\u017eiavo nuo \u0160yli\u0173 kaimo pus\u0117s. Apled\u0117jusioje sankry\u017eoje 42 met\u0173 \u0161iluti\u0161kiui nepavyko sustabdyti. Sunkiasvor\u0117s ma\u0161ina i\u0161\u010diuo\u017e\u0117 [&hellip;]<\/p>\n","protected":false},"author":1,"featured_media":0,"comment_status":"open","ping_status":"open","sticky":false,"template":"","format":"standard","meta":{"footnotes":""},"categories":[48],"tags":[],"class_list":{"0":"post-9162","1":"post","2":"type-post","3":"status-publish","4":"format-standard","6":"category-teisetvarka"},"yoast_head":"<!-- This site is optimized with the Yoast SEO plugin v27.5 - https:\/\/yoast.com\/product\/yoast-seo-wordpress\/ -->\n<title>Sunkve\u017eimiui atsitrenkus \u012f \u201eVW Golf\u201c nukent\u0117jo \u0160ilut\u0117s ugniagesys - \u0160ilut\u0117s naujienos<\/title>\n<meta name=\"robots\" content=\"index, follow, max-snippet:-1, max-image-preview:large, max-video-preview:-1\" \/>\n<link rel=\"canonical\" href=\"https:\/\/www.silutesnaujienos.lt\/lt\/sunkvezimiui-atsitrenkus-i-vw-golf-nukentejo-silutes-ugniagesys\/\" \/>\n<meta property=\"og:locale\" content=\"lt_LT\" \/>\n<meta property=\"og:type\" content=\"article\" \/>\n<meta property=\"og:title\" content=\"Sunkve\u017eimiui atsitrenkus \u012f \u201eVW Golf\u201c nukent\u0117jo \u0160ilut\u0117s ugniagesys - \u0160ilut\u0117s naujienos\" \/>\n<meta property=\"og:description\" content=\"Penktadien\u012f apie 11.30 val. \u0160ilut\u0117s rajone, prie Gardamo gyvenviet\u0117s, sankry\u017eoje sunkve\u017eimis \u201eMercedes Benz\u201c trenk\u0117si \u012f pagrindiniu keliu va\u017eiavus\u012f \u201eVW Golf\u201c. J\u012f vairavo 39 met\u0173 ugniagesys i\u0161 \u0160ilut\u0117s. Lengvojo automobilio vairuotojas paguldytas \u012f ligonin\u0119. Prekes po parduotuves ve\u017eioj\u0119s \u201e\u017demaitijos pieno\u201c sunkve\u017eimis va\u017eiavo nuo \u0160yli\u0173 kaimo pus\u0117s. Apled\u0117jusioje sankry\u017eoje 42 met\u0173 \u0161iluti\u0161kiui nepavyko sustabdyti. Sunkiasvor\u0117s ma\u0161ina i\u0161\u010diuo\u017e\u0117 [&hellip;]\" \/>\n<meta property=\"og:url\" content=\"https:\/\/www.silutesnaujienos.lt\/lt\/sunkvezimiui-atsitrenkus-i-vw-golf-nukentejo-silutes-ugniagesys\/\" \/>\n<meta property=\"og:site_name\" content=\"\u0160ilut\u0117s naujienos\" \/>\n<meta property=\"article:publisher\" content=\"https:\/\/www.facebook.com\/silutes.naujienos\/\" \/>\n<meta property=\"article:published_time\" content=\"2013-02-08T20:17:47+00:00\" \/>\n<meta property=\"og:image\" content=\"\/\/silutesnaujienos.lt\/images\/stories\/2013\/02\/09\/thumbnails\/thumb_sunkvezimis.jpg\" \/>\n<meta name=\"author\" content=\"\u0160ilut\u0117s naujien\u0173 inf.\" \/>\n<meta name=\"twitter:card\" content=\"summary_large_image\" \/>\n<meta name=\"twitter:label1\" content=\"Written by\" \/>\n\t<meta name=\"twitter:data1\" content=\"\u0160ilut\u0117s naujien\u0173 inf.\" \/>\n\t<meta name=\"twitter:label2\" content=\"Est. reading time\" \/>\n\t<meta name=\"twitter:data2\" content=\"1 minut\u0117\" \/>\n<script type=\"application\/ld+json\" class=\"yoast-schema-graph\">{\"@context\":\"https:\\\/\\\/schema.org\",\"@graph\":[{\"@type\":\"Article\",\"@id\":\"https:\\\/\\\/www.silutesnaujienos.lt\\\/lt\\\/sunkvezimiui-atsitrenkus-i-vw-golf-nukentejo-silutes-ugniagesys\\\/#article\",\"isPartOf\":{\"@id\":\"https:\\\/\\\/www.silutesnaujienos.lt\\\/lt\\\/sunkvezimiui-atsitrenkus-i-vw-golf-nukentejo-silutes-ugniagesys\\\/\"},\"author\":{\"name\":\"\u0160ilut\u0117s naujien\u0173 inf.\",\"@id\":\"https:\\\/\\\/www.silutesnaujienos.lt\\\/lt\\\/#\\\/schema\\\/person\\\/232f475ddd4a7b5f49b3abc788b17e83\"},\"headline\":\"Sunkve\u017eimiui atsitrenkus \u012f \u201eVW Golf\u201c nukent\u0117jo \u0160ilut\u0117s ugniagesys\",\"datePublished\":\"2013-02-08T20:17:47+00:00\",\"mainEntityOfPage\":{\"@id\":\"https:\\\/\\\/www.silutesnaujienos.lt\\\/lt\\\/sunkvezimiui-atsitrenkus-i-vw-golf-nukentejo-silutes-ugniagesys\\\/\"},\"wordCount\":160,\"commentCount\":0,\"publisher\":{\"@id\":\"https:\\\/\\\/www.silutesnaujienos.lt\\\/lt\\\/#organization\"},\"articleSection\":[\"Teis\u0117tvarka\"],\"inLanguage\":\"lt-LT\",\"potentialAction\":[{\"@type\":\"CommentAction\",\"name\":\"Comment\",\"target\":[\"https:\\\/\\\/www.silutesnaujienos.lt\\\/lt\\\/sunkvezimiui-atsitrenkus-i-vw-golf-nukentejo-silutes-ugniagesys\\\/#respond\"]}]},{\"@type\":\"WebPage\",\"@id\":\"https:\\\/\\\/www.silutesnaujienos.lt\\\/lt\\\/sunkvezimiui-atsitrenkus-i-vw-golf-nukentejo-silutes-ugniagesys\\\/\",\"url\":\"https:\\\/\\\/www.silutesnaujienos.lt\\\/lt\\\/sunkvezimiui-atsitrenkus-i-vw-golf-nukentejo-silutes-ugniagesys\\\/\",\"name\":\"Sunkve\u017eimiui atsitrenkus \u012f \u201eVW Golf\u201c nukent\u0117jo \u0160ilut\u0117s ugniagesys - \u0160ilut\u0117s naujienos\",\"isPartOf\":{\"@id\":\"https:\\\/\\\/www.silutesnaujienos.lt\\\/lt\\\/#website\"},\"datePublished\":\"2013-02-08T20:17:47+00:00\",\"breadcrumb\":{\"@id\":\"https:\\\/\\\/www.silutesnaujienos.lt\\\/lt\\\/sunkvezimiui-atsitrenkus-i-vw-golf-nukentejo-silutes-ugniagesys\\\/#breadcrumb\"},\"inLanguage\":\"lt-LT\",\"potentialAction\":[{\"@type\":\"ReadAction\",\"target\":[\"https:\\\/\\\/www.silutesnaujienos.lt\\\/lt\\\/sunkvezimiui-atsitrenkus-i-vw-golf-nukentejo-silutes-ugniagesys\\\/\"]}]},{\"@type\":\"BreadcrumbList\",\"@id\":\"https:\\\/\\\/www.silutesnaujienos.lt\\\/lt\\\/sunkvezimiui-atsitrenkus-i-vw-golf-nukentejo-silutes-ugniagesys\\\/#breadcrumb\",\"itemListElement\":[{\"@type\":\"ListItem\",\"position\":1,\"name\":\"Home\",\"item\":\"https:\\\/\\\/www.silutesnaujienos.lt\\\/lt\\\/\"},{\"@type\":\"ListItem\",\"position\":2,\"name\":\"Sunkve\u017eimiui atsitrenkus \u012f \u201eVW Golf\u201c nukent\u0117jo \u0160ilut\u0117s ugniagesys\"}]},{\"@type\":\"WebSite\",\"@id\":\"https:\\\/\\\/www.silutesnaujienos.lt\\\/lt\\\/#website\",\"url\":\"https:\\\/\\\/www.silutesnaujienos.lt\\\/lt\\\/\",\"name\":\"\u0160ilut\u0117s naujienos\",\"description\":\"B\u016bk ant naujien\u0173 bangos!\",\"publisher\":{\"@id\":\"https:\\\/\\\/www.silutesnaujienos.lt\\\/lt\\\/#organization\"},\"potentialAction\":[{\"@type\":\"SearchAction\",\"target\":{\"@type\":\"EntryPoint\",\"urlTemplate\":\"https:\\\/\\\/www.silutesnaujienos.lt\\\/lt\\\/?s={search_term_string}\"},\"query-input\":{\"@type\":\"PropertyValueSpecification\",\"valueRequired\":true,\"valueName\":\"search_term_string\"}}],\"inLanguage\":\"lt-LT\"},{\"@type\":\"Organization\",\"@id\":\"https:\\\/\\\/www.silutesnaujienos.lt\\\/lt\\\/#organization\",\"name\":\"\u0160ilut\u0117s naujienos\",\"url\":\"https:\\\/\\\/www.silutesnaujienos.lt\\\/lt\\\/\",\"logo\":{\"@type\":\"ImageObject\",\"inLanguage\":\"lt-LT\",\"@id\":\"https:\\\/\\\/www.silutesnaujienos.lt\\\/lt\\\/#\\\/schema\\\/logo\\\/image\\\/\",\"url\":\"https:\\\/\\\/www.silutesnaujienos.lt\\\/lt\\\/wp-content\\\/uploads\\\/2020\\\/06\\\/FB_MAIN.jpg\",\"contentUrl\":\"https:\\\/\\\/www.silutesnaujienos.lt\\\/lt\\\/wp-content\\\/uploads\\\/2020\\\/06\\\/FB_MAIN.jpg\",\"width\":1700,\"height\":956,\"caption\":\"\u0160ilut\u0117s naujienos\"},\"image\":{\"@id\":\"https:\\\/\\\/www.silutesnaujienos.lt\\\/lt\\\/#\\\/schema\\\/logo\\\/image\\\/\"},\"sameAs\":[\"https:\\\/\\\/www.facebook.com\\\/silutes.naujienos\\\/\",\"https:\\\/\\\/www.youtube.com\\\/channel\\\/UCxW-cgrJDt8GxIMxSTAfJZg\"]},{\"@type\":\"Person\",\"@id\":\"https:\\\/\\\/www.silutesnaujienos.lt\\\/lt\\\/#\\\/schema\\\/person\\\/232f475ddd4a7b5f49b3abc788b17e83\",\"name\":\"\u0160ilut\u0117s naujien\u0173 inf.\",\"image\":{\"@type\":\"ImageObject\",\"inLanguage\":\"lt-LT\",\"@id\":\"https:\\\/\\\/www.silutesnaujienos.lt\\\/lt\\\/wp-content\\\/uploads\\\/2020\\\/06\\\/favicon.png\",\"url\":\"https:\\\/\\\/www.silutesnaujienos.lt\\\/lt\\\/wp-content\\\/uploads\\\/2020\\\/06\\\/favicon.png\",\"contentUrl\":\"https:\\\/\\\/www.silutesnaujienos.lt\\\/lt\\\/wp-content\\\/uploads\\\/2020\\\/06\\\/favicon.png\",\"caption\":\"\u0160ilut\u0117s naujien\u0173 inf.\"},\"sameAs\":[\"https:\\\/\\\/www.silutesnaujienos.lt\\\/lt\"],\"url\":\"https:\\\/\\\/www.silutesnaujienos.lt\\\/lt\\\/author\\\/ruta\\\/\"}]}<\/script>\n<!-- \/ Yoast SEO plugin. -->","yoast_head_json":{"title":"Sunkve\u017eimiui atsitrenkus \u012f \u201eVW Golf\u201c nukent\u0117jo \u0160ilut\u0117s ugniagesys - \u0160ilut\u0117s naujienos","robots":{"index":"index","follow":"follow","max-snippet":"max-snippet:-1","max-image-preview":"max-image-preview:large","max-video-preview":"max-video-preview:-1"},"canonical":"https:\/\/www.silutesnaujienos.lt\/lt\/sunkvezimiui-atsitrenkus-i-vw-golf-nukentejo-silutes-ugniagesys\/","og_locale":"lt_LT","og_type":"article","og_title":"Sunkve\u017eimiui atsitrenkus \u012f \u201eVW Golf\u201c nukent\u0117jo \u0160ilut\u0117s ugniagesys - \u0160ilut\u0117s naujienos","og_description":"Penktadien\u012f apie 11.30 val. \u0160ilut\u0117s rajone, prie Gardamo gyvenviet\u0117s, sankry\u017eoje sunkve\u017eimis \u201eMercedes Benz\u201c trenk\u0117si \u012f pagrindiniu keliu va\u017eiavus\u012f \u201eVW Golf\u201c. J\u012f vairavo 39 met\u0173 ugniagesys i\u0161 \u0160ilut\u0117s. Lengvojo automobilio vairuotojas paguldytas \u012f ligonin\u0119. Prekes po parduotuves ve\u017eioj\u0119s \u201e\u017demaitijos pieno\u201c sunkve\u017eimis va\u017eiavo nuo \u0160yli\u0173 kaimo pus\u0117s. Apled\u0117jusioje sankry\u017eoje 42 met\u0173 \u0161iluti\u0161kiui nepavyko sustabdyti. Sunkiasvor\u0117s ma\u0161ina i\u0161\u010diuo\u017e\u0117 [&hellip;]","og_url":"https:\/\/www.silutesnaujienos.lt\/lt\/sunkvezimiui-atsitrenkus-i-vw-golf-nukentejo-silutes-ugniagesys\/","og_site_name":"\u0160ilut\u0117s naujienos","article_publisher":"https:\/\/www.facebook.com\/silutes.naujienos\/","article_published_time":"2013-02-08T20:17:47+00:00","og_image":[{"url":"\/\/silutesnaujienos.lt\/images\/stories\/2013\/02\/09\/thumbnails\/thumb_sunkvezimis.jpg","type":"","width":"","height":""}],"author":"\u0160ilut\u0117s naujien\u0173 inf.","twitter_card":"summary_large_image","twitter_misc":{"Written by":"\u0160ilut\u0117s naujien\u0173 inf.","Est. reading time":"1 minut\u0117"},"schema":{"@context":"https:\/\/schema.org","@graph":[{"@type":"Article","@id":"https:\/\/www.silutesnaujienos.lt\/lt\/sunkvezimiui-atsitrenkus-i-vw-golf-nukentejo-silutes-ugniagesys\/#article","isPartOf":{"@id":"https:\/\/www.silutesnaujienos.lt\/lt\/sunkvezimiui-atsitrenkus-i-vw-golf-nukentejo-silutes-ugniagesys\/"},"author":{"name":"\u0160ilut\u0117s naujien\u0173 inf.","@id":"https:\/\/www.silutesnaujienos.lt\/lt\/#\/schema\/person\/232f475ddd4a7b5f49b3abc788b17e83"},"headline":"Sunkve\u017eimiui atsitrenkus \u012f \u201eVW Golf\u201c nukent\u0117jo \u0160ilut\u0117s ugniagesys","datePublished":"2013-02-08T20:17:47+00:00","mainEntityOfPage":{"@id":"https:\/\/www.silutesnaujienos.lt\/lt\/sunkvezimiui-atsitrenkus-i-vw-golf-nukentejo-silutes-ugniagesys\/"},"wordCount":160,"commentCount":0,"publisher":{"@id":"https:\/\/www.silutesnaujienos.lt\/lt\/#organization"},"articleSection":["Teis\u0117tvarka"],"inLanguage":"lt-LT","potentialAction":[{"@type":"CommentAction","name":"Comment","target":["https:\/\/www.silutesnaujienos.lt\/lt\/sunkvezimiui-atsitrenkus-i-vw-golf-nukentejo-silutes-ugniagesys\/#respond"]}]},{"@type":"WebPage","@id":"https:\/\/www.silutesnaujienos.lt\/lt\/sunkvezimiui-atsitrenkus-i-vw-golf-nukentejo-silutes-ugniagesys\/","url":"https:\/\/www.silutesnaujienos.lt\/lt\/sunkvezimiui-atsitrenkus-i-vw-golf-nukentejo-silutes-ugniagesys\/","name":"Sunkve\u017eimiui atsitrenkus \u012f \u201eVW Golf\u201c nukent\u0117jo \u0160ilut\u0117s ugniagesys - \u0160ilut\u0117s naujienos","isPartOf":{"@id":"https:\/\/www.silutesnaujienos.lt\/lt\/#website"},"datePublished":"2013-02-08T20:17:47+00:00","breadcrumb":{"@id":"https:\/\/www.silutesnaujienos.lt\/lt\/sunkvezimiui-atsitrenkus-i-vw-golf-nukentejo-silutes-ugniagesys\/#breadcrumb"},"inLanguage":"lt-LT","potentialAction":[{"@type":"ReadAction","target":["https:\/\/www.silutesnaujienos.lt\/lt\/sunkvezimiui-atsitrenkus-i-vw-golf-nukentejo-silutes-ugniagesys\/"]}]},{"@type":"BreadcrumbList","@id":"https:\/\/www.silutesnaujienos.lt\/lt\/sunkvezimiui-atsitrenkus-i-vw-golf-nukentejo-silutes-ugniagesys\/#breadcrumb","itemListElement":[{"@type":"ListItem","position":1,"name":"Home","item":"https:\/\/www.silutesnaujienos.lt\/lt\/"},{"@type":"ListItem","position":2,"name":"Sunkve\u017eimiui atsitrenkus \u012f \u201eVW Golf\u201c nukent\u0117jo \u0160ilut\u0117s ugniagesys"}]},{"@type":"WebSite","@id":"https:\/\/www.silutesnaujienos.lt\/lt\/#website","url":"https:\/\/www.silutesnaujienos.lt\/lt\/","name":"\u0160ilut\u0117s naujienos","description":"B\u016bk ant naujien\u0173 bangos!","publisher":{"@id":"https:\/\/www.silutesnaujienos.lt\/lt\/#organization"},"potentialAction":[{"@type":"SearchAction","target":{"@type":"EntryPoint","urlTemplate":"https:\/\/www.silutesnaujienos.lt\/lt\/?s={search_term_string}"},"query-input":{"@type":"PropertyValueSpecification","valueRequired":true,"valueName":"search_term_string"}}],"inLanguage":"lt-LT"},{"@type":"Organization","@id":"https:\/\/www.silutesnaujienos.lt\/lt\/#organization","name":"\u0160ilut\u0117s naujienos","url":"https:\/\/www.silutesnaujienos.lt\/lt\/","logo":{"@type":"ImageObject","inLanguage":"lt-LT","@id":"https:\/\/www.silutesnaujienos.lt\/lt\/#\/schema\/logo\/image\/","url":"https:\/\/www.silutesnaujienos.lt\/lt\/wp-content\/uploads\/2020\/06\/FB_MAIN.jpg","contentUrl":"https:\/\/www.silutesnaujienos.lt\/lt\/wp-content\/uploads\/2020\/06\/FB_MAIN.jpg","width":1700,"height":956,"caption":"\u0160ilut\u0117s naujienos"},"image":{"@id":"https:\/\/www.silutesnaujienos.lt\/lt\/#\/schema\/logo\/image\/"},"sameAs":["https:\/\/www.facebook.com\/silutes.naujienos\/","https:\/\/www.youtube.com\/channel\/UCxW-cgrJDt8GxIMxSTAfJZg"]},{"@type":"Person","@id":"https:\/\/www.silutesnaujienos.lt\/lt\/#\/schema\/person\/232f475ddd4a7b5f49b3abc788b17e83","name":"\u0160ilut\u0117s naujien\u0173 inf.","image":{"@type":"ImageObject","inLanguage":"lt-LT","@id":"https:\/\/www.silutesnaujienos.lt\/lt\/wp-content\/uploads\/2020\/06\/favicon.png","url":"https:\/\/www.silutesnaujienos.lt\/lt\/wp-content\/uploads\/2020\/06\/favicon.png","contentUrl":"https:\/\/www.silutesnaujienos.lt\/lt\/wp-content\/uploads\/2020\/06\/favicon.png","caption":"\u0160ilut\u0117s naujien\u0173 inf."},"sameAs":["https:\/\/www.silutesnaujienos.lt\/lt"],"url":"https:\/\/www.silutesnaujienos.lt\/lt\/author\/ruta\/"}]}},"publishpress_future_workflow_manual_trigger":{"enabledWorkflows":[]},"amp_enabled":true,"_links":{"self":[{"href":"https:\/\/www.silutesnaujienos.lt\/lt\/wp-json\/wp\/v2\/posts\/9162","targetHints":{"allow":["GET"]}}],"collection":[{"href":"https:\/\/www.silutesnaujienos.lt\/lt\/wp-json\/wp\/v2\/posts"}],"about":[{"href":"https:\/\/www.silutesnaujienos.lt\/lt\/wp-json\/wp\/v2\/types\/post"}],"author":[{"embeddable":true,"href":"https:\/\/www.silutesnaujienos.lt\/lt\/wp-json\/wp\/v2\/users\/1"}],"replies":[{"embeddable":true,"href":"https:\/\/www.silutesnaujienos.lt\/lt\/wp-json\/wp\/v2\/comments?post=9162"}],"version-history":[{"count":0,"href":"https:\/\/www.silutesnaujienos.lt\/lt\/wp-json\/wp\/v2\/posts\/9162\/revisions"}],"wp:attachment":[{"href":"https:\/\/www.silutesnaujienos.lt\/lt\/wp-json\/wp\/v2\/media?parent=9162"}],"wp:term":[{"taxonomy":"category","embeddable":true,"href":"https:\/\/www.silutesnaujienos.lt\/lt\/wp-json\/wp\/v2\/categories?post=9162"},{"taxonomy":"post_tag","embeddable":true,"href":"https:\/\/www.silutesnaujienos.lt\/lt\/wp-json\/wp\/v2\/tags?post=9162"}],"curies":[{"name":"wp","href":"https:\/\/api.w.org\/{rel}","templated":true}]}}