{"id":9377,"date":"2015-11-17T10:00:00","date_gmt":"2015-11-17T12:00:00","guid":{"rendered":"https:\/\/www.silutesnaujienos.lt\/lt\/nakti-nuo-kelio-nuskriejo-ir-vertesi-bmw\/"},"modified":"2015-11-17T10:00:00","modified_gmt":"2015-11-17T12:00:00","slug":"nakti-nuo-kelio-nuskriejo-ir-vertesi-bmw","status":"publish","type":"post","link":"https:\/\/www.silutesnaujienos.lt\/lt\/nakti-nuo-kelio-nuskriejo-ir-vertesi-bmw\/","title":{"rendered":"Nakt\u012f nuo kelio nuskriejo ir vert\u0117si BMW"},"content":{"rendered":"<p><a target=\"_blank\" rel=\"caption[Apvirtusios BMW vairuotojas pabego i\u0161 avarijos vietos.] noopener noreferrer\" class=\"jcepopup\" href=\"\/\/silutesnaujienos.lt\/images\/stories\/2015\/LAPKRITIS\/17\/avarija_virto_ir_pabego1_andriaus.jpg\" data-rel=\"lightbox-gallery-ljXIeA1x\" data-rl_title=\"\" data-rl_caption=\"\"><img loading=\"lazy\" decoding=\"async\" style=\"margin: 5px; float: left;\" class=\"caption\" title=\"\" alt=\"avarija virto ir pabego1 andriaus\" src=\"\/\/silutesnaujienos.lt\/images\/stories\/2015\/LAPKRITIS\/17\/thumbnails\/thumb_avarija_virto_ir_pabego1_andriaus.jpg\" height=\"230\" width=\"307\" \/><\/a><strong>Nakt\u012f i\u0161 \u0161e\u0161tadienio \u012f sekmadien\u012f \u0160ilut\u0117s rajone nuo kelio nuskriejo ir vert\u0117si automobilis BMW. Vairuotojas i\u0161 \u012fvykio vietos paspruko.<\/strong><strong><br \/><\/strong><br \/>Incidentas apie 1 val. \u012fvyko ties Ramu\u010di\u0173 kaimu. Policijai paskambin\u0119s \u017emogus prane\u0161\u0117 pievoje greta kelio aptik\u0119s apvirtus\u012f automobil\u012f BMW.<\/p>\n<p>Policijos patruliui atva\u017eiavus \u012f avarijos viet\u0105 paai\u0161k\u0117jo, kad apsivert\u0119s automobilis yra su \u0161vedi\u0161kais registracijos numeriais. \u017dmoni\u0173 greta nebuvo.<\/p>\n<p>Apie \u012fvyk\u012f prane\u0161\u0119s vyras tvirtino mat\u0119s greta avarijos vietos sustojus\u012f ka\u017ekok\u012f automobil\u012f. Sp\u0117jama, kad juo ir gal\u0117jo pasprukti BMW vairuotojas.<\/p>\n<p>\u012e avarijos viet\u0105 buvo i\u0161kviesti ir ugniagesiai. Prie\u0161gaisrin\u0117s apsaugos ir gelb\u0117jimo departamento Situacij\u0173 koordinavimo skyrius informavo, kad gelb\u0117tojai tik atjung\u0117 automobilio akumuliatori\u0173.<\/p>\n<p>\u012evykis tiriamas.<\/p>\n","protected":false},"excerpt":{"rendered":"<p>Nakt\u012f i\u0161 \u0161e\u0161tadienio \u012f sekmadien\u012f \u0160ilut\u0117s rajone nuo kelio nuskriejo ir vert\u0117si automobilis BMW. Vairuotojas i\u0161 \u012fvykio vietos paspruko.Incidentas apie 1 val. \u012fvyko ties Ramu\u010di\u0173 kaimu. Policijai paskambin\u0119s \u017emogus prane\u0161\u0117 pievoje greta kelio aptik\u0119s apvirtus\u012f automobil\u012f BMW. Policijos patruliui atva\u017eiavus \u012f avarijos viet\u0105 paai\u0161k\u0117jo, kad apsivert\u0119s automobilis yra su \u0161vedi\u0161kais registracijos numeriais. \u017dmoni\u0173 greta nebuvo. [&hellip;]<\/p>\n","protected":false},"author":1,"featured_media":0,"comment_status":"open","ping_status":"open","sticky":false,"template":"","format":"standard","meta":{"footnotes":""},"categories":[48],"tags":[],"class_list":{"0":"post-9377","1":"post","2":"type-post","3":"status-publish","4":"format-standard","6":"category-teisetvarka"},"yoast_head":"<!-- This site is optimized with the Yoast SEO plugin v27.5 - https:\/\/yoast.com\/product\/yoast-seo-wordpress\/ -->\n<title>Nakt\u012f nuo kelio nuskriejo ir vert\u0117si BMW - \u0160ilut\u0117s naujienos<\/title>\n<meta name=\"robots\" content=\"index, follow, max-snippet:-1, max-image-preview:large, max-video-preview:-1\" \/>\n<link rel=\"canonical\" href=\"https:\/\/www.silutesnaujienos.lt\/lt\/nakti-nuo-kelio-nuskriejo-ir-vertesi-bmw\/\" \/>\n<meta property=\"og:locale\" content=\"lt_LT\" \/>\n<meta property=\"og:type\" content=\"article\" \/>\n<meta property=\"og:title\" content=\"Nakt\u012f nuo kelio nuskriejo ir vert\u0117si BMW - \u0160ilut\u0117s naujienos\" \/>\n<meta property=\"og:description\" content=\"Nakt\u012f i\u0161 \u0161e\u0161tadienio \u012f sekmadien\u012f \u0160ilut\u0117s rajone nuo kelio nuskriejo ir vert\u0117si automobilis BMW. Vairuotojas i\u0161 \u012fvykio vietos paspruko.Incidentas apie 1 val. \u012fvyko ties Ramu\u010di\u0173 kaimu. Policijai paskambin\u0119s \u017emogus prane\u0161\u0117 pievoje greta kelio aptik\u0119s apvirtus\u012f automobil\u012f BMW. Policijos patruliui atva\u017eiavus \u012f avarijos viet\u0105 paai\u0161k\u0117jo, kad apsivert\u0119s automobilis yra su \u0161vedi\u0161kais registracijos numeriais. \u017dmoni\u0173 greta nebuvo. [&hellip;]\" \/>\n<meta property=\"og:url\" content=\"https:\/\/www.silutesnaujienos.lt\/lt\/nakti-nuo-kelio-nuskriejo-ir-vertesi-bmw\/\" \/>\n<meta property=\"og:site_name\" content=\"\u0160ilut\u0117s naujienos\" \/>\n<meta property=\"article:publisher\" content=\"https:\/\/www.facebook.com\/silutes.naujienos\/\" \/>\n<meta property=\"article:published_time\" content=\"2015-11-17T12:00:00+00:00\" \/>\n<meta property=\"og:image\" content=\"\/\/silutesnaujienos.lt\/images\/stories\/2015\/LAPKRITIS\/17\/thumbnails\/thumb_avarija_virto_ir_pabego1_andriaus.jpg\" \/>\n<meta name=\"author\" content=\"\u0160ilut\u0117s naujien\u0173 inf.\" \/>\n<meta name=\"twitter:card\" content=\"summary_large_image\" \/>\n<meta name=\"twitter:label1\" content=\"Written by\" \/>\n\t<meta name=\"twitter:data1\" content=\"\u0160ilut\u0117s naujien\u0173 inf.\" \/>\n\t<meta name=\"twitter:label2\" content=\"Est. reading time\" \/>\n\t<meta name=\"twitter:data2\" content=\"1 minut\u0117\" \/>\n<script type=\"application\/ld+json\" class=\"yoast-schema-graph\">{\"@context\":\"https:\\\/\\\/schema.org\",\"@graph\":[{\"@type\":\"Article\",\"@id\":\"https:\\\/\\\/www.silutesnaujienos.lt\\\/lt\\\/nakti-nuo-kelio-nuskriejo-ir-vertesi-bmw\\\/#article\",\"isPartOf\":{\"@id\":\"https:\\\/\\\/www.silutesnaujienos.lt\\\/lt\\\/nakti-nuo-kelio-nuskriejo-ir-vertesi-bmw\\\/\"},\"author\":{\"name\":\"\u0160ilut\u0117s naujien\u0173 inf.\",\"@id\":\"https:\\\/\\\/www.silutesnaujienos.lt\\\/lt\\\/#\\\/schema\\\/person\\\/232f475ddd4a7b5f49b3abc788b17e83\"},\"headline\":\"Nakt\u012f nuo kelio nuskriejo ir vert\u0117si BMW\",\"datePublished\":\"2015-11-17T12:00:00+00:00\",\"mainEntityOfPage\":{\"@id\":\"https:\\\/\\\/www.silutesnaujienos.lt\\\/lt\\\/nakti-nuo-kelio-nuskriejo-ir-vertesi-bmw\\\/\"},\"wordCount\":125,\"commentCount\":0,\"publisher\":{\"@id\":\"https:\\\/\\\/www.silutesnaujienos.lt\\\/lt\\\/#organization\"},\"articleSection\":[\"Teis\u0117tvarka\"],\"inLanguage\":\"lt-LT\",\"potentialAction\":[{\"@type\":\"CommentAction\",\"name\":\"Comment\",\"target\":[\"https:\\\/\\\/www.silutesnaujienos.lt\\\/lt\\\/nakti-nuo-kelio-nuskriejo-ir-vertesi-bmw\\\/#respond\"]}]},{\"@type\":\"WebPage\",\"@id\":\"https:\\\/\\\/www.silutesnaujienos.lt\\\/lt\\\/nakti-nuo-kelio-nuskriejo-ir-vertesi-bmw\\\/\",\"url\":\"https:\\\/\\\/www.silutesnaujienos.lt\\\/lt\\\/nakti-nuo-kelio-nuskriejo-ir-vertesi-bmw\\\/\",\"name\":\"Nakt\u012f nuo kelio nuskriejo ir vert\u0117si BMW - \u0160ilut\u0117s naujienos\",\"isPartOf\":{\"@id\":\"https:\\\/\\\/www.silutesnaujienos.lt\\\/lt\\\/#website\"},\"datePublished\":\"2015-11-17T12:00:00+00:00\",\"breadcrumb\":{\"@id\":\"https:\\\/\\\/www.silutesnaujienos.lt\\\/lt\\\/nakti-nuo-kelio-nuskriejo-ir-vertesi-bmw\\\/#breadcrumb\"},\"inLanguage\":\"lt-LT\",\"potentialAction\":[{\"@type\":\"ReadAction\",\"target\":[\"https:\\\/\\\/www.silutesnaujienos.lt\\\/lt\\\/nakti-nuo-kelio-nuskriejo-ir-vertesi-bmw\\\/\"]}]},{\"@type\":\"BreadcrumbList\",\"@id\":\"https:\\\/\\\/www.silutesnaujienos.lt\\\/lt\\\/nakti-nuo-kelio-nuskriejo-ir-vertesi-bmw\\\/#breadcrumb\",\"itemListElement\":[{\"@type\":\"ListItem\",\"position\":1,\"name\":\"Home\",\"item\":\"https:\\\/\\\/www.silutesnaujienos.lt\\\/lt\\\/\"},{\"@type\":\"ListItem\",\"position\":2,\"name\":\"Nakt\u012f nuo kelio nuskriejo ir vert\u0117si BMW\"}]},{\"@type\":\"WebSite\",\"@id\":\"https:\\\/\\\/www.silutesnaujienos.lt\\\/lt\\\/#website\",\"url\":\"https:\\\/\\\/www.silutesnaujienos.lt\\\/lt\\\/\",\"name\":\"\u0160ilut\u0117s naujienos\",\"description\":\"B\u016bk ant naujien\u0173 bangos!\",\"publisher\":{\"@id\":\"https:\\\/\\\/www.silutesnaujienos.lt\\\/lt\\\/#organization\"},\"potentialAction\":[{\"@type\":\"SearchAction\",\"target\":{\"@type\":\"EntryPoint\",\"urlTemplate\":\"https:\\\/\\\/www.silutesnaujienos.lt\\\/lt\\\/?s={search_term_string}\"},\"query-input\":{\"@type\":\"PropertyValueSpecification\",\"valueRequired\":true,\"valueName\":\"search_term_string\"}}],\"inLanguage\":\"lt-LT\"},{\"@type\":\"Organization\",\"@id\":\"https:\\\/\\\/www.silutesnaujienos.lt\\\/lt\\\/#organization\",\"name\":\"\u0160ilut\u0117s naujienos\",\"url\":\"https:\\\/\\\/www.silutesnaujienos.lt\\\/lt\\\/\",\"logo\":{\"@type\":\"ImageObject\",\"inLanguage\":\"lt-LT\",\"@id\":\"https:\\\/\\\/www.silutesnaujienos.lt\\\/lt\\\/#\\\/schema\\\/logo\\\/image\\\/\",\"url\":\"https:\\\/\\\/www.silutesnaujienos.lt\\\/lt\\\/wp-content\\\/uploads\\\/2020\\\/06\\\/FB_MAIN.jpg\",\"contentUrl\":\"https:\\\/\\\/www.silutesnaujienos.lt\\\/lt\\\/wp-content\\\/uploads\\\/2020\\\/06\\\/FB_MAIN.jpg\",\"width\":1700,\"height\":956,\"caption\":\"\u0160ilut\u0117s naujienos\"},\"image\":{\"@id\":\"https:\\\/\\\/www.silutesnaujienos.lt\\\/lt\\\/#\\\/schema\\\/logo\\\/image\\\/\"},\"sameAs\":[\"https:\\\/\\\/www.facebook.com\\\/silutes.naujienos\\\/\",\"https:\\\/\\\/www.youtube.com\\\/channel\\\/UCxW-cgrJDt8GxIMxSTAfJZg\"]},{\"@type\":\"Person\",\"@id\":\"https:\\\/\\\/www.silutesnaujienos.lt\\\/lt\\\/#\\\/schema\\\/person\\\/232f475ddd4a7b5f49b3abc788b17e83\",\"name\":\"\u0160ilut\u0117s naujien\u0173 inf.\",\"image\":{\"@type\":\"ImageObject\",\"inLanguage\":\"lt-LT\",\"@id\":\"https:\\\/\\\/www.silutesnaujienos.lt\\\/lt\\\/wp-content\\\/uploads\\\/2020\\\/06\\\/favicon.png\",\"url\":\"https:\\\/\\\/www.silutesnaujienos.lt\\\/lt\\\/wp-content\\\/uploads\\\/2020\\\/06\\\/favicon.png\",\"contentUrl\":\"https:\\\/\\\/www.silutesnaujienos.lt\\\/lt\\\/wp-content\\\/uploads\\\/2020\\\/06\\\/favicon.png\",\"caption\":\"\u0160ilut\u0117s naujien\u0173 inf.\"},\"sameAs\":[\"https:\\\/\\\/www.silutesnaujienos.lt\\\/lt\"],\"url\":\"https:\\\/\\\/www.silutesnaujienos.lt\\\/lt\\\/author\\\/ruta\\\/\"}]}<\/script>\n<!-- \/ Yoast SEO plugin. -->","yoast_head_json":{"title":"Nakt\u012f nuo kelio nuskriejo ir vert\u0117si BMW - \u0160ilut\u0117s naujienos","robots":{"index":"index","follow":"follow","max-snippet":"max-snippet:-1","max-image-preview":"max-image-preview:large","max-video-preview":"max-video-preview:-1"},"canonical":"https:\/\/www.silutesnaujienos.lt\/lt\/nakti-nuo-kelio-nuskriejo-ir-vertesi-bmw\/","og_locale":"lt_LT","og_type":"article","og_title":"Nakt\u012f nuo kelio nuskriejo ir vert\u0117si BMW - \u0160ilut\u0117s naujienos","og_description":"Nakt\u012f i\u0161 \u0161e\u0161tadienio \u012f sekmadien\u012f \u0160ilut\u0117s rajone nuo kelio nuskriejo ir vert\u0117si automobilis BMW. Vairuotojas i\u0161 \u012fvykio vietos paspruko.Incidentas apie 1 val. \u012fvyko ties Ramu\u010di\u0173 kaimu. Policijai paskambin\u0119s \u017emogus prane\u0161\u0117 pievoje greta kelio aptik\u0119s apvirtus\u012f automobil\u012f BMW. Policijos patruliui atva\u017eiavus \u012f avarijos viet\u0105 paai\u0161k\u0117jo, kad apsivert\u0119s automobilis yra su \u0161vedi\u0161kais registracijos numeriais. \u017dmoni\u0173 greta nebuvo. [&hellip;]","og_url":"https:\/\/www.silutesnaujienos.lt\/lt\/nakti-nuo-kelio-nuskriejo-ir-vertesi-bmw\/","og_site_name":"\u0160ilut\u0117s naujienos","article_publisher":"https:\/\/www.facebook.com\/silutes.naujienos\/","article_published_time":"2015-11-17T12:00:00+00:00","og_image":[{"url":"\/\/silutesnaujienos.lt\/images\/stories\/2015\/LAPKRITIS\/17\/thumbnails\/thumb_avarija_virto_ir_pabego1_andriaus.jpg","type":"","width":"","height":""}],"author":"\u0160ilut\u0117s naujien\u0173 inf.","twitter_card":"summary_large_image","twitter_misc":{"Written by":"\u0160ilut\u0117s naujien\u0173 inf.","Est. reading time":"1 minut\u0117"},"schema":{"@context":"https:\/\/schema.org","@graph":[{"@type":"Article","@id":"https:\/\/www.silutesnaujienos.lt\/lt\/nakti-nuo-kelio-nuskriejo-ir-vertesi-bmw\/#article","isPartOf":{"@id":"https:\/\/www.silutesnaujienos.lt\/lt\/nakti-nuo-kelio-nuskriejo-ir-vertesi-bmw\/"},"author":{"name":"\u0160ilut\u0117s naujien\u0173 inf.","@id":"https:\/\/www.silutesnaujienos.lt\/lt\/#\/schema\/person\/232f475ddd4a7b5f49b3abc788b17e83"},"headline":"Nakt\u012f nuo kelio nuskriejo ir vert\u0117si BMW","datePublished":"2015-11-17T12:00:00+00:00","mainEntityOfPage":{"@id":"https:\/\/www.silutesnaujienos.lt\/lt\/nakti-nuo-kelio-nuskriejo-ir-vertesi-bmw\/"},"wordCount":125,"commentCount":0,"publisher":{"@id":"https:\/\/www.silutesnaujienos.lt\/lt\/#organization"},"articleSection":["Teis\u0117tvarka"],"inLanguage":"lt-LT","potentialAction":[{"@type":"CommentAction","name":"Comment","target":["https:\/\/www.silutesnaujienos.lt\/lt\/nakti-nuo-kelio-nuskriejo-ir-vertesi-bmw\/#respond"]}]},{"@type":"WebPage","@id":"https:\/\/www.silutesnaujienos.lt\/lt\/nakti-nuo-kelio-nuskriejo-ir-vertesi-bmw\/","url":"https:\/\/www.silutesnaujienos.lt\/lt\/nakti-nuo-kelio-nuskriejo-ir-vertesi-bmw\/","name":"Nakt\u012f nuo kelio nuskriejo ir vert\u0117si BMW - \u0160ilut\u0117s naujienos","isPartOf":{"@id":"https:\/\/www.silutesnaujienos.lt\/lt\/#website"},"datePublished":"2015-11-17T12:00:00+00:00","breadcrumb":{"@id":"https:\/\/www.silutesnaujienos.lt\/lt\/nakti-nuo-kelio-nuskriejo-ir-vertesi-bmw\/#breadcrumb"},"inLanguage":"lt-LT","potentialAction":[{"@type":"ReadAction","target":["https:\/\/www.silutesnaujienos.lt\/lt\/nakti-nuo-kelio-nuskriejo-ir-vertesi-bmw\/"]}]},{"@type":"BreadcrumbList","@id":"https:\/\/www.silutesnaujienos.lt\/lt\/nakti-nuo-kelio-nuskriejo-ir-vertesi-bmw\/#breadcrumb","itemListElement":[{"@type":"ListItem","position":1,"name":"Home","item":"https:\/\/www.silutesnaujienos.lt\/lt\/"},{"@type":"ListItem","position":2,"name":"Nakt\u012f nuo kelio nuskriejo ir vert\u0117si BMW"}]},{"@type":"WebSite","@id":"https:\/\/www.silutesnaujienos.lt\/lt\/#website","url":"https:\/\/www.silutesnaujienos.lt\/lt\/","name":"\u0160ilut\u0117s naujienos","description":"B\u016bk ant naujien\u0173 bangos!","publisher":{"@id":"https:\/\/www.silutesnaujienos.lt\/lt\/#organization"},"potentialAction":[{"@type":"SearchAction","target":{"@type":"EntryPoint","urlTemplate":"https:\/\/www.silutesnaujienos.lt\/lt\/?s={search_term_string}"},"query-input":{"@type":"PropertyValueSpecification","valueRequired":true,"valueName":"search_term_string"}}],"inLanguage":"lt-LT"},{"@type":"Organization","@id":"https:\/\/www.silutesnaujienos.lt\/lt\/#organization","name":"\u0160ilut\u0117s naujienos","url":"https:\/\/www.silutesnaujienos.lt\/lt\/","logo":{"@type":"ImageObject","inLanguage":"lt-LT","@id":"https:\/\/www.silutesnaujienos.lt\/lt\/#\/schema\/logo\/image\/","url":"https:\/\/www.silutesnaujienos.lt\/lt\/wp-content\/uploads\/2020\/06\/FB_MAIN.jpg","contentUrl":"https:\/\/www.silutesnaujienos.lt\/lt\/wp-content\/uploads\/2020\/06\/FB_MAIN.jpg","width":1700,"height":956,"caption":"\u0160ilut\u0117s naujienos"},"image":{"@id":"https:\/\/www.silutesnaujienos.lt\/lt\/#\/schema\/logo\/image\/"},"sameAs":["https:\/\/www.facebook.com\/silutes.naujienos\/","https:\/\/www.youtube.com\/channel\/UCxW-cgrJDt8GxIMxSTAfJZg"]},{"@type":"Person","@id":"https:\/\/www.silutesnaujienos.lt\/lt\/#\/schema\/person\/232f475ddd4a7b5f49b3abc788b17e83","name":"\u0160ilut\u0117s naujien\u0173 inf.","image":{"@type":"ImageObject","inLanguage":"lt-LT","@id":"https:\/\/www.silutesnaujienos.lt\/lt\/wp-content\/uploads\/2020\/06\/favicon.png","url":"https:\/\/www.silutesnaujienos.lt\/lt\/wp-content\/uploads\/2020\/06\/favicon.png","contentUrl":"https:\/\/www.silutesnaujienos.lt\/lt\/wp-content\/uploads\/2020\/06\/favicon.png","caption":"\u0160ilut\u0117s naujien\u0173 inf."},"sameAs":["https:\/\/www.silutesnaujienos.lt\/lt"],"url":"https:\/\/www.silutesnaujienos.lt\/lt\/author\/ruta\/"}]}},"publishpress_future_workflow_manual_trigger":{"enabledWorkflows":[]},"amp_enabled":true,"_links":{"self":[{"href":"https:\/\/www.silutesnaujienos.lt\/lt\/wp-json\/wp\/v2\/posts\/9377","targetHints":{"allow":["GET"]}}],"collection":[{"href":"https:\/\/www.silutesnaujienos.lt\/lt\/wp-json\/wp\/v2\/posts"}],"about":[{"href":"https:\/\/www.silutesnaujienos.lt\/lt\/wp-json\/wp\/v2\/types\/post"}],"author":[{"embeddable":true,"href":"https:\/\/www.silutesnaujienos.lt\/lt\/wp-json\/wp\/v2\/users\/1"}],"replies":[{"embeddable":true,"href":"https:\/\/www.silutesnaujienos.lt\/lt\/wp-json\/wp\/v2\/comments?post=9377"}],"version-history":[{"count":0,"href":"https:\/\/www.silutesnaujienos.lt\/lt\/wp-json\/wp\/v2\/posts\/9377\/revisions"}],"wp:attachment":[{"href":"https:\/\/www.silutesnaujienos.lt\/lt\/wp-json\/wp\/v2\/media?parent=9377"}],"wp:term":[{"taxonomy":"category","embeddable":true,"href":"https:\/\/www.silutesnaujienos.lt\/lt\/wp-json\/wp\/v2\/categories?post=9377"},{"taxonomy":"post_tag","embeddable":true,"href":"https:\/\/www.silutesnaujienos.lt\/lt\/wp-json\/wp\/v2\/tags?post=9377"}],"curies":[{"name":"wp","href":"https:\/\/api.w.org\/{rel}","templated":true}]}}