{"id":97245,"date":"2026-09-04T08:00:02","date_gmt":"2026-09-04T05:00:02","guid":{"rendered":"https:\/\/www.silutesnaujienos.lt\/lt\/?p=97245"},"modified":"2026-09-02T13:51:04","modified_gmt":"2026-09-02T10:51:04","slug":"traksedziai-paminejo-savo-390-metu-istorija","status":"publish","type":"post","link":"https:\/\/www.silutesnaujienos.lt\/lt\/traksedziai-paminejo-savo-390-metu-istorija\/","title":{"rendered":"Traks\u0117d\u017eiai pamin\u0117jo savo 390 met\u0173 istorij\u0105"},"content":{"rendered":"<p><em><strong>Lietus nei\u0161g\u0105sdino<\/strong><\/em><\/p>\n<p>Traks\u0117di\u0161kiai jau nuo seno \u017eino, kad lietus da\u017enai aplenkia j\u0173 kaim\u0105, nes \u0161alia esantis durpynas, kaip senoliai sakydavo, tarsi apsaugo juos nuo lietaus. Tod\u0117l j\u0173 nei\u0161g\u0105sdino ir \u0161vent\u0117s dien\u0105 u\u017eeinantis lietus, visi b\u016breliais trauk\u0117 \u012f kaimo \u0161vent\u0119.<\/p>\n<p>Asociacijos \u201eTraks\u0117d\u017ei\u0173 viltis\u201c pirminink\u0117 Valerija Daukantien\u0117\u00a0 suskubo pasveikinti gausiai susirinkusius vietinius ir sve\u010dius su istoriniu kaimo jubiliejumi. Ji link\u0117jo kiekvienam traks\u0117di\u0161kiui neb\u016bti abejingu savo kaimo puosel\u0117jimui ir gra\u017einimui. Primin\u0117 ji ir tai, kad Traks\u0117d\u017eiai \u2013 kur\u0161i\u0161kas vietovardis, kad pirmasis d\u0117muo trak- rei\u0161kia \u201epakilesn\u0119 piev\u0105 mi\u0161ke, aik\u0161tel\u0119 ar i\u0161degusi\u0105 viet\u0105\u201c, o s\u0117d\u017eiai \u2013 \u201es\u0117d\u0117ti, gyventi, laikytis\u201c.<\/p>\n<p><strong>Vis\u0105 straipsn\u012f skaitykite rugs\u0117jo 3 d. \u201e\u0160ilut\u0117s naujien\u0173\u201c laikra\u0161tyje.<\/strong><\/p>\n","protected":false},"excerpt":{"rendered":"<p>Lietus nei\u0161g\u0105sdino Traks\u0117di\u0161kiai jau nuo seno \u017eino, kad lietus da\u017enai aplenkia j\u0173 kaim\u0105, nes \u0161alia esantis durpynas, kaip senoliai sakydavo, tarsi apsaugo juos nuo lietaus. Tod\u0117l j\u0173 nei\u0161g\u0105sdino ir \u0161vent\u0117s dien\u0105 u\u017eeinantis lietus, visi b\u016breliais trauk\u0117 \u012f kaimo \u0161vent\u0119. Asociacijos \u201eTraks\u0117d\u017ei\u0173 viltis\u201c pirminink\u0117 Valerija Daukantien\u0117\u00a0 suskubo pasveikinti gausiai susirinkusius vietinius ir sve\u010dius su istoriniu kaimo [&hellip;]<\/p>\n","protected":false},"author":2,"featured_media":97246,"comment_status":"open","ping_status":"closed","sticky":false,"template":"","format":"standard","meta":{"footnotes":""},"categories":[51],"tags":[47],"class_list":["post-97245","post","type-post","status-publish","format-standard","has-post-thumbnail","category-kultura-ir-svietimas","tag-pirmasis"],"yoast_head":"<!-- This site is optimized with the Yoast SEO plugin v28.4 - https:\/\/yoast.com\/product\/yoast-seo-wordpress\/ -->\n<title>Traks\u0117d\u017eiai pamin\u0117jo savo 390 met\u0173 istorij\u0105 - \u0160ilut\u0117s naujienos<\/title>\n<meta name=\"robots\" content=\"index, follow, max-snippet:-1, max-image-preview:large, max-video-preview:-1\" \/>\n<link rel=\"canonical\" href=\"https:\/\/www.silutesnaujienos.lt\/lt\/traksedziai-paminejo-savo-390-metu-istorija\/\" \/>\n<meta property=\"og:locale\" content=\"lt_LT\" \/>\n<meta property=\"og:type\" content=\"article\" \/>\n<meta property=\"og:title\" content=\"Traks\u0117d\u017eiai pamin\u0117jo savo 390 met\u0173 istorij\u0105 - \u0160ilut\u0117s naujienos\" \/>\n<meta property=\"og:description\" content=\"Lietus nei\u0161g\u0105sdino Traks\u0117di\u0161kiai jau nuo seno \u017eino, kad lietus da\u017enai aplenkia j\u0173 kaim\u0105, nes \u0161alia esantis durpynas, kaip senoliai sakydavo, tarsi apsaugo juos nuo lietaus. Tod\u0117l j\u0173 nei\u0161g\u0105sdino ir \u0161vent\u0117s dien\u0105 u\u017eeinantis lietus, visi b\u016breliais trauk\u0117 \u012f kaimo \u0161vent\u0119. Asociacijos \u201eTraks\u0117d\u017ei\u0173 viltis\u201c pirminink\u0117 Valerija Daukantien\u0117\u00a0 suskubo pasveikinti gausiai susirinkusius vietinius ir sve\u010dius su istoriniu kaimo [&hellip;]\" \/>\n<meta property=\"og:url\" content=\"https:\/\/www.silutesnaujienos.lt\/lt\/traksedziai-paminejo-savo-390-metu-istorija\/\" \/>\n<meta property=\"og:site_name\" content=\"\u0160ilut\u0117s naujienos\" \/>\n<meta property=\"article:publisher\" content=\"https:\/\/www.facebook.com\/silutes.naujienos\/\" \/>\n<meta property=\"article:published_time\" content=\"2026-09-04T05:00:02+00:00\" \/>\n<meta property=\"og:image\" content=\"https:\/\/www.silutesnaujienos.lt\/lt\/wp-content\/uploads\/2026\/09\/Traksedziu-3-e1788346241648.jpg\" \/>\n\t<meta property=\"og:image:width\" content=\"2048\" \/>\n\t<meta property=\"og:image:height\" content=\"1294\" \/>\n\t<meta property=\"og:image:type\" content=\"image\/jpeg\" \/>\n<meta name=\"author\" content=\"\u0160ilut\u0117s naujien\u0173 inf.\" \/>\n<meta name=\"twitter:card\" content=\"summary_large_image\" \/>\n<meta name=\"twitter:label1\" content=\"Written by\" \/>\n\t<meta name=\"twitter:data1\" content=\"\u0160ilut\u0117s naujien\u0173 inf.\" \/>\n\t<meta name=\"twitter:label2\" content=\"Est. reading time\" \/>\n\t<meta name=\"twitter:data2\" content=\"1 minut\u0117\" \/>\n<script type=\"application\/ld+json\" class=\"yoast-schema-graph\">{\"@context\":\"https:\\\/\\\/schema.org\",\"@graph\":[{\"@type\":\"Article\",\"@id\":\"https:\\\/\\\/www.silutesnaujienos.lt\\\/lt\\\/traksedziai-paminejo-savo-390-metu-istorija\\\/#article\",\"isPartOf\":{\"@id\":\"https:\\\/\\\/www.silutesnaujienos.lt\\\/lt\\\/traksedziai-paminejo-savo-390-metu-istorija\\\/\"},\"author\":{\"name\":\"\u0160ilut\u0117s naujien\u0173 inf.\",\"@id\":\"https:\\\/\\\/www.silutesnaujienos.lt\\\/lt\\\/#\\\/schema\\\/person\\\/976440ef837444400af3c77c19c61454\"},\"headline\":\"Traks\u0117d\u017eiai pamin\u0117jo savo 390 met\u0173 istorij\u0105\",\"datePublished\":\"2026-09-04T05:00:02+00:00\",\"mainEntityOfPage\":{\"@id\":\"https:\\\/\\\/www.silutesnaujienos.lt\\\/lt\\\/traksedziai-paminejo-savo-390-metu-istorija\\\/\"},\"wordCount\":143,\"commentCount\":0,\"publisher\":{\"@id\":\"https:\\\/\\\/www.silutesnaujienos.lt\\\/lt\\\/#organization\"},\"image\":{\"@id\":\"https:\\\/\\\/www.silutesnaujienos.lt\\\/lt\\\/traksedziai-paminejo-savo-390-metu-istorija\\\/#primaryimage\"},\"thumbnailUrl\":\"https:\\\/\\\/www.silutesnaujienos.lt\\\/lt\\\/wp-content\\\/uploads\\\/2026\\\/09\\\/Traksedziu-3-e1788346241648.jpg\",\"keywords\":[\"Pirmasis\"],\"articleSection\":[\"Kult\u016bra ir \u0161vietimas\"],\"inLanguage\":\"lt-LT\",\"potentialAction\":[{\"@type\":\"CommentAction\",\"name\":\"Comment\",\"target\":[\"https:\\\/\\\/www.silutesnaujienos.lt\\\/lt\\\/traksedziai-paminejo-savo-390-metu-istorija\\\/#respond\"]}]},{\"@type\":\"WebPage\",\"@id\":\"https:\\\/\\\/www.silutesnaujienos.lt\\\/lt\\\/traksedziai-paminejo-savo-390-metu-istorija\\\/\",\"url\":\"https:\\\/\\\/www.silutesnaujienos.lt\\\/lt\\\/traksedziai-paminejo-savo-390-metu-istorija\\\/\",\"name\":\"Traks\u0117d\u017eiai pamin\u0117jo savo 390 met\u0173 istorij\u0105 - \u0160ilut\u0117s naujienos\",\"isPartOf\":{\"@id\":\"https:\\\/\\\/www.silutesnaujienos.lt\\\/lt\\\/#website\"},\"primaryImageOfPage\":{\"@id\":\"https:\\\/\\\/www.silutesnaujienos.lt\\\/lt\\\/traksedziai-paminejo-savo-390-metu-istorija\\\/#primaryimage\"},\"image\":{\"@id\":\"https:\\\/\\\/www.silutesnaujienos.lt\\\/lt\\\/traksedziai-paminejo-savo-390-metu-istorija\\\/#primaryimage\"},\"thumbnailUrl\":\"https:\\\/\\\/www.silutesnaujienos.lt\\\/lt\\\/wp-content\\\/uploads\\\/2026\\\/09\\\/Traksedziu-3-e1788346241648.jpg\",\"datePublished\":\"2026-09-04T05:00:02+00:00\",\"breadcrumb\":{\"@id\":\"https:\\\/\\\/www.silutesnaujienos.lt\\\/lt\\\/traksedziai-paminejo-savo-390-metu-istorija\\\/#breadcrumb\"},\"inLanguage\":\"lt-LT\",\"potentialAction\":[{\"@type\":\"ReadAction\",\"target\":[\"https:\\\/\\\/www.silutesnaujienos.lt\\\/lt\\\/traksedziai-paminejo-savo-390-metu-istorija\\\/\"]}]},{\"@type\":\"ImageObject\",\"inLanguage\":\"lt-LT\",\"@id\":\"https:\\\/\\\/www.silutesnaujienos.lt\\\/lt\\\/traksedziai-paminejo-savo-390-metu-istorija\\\/#primaryimage\",\"url\":\"https:\\\/\\\/www.silutesnaujienos.lt\\\/lt\\\/wp-content\\\/uploads\\\/2026\\\/09\\\/Traksedziu-3-e1788346241648.jpg\",\"contentUrl\":\"https:\\\/\\\/www.silutesnaujienos.lt\\\/lt\\\/wp-content\\\/uploads\\\/2026\\\/09\\\/Traksedziu-3-e1788346241648.jpg\",\"width\":2048,\"height\":1294},{\"@type\":\"BreadcrumbList\",\"@id\":\"https:\\\/\\\/www.silutesnaujienos.lt\\\/lt\\\/traksedziai-paminejo-savo-390-metu-istorija\\\/#breadcrumb\",\"itemListElement\":[{\"@type\":\"ListItem\",\"position\":1,\"name\":\"Home\",\"item\":\"https:\\\/\\\/www.silutesnaujienos.lt\\\/lt\\\/\"},{\"@type\":\"ListItem\",\"position\":2,\"name\":\"Traks\u0117d\u017eiai pamin\u0117jo savo 390 met\u0173 istorij\u0105\"}]},{\"@type\":\"WebSite\",\"@id\":\"https:\\\/\\\/www.silutesnaujienos.lt\\\/lt\\\/#website\",\"url\":\"https:\\\/\\\/www.silutesnaujienos.lt\\\/lt\\\/\",\"name\":\"\u0160ilut\u0117s naujienos\",\"description\":\"B\u016bk ant naujien\u0173 bangos!\",\"publisher\":{\"@id\":\"https:\\\/\\\/www.silutesnaujienos.lt\\\/lt\\\/#organization\"},\"potentialAction\":[{\"@type\":\"SearchAction\",\"target\":{\"@type\":\"EntryPoint\",\"urlTemplate\":\"https:\\\/\\\/www.silutesnaujienos.lt\\\/lt\\\/?s={search_term_string}\"},\"query-input\":{\"@type\":\"PropertyValueSpecification\",\"valueRequired\":true,\"valueName\":\"search_term_string\"}}],\"inLanguage\":\"lt-LT\"},{\"@type\":\"Organization\",\"@id\":\"https:\\\/\\\/www.silutesnaujienos.lt\\\/lt\\\/#organization\",\"name\":\"\u0160ilut\u0117s naujienos\",\"url\":\"https:\\\/\\\/www.silutesnaujienos.lt\\\/lt\\\/\",\"logo\":{\"@type\":\"ImageObject\",\"inLanguage\":\"lt-LT\",\"@id\":\"https:\\\/\\\/www.silutesnaujienos.lt\\\/lt\\\/#\\\/schema\\\/logo\\\/image\\\/\",\"url\":\"https:\\\/\\\/www.silutesnaujienos.lt\\\/lt\\\/wp-content\\\/uploads\\\/2020\\\/06\\\/FB_MAIN.jpg\",\"contentUrl\":\"https:\\\/\\\/www.silutesnaujienos.lt\\\/lt\\\/wp-content\\\/uploads\\\/2020\\\/06\\\/FB_MAIN.jpg\",\"width\":1700,\"height\":956,\"caption\":\"\u0160ilut\u0117s naujienos\"},\"image\":{\"@id\":\"https:\\\/\\\/www.silutesnaujienos.lt\\\/lt\\\/#\\\/schema\\\/logo\\\/image\\\/\"},\"sameAs\":[\"https:\\\/\\\/www.facebook.com\\\/silutes.naujienos\\\/\",\"https:\\\/\\\/www.youtube.com\\\/channel\\\/UCxW-cgrJDt8GxIMxSTAfJZg\"]},{\"@type\":\"Person\",\"@id\":\"https:\\\/\\\/www.silutesnaujienos.lt\\\/lt\\\/#\\\/schema\\\/person\\\/976440ef837444400af3c77c19c61454\",\"name\":\"\u0160ilut\u0117s naujien\u0173 inf.\",\"image\":{\"@type\":\"ImageObject\",\"inLanguage\":\"lt-LT\",\"@id\":\"https:\\\/\\\/www.silutesnaujienos.lt\\\/lt\\\/wp-content\\\/uploads\\\/2020\\\/06\\\/favicon.png\",\"url\":\"https:\\\/\\\/www.silutesnaujienos.lt\\\/lt\\\/wp-content\\\/uploads\\\/2020\\\/06\\\/favicon.png\",\"contentUrl\":\"https:\\\/\\\/www.silutesnaujienos.lt\\\/lt\\\/wp-content\\\/uploads\\\/2020\\\/06\\\/favicon.png\",\"caption\":\"\u0160ilut\u0117s naujien\u0173 inf.\"},\"url\":\"https:\\\/\\\/www.silutesnaujienos.lt\\\/lt\\\/author\\\/vadas\\\/\"}]}<\/script>\n<!-- \/ Yoast SEO plugin. -->","yoast_head_json":{"title":"Traks\u0117d\u017eiai pamin\u0117jo savo 390 met\u0173 istorij\u0105 - \u0160ilut\u0117s naujienos","robots":{"index":"index","follow":"follow","max-snippet":"max-snippet:-1","max-image-preview":"max-image-preview:large","max-video-preview":"max-video-preview:-1"},"canonical":"https:\/\/www.silutesnaujienos.lt\/lt\/traksedziai-paminejo-savo-390-metu-istorija\/","og_locale":"lt_LT","og_type":"article","og_title":"Traks\u0117d\u017eiai pamin\u0117jo savo 390 met\u0173 istorij\u0105 - \u0160ilut\u0117s naujienos","og_description":"Lietus nei\u0161g\u0105sdino Traks\u0117di\u0161kiai jau nuo seno \u017eino, kad lietus da\u017enai aplenkia j\u0173 kaim\u0105, nes \u0161alia esantis durpynas, kaip senoliai sakydavo, tarsi apsaugo juos nuo lietaus. Tod\u0117l j\u0173 nei\u0161g\u0105sdino ir \u0161vent\u0117s dien\u0105 u\u017eeinantis lietus, visi b\u016breliais trauk\u0117 \u012f kaimo \u0161vent\u0119. Asociacijos \u201eTraks\u0117d\u017ei\u0173 viltis\u201c pirminink\u0117 Valerija Daukantien\u0117\u00a0 suskubo pasveikinti gausiai susirinkusius vietinius ir sve\u010dius su istoriniu kaimo [&hellip;]","og_url":"https:\/\/www.silutesnaujienos.lt\/lt\/traksedziai-paminejo-savo-390-metu-istorija\/","og_site_name":"\u0160ilut\u0117s naujienos","article_publisher":"https:\/\/www.facebook.com\/silutes.naujienos\/","article_published_time":"2026-09-04T05:00:02+00:00","og_image":[{"width":2048,"height":1294,"url":"https:\/\/www.silutesnaujienos.lt\/lt\/wp-content\/uploads\/2026\/09\/Traksedziu-3-e1788346241648.jpg","type":"image\/jpeg"}],"author":"\u0160ilut\u0117s naujien\u0173 inf.","twitter_card":"summary_large_image","twitter_misc":{"Written by":"\u0160ilut\u0117s naujien\u0173 inf.","Est. reading time":"1 minut\u0117"},"schema":{"@context":"https:\/\/schema.org","@graph":[{"@type":"Article","@id":"https:\/\/www.silutesnaujienos.lt\/lt\/traksedziai-paminejo-savo-390-metu-istorija\/#article","isPartOf":{"@id":"https:\/\/www.silutesnaujienos.lt\/lt\/traksedziai-paminejo-savo-390-metu-istorija\/"},"author":{"name":"\u0160ilut\u0117s naujien\u0173 inf.","@id":"https:\/\/www.silutesnaujienos.lt\/lt\/#\/schema\/person\/976440ef837444400af3c77c19c61454"},"headline":"Traks\u0117d\u017eiai pamin\u0117jo savo 390 met\u0173 istorij\u0105","datePublished":"2026-09-04T05:00:02+00:00","mainEntityOfPage":{"@id":"https:\/\/www.silutesnaujienos.lt\/lt\/traksedziai-paminejo-savo-390-metu-istorija\/"},"wordCount":143,"commentCount":0,"publisher":{"@id":"https:\/\/www.silutesnaujienos.lt\/lt\/#organization"},"image":{"@id":"https:\/\/www.silutesnaujienos.lt\/lt\/traksedziai-paminejo-savo-390-metu-istorija\/#primaryimage"},"thumbnailUrl":"https:\/\/www.silutesnaujienos.lt\/lt\/wp-content\/uploads\/2026\/09\/Traksedziu-3-e1788346241648.jpg","keywords":["Pirmasis"],"articleSection":["Kult\u016bra ir \u0161vietimas"],"inLanguage":"lt-LT","potentialAction":[{"@type":"CommentAction","name":"Comment","target":["https:\/\/www.silutesnaujienos.lt\/lt\/traksedziai-paminejo-savo-390-metu-istorija\/#respond"]}]},{"@type":"WebPage","@id":"https:\/\/www.silutesnaujienos.lt\/lt\/traksedziai-paminejo-savo-390-metu-istorija\/","url":"https:\/\/www.silutesnaujienos.lt\/lt\/traksedziai-paminejo-savo-390-metu-istorija\/","name":"Traks\u0117d\u017eiai pamin\u0117jo savo 390 met\u0173 istorij\u0105 - \u0160ilut\u0117s naujienos","isPartOf":{"@id":"https:\/\/www.silutesnaujienos.lt\/lt\/#website"},"primaryImageOfPage":{"@id":"https:\/\/www.silutesnaujienos.lt\/lt\/traksedziai-paminejo-savo-390-metu-istorija\/#primaryimage"},"image":{"@id":"https:\/\/www.silutesnaujienos.lt\/lt\/traksedziai-paminejo-savo-390-metu-istorija\/#primaryimage"},"thumbnailUrl":"https:\/\/www.silutesnaujienos.lt\/lt\/wp-content\/uploads\/2026\/09\/Traksedziu-3-e1788346241648.jpg","datePublished":"2026-09-04T05:00:02+00:00","breadcrumb":{"@id":"https:\/\/www.silutesnaujienos.lt\/lt\/traksedziai-paminejo-savo-390-metu-istorija\/#breadcrumb"},"inLanguage":"lt-LT","potentialAction":[{"@type":"ReadAction","target":["https:\/\/www.silutesnaujienos.lt\/lt\/traksedziai-paminejo-savo-390-metu-istorija\/"]}]},{"@type":"ImageObject","inLanguage":"lt-LT","@id":"https:\/\/www.silutesnaujienos.lt\/lt\/traksedziai-paminejo-savo-390-metu-istorija\/#primaryimage","url":"https:\/\/www.silutesnaujienos.lt\/lt\/wp-content\/uploads\/2026\/09\/Traksedziu-3-e1788346241648.jpg","contentUrl":"https:\/\/www.silutesnaujienos.lt\/lt\/wp-content\/uploads\/2026\/09\/Traksedziu-3-e1788346241648.jpg","width":2048,"height":1294},{"@type":"BreadcrumbList","@id":"https:\/\/www.silutesnaujienos.lt\/lt\/traksedziai-paminejo-savo-390-metu-istorija\/#breadcrumb","itemListElement":[{"@type":"ListItem","position":1,"name":"Home","item":"https:\/\/www.silutesnaujienos.lt\/lt\/"},{"@type":"ListItem","position":2,"name":"Traks\u0117d\u017eiai pamin\u0117jo savo 390 met\u0173 istorij\u0105"}]},{"@type":"WebSite","@id":"https:\/\/www.silutesnaujienos.lt\/lt\/#website","url":"https:\/\/www.silutesnaujienos.lt\/lt\/","name":"\u0160ilut\u0117s naujienos","description":"B\u016bk ant naujien\u0173 bangos!","publisher":{"@id":"https:\/\/www.silutesnaujienos.lt\/lt\/#organization"},"potentialAction":[{"@type":"SearchAction","target":{"@type":"EntryPoint","urlTemplate":"https:\/\/www.silutesnaujienos.lt\/lt\/?s={search_term_string}"},"query-input":{"@type":"PropertyValueSpecification","valueRequired":true,"valueName":"search_term_string"}}],"inLanguage":"lt-LT"},{"@type":"Organization","@id":"https:\/\/www.silutesnaujienos.lt\/lt\/#organization","name":"\u0160ilut\u0117s naujienos","url":"https:\/\/www.silutesnaujienos.lt\/lt\/","logo":{"@type":"ImageObject","inLanguage":"lt-LT","@id":"https:\/\/www.silutesnaujienos.lt\/lt\/#\/schema\/logo\/image\/","url":"https:\/\/www.silutesnaujienos.lt\/lt\/wp-content\/uploads\/2020\/06\/FB_MAIN.jpg","contentUrl":"https:\/\/www.silutesnaujienos.lt\/lt\/wp-content\/uploads\/2020\/06\/FB_MAIN.jpg","width":1700,"height":956,"caption":"\u0160ilut\u0117s naujienos"},"image":{"@id":"https:\/\/www.silutesnaujienos.lt\/lt\/#\/schema\/logo\/image\/"},"sameAs":["https:\/\/www.facebook.com\/silutes.naujienos\/","https:\/\/www.youtube.com\/channel\/UCxW-cgrJDt8GxIMxSTAfJZg"]},{"@type":"Person","@id":"https:\/\/www.silutesnaujienos.lt\/lt\/#\/schema\/person\/976440ef837444400af3c77c19c61454","name":"\u0160ilut\u0117s naujien\u0173 inf.","image":{"@type":"ImageObject","inLanguage":"lt-LT","@id":"https:\/\/www.silutesnaujienos.lt\/lt\/wp-content\/uploads\/2020\/06\/favicon.png","url":"https:\/\/www.silutesnaujienos.lt\/lt\/wp-content\/uploads\/2020\/06\/favicon.png","contentUrl":"https:\/\/www.silutesnaujienos.lt\/lt\/wp-content\/uploads\/2020\/06\/favicon.png","caption":"\u0160ilut\u0117s naujien\u0173 inf."},"url":"https:\/\/www.silutesnaujienos.lt\/lt\/author\/vadas\/"}]}},"publishpress_future_workflow_manual_trigger":{"enabledWorkflows":[]},"amp_enabled":true,"_links":{"self":[{"href":"https:\/\/www.silutesnaujienos.lt\/lt\/wp-json\/wp\/v2\/posts\/97245","targetHints":{"allow":["GET"]}}],"collection":[{"href":"https:\/\/www.silutesnaujienos.lt\/lt\/wp-json\/wp\/v2\/posts"}],"about":[{"href":"https:\/\/www.silutesnaujienos.lt\/lt\/wp-json\/wp\/v2\/types\/post"}],"author":[{"embeddable":true,"href":"https:\/\/www.silutesnaujienos.lt\/lt\/wp-json\/wp\/v2\/users\/2"}],"replies":[{"embeddable":true,"href":"https:\/\/www.silutesnaujienos.lt\/lt\/wp-json\/wp\/v2\/comments?post=97245"}],"version-history":[{"count":1,"href":"https:\/\/www.silutesnaujienos.lt\/lt\/wp-json\/wp\/v2\/posts\/97245\/revisions"}],"predecessor-version":[{"id":97247,"href":"https:\/\/www.silutesnaujienos.lt\/lt\/wp-json\/wp\/v2\/posts\/97245\/revisions\/97247"}],"wp:featuredmedia":[{"embeddable":true,"href":"https:\/\/www.silutesnaujienos.lt\/lt\/wp-json\/wp\/v2\/media\/97246"}],"wp:attachment":[{"href":"https:\/\/www.silutesnaujienos.lt\/lt\/wp-json\/wp\/v2\/media?parent=97245"}],"wp:term":[{"taxonomy":"category","embeddable":true,"href":"https:\/\/www.silutesnaujienos.lt\/lt\/wp-json\/wp\/v2\/categories?post=97245"},{"taxonomy":"post_tag","embeddable":true,"href":"https:\/\/www.silutesnaujienos.lt\/lt\/wp-json\/wp\/v2\/tags?post=97245"}],"curies":[{"name":"wp","href":"https:\/\/api.w.org\/{rel}","templated":true}]}}