{"id":9741,"date":"2015-12-12T08:00:00","date_gmt":"2015-12-12T10:00:00","guid":{"rendered":"https:\/\/www.silutesnaujienos.lt\/lt\/girti-jaunuoliai-suzalojo-bendrabucio-aukletoja-ir-du-policininkus\/"},"modified":"2015-12-12T08:00:00","modified_gmt":"2015-12-12T10:00:00","slug":"girti-jaunuoliai-suzalojo-bendrabucio-aukletoja-ir-du-policininkus","status":"publish","type":"post","link":"https:\/\/www.silutesnaujienos.lt\/lt\/girti-jaunuoliai-suzalojo-bendrabucio-aukletoja-ir-du-policininkus\/","title":{"rendered":"Girti jaunuoliai su\u017ealojo bendrabu\u010dio aukl\u0117toj\u0105 ir du policininkus"},"content":{"rendered":"<p>&nbsp;<a target=\"_blank\" rel=\"caption[\u017demai\u010di\u0173 Naumiestyje siaut\u0117jusi grup\u0117 neblaivi\u0173 buvusi\u0173 \u0160ilut\u0117s \u017d\u016aM moksleivi\u0173 sulau\u017e\u0117 koj\u0105 bendrabu\u010dio aukl\u0117tojai, pasiprie\u0161ino policijos pareig\u016bnams. Asociatyvi nuotrauka i\u0161 flickr.com] noopener noreferrer\" class=\"jcepopup\" href=\"\/\/silutesnaujienos.lt\/images\/stories\/2015\/GRUODIS\/11\/chuliganai.jpg\" data-rel=\"lightbox-gallery-Wx80xuBd\" data-rl_title=\"\" data-rl_caption=\"\"><img loading=\"lazy\" decoding=\"async\" style=\"margin: 5px; float: left;\" class=\"caption\" title=\"\" alt=\"chuliganai\" src=\"\/\/silutesnaujienos.lt\/images\/stories\/2015\/GRUODIS\/11\/thumbnails\/thumb_chuliganai.jpg\" height=\"230\" width=\"307\" \/><\/a><strong>Precedento neturintis \u012fvykis &#8211; jaunimo riau\u0161\u0117s &#8211; pirmadien\u012f ir antradienio pavakar\u0119 kilo \u017demai\u010di\u0173 Naumiestyje.<br \/><\/strong><br \/><strong>\u010cia esan\u010diame \u0160ilut\u0117s \u017eem\u0117s \u016bkio mokyklos (\u017d\u016aM) skyriuje neblaivi\u0173 buvusi\u0173 mokyklos moksleivi\u0173 grupel\u0117 su\u017ealojo bendrabu\u010dio aukl\u0117toj\u0105 ir net pasiprie\u0161ino i\u0161kviestiems policijos pareig\u016bnams.<br \/><\/strong><br \/><strong>Aukl\u0117toja ir du pareig\u016bnai su\u017ealojimus gydosi namuose, o \u0160ilut\u0117s \u017d\u016aM buvo apsvarstytos net apsaugos pedagogams samdymo galimyb\u0117s.<\/strong><\/p>\n<p><strong>I\u0161dau\u017e\u0117 stiklus, su\u017eeid\u0117 aukl\u0117toj\u0105<br \/><\/strong><br \/>Pirmasis incidentas kilo pirmadien\u012f apie 15.30 val. Tuomet 3 neblaiv\u016bs vaikinai &#8211; 15, 17 ir 18 met\u0173 &#8211; prie \u0160ilut\u0117s \u017d\u016aM \u017demai\u010di\u0173 Naumies\u010dio skyriaus bendrabu\u010dio, esan\u010dio Dariaus ir Gir\u0117no g., vie\u0161oje vietoje keik\u0117si, \u0161\u016bkavo, i\u0161dau\u017e\u0117 bendrabu\u010dio dur\u0173 stiklus.<\/p>\n<p>Nukent\u0117jo sutramdyti \u012fsisiaut\u0117jusi\u0105 gauj\u0105 paband\u017eiusi 53 met\u0173 bendrabu\u010dio aukl\u0117toja. Vaikinai pargriov\u0117 j\u0105 ant \u017eem\u0117s, moteris buvo rimtai su\u017ealota, jai prireik\u0117 medik\u0173 pagalbos. \u0160ilut\u0117s ligonin\u0117je aukl\u0117tojai buvo sugipsuota sulau\u017eyta koja, \u0161iuo metu ji turi nedarbingumo pa\u017eym\u0117jim\u0105.<\/p>\n<p>\u0160ilut\u0117s \u017d\u016aM \u017demai\u010di\u0173 Naumies\u010dio skyriaus ved\u0117ja Vilma Grigonien\u0117 \u201e\u0160ilut\u0117s naujienoms\u201c sak\u0117, jog \u0161iame incidente dalyvavo 5 vaikinai, kurie per kelias pra\u0117jusias savaites buvo pa\u0161alinti i\u0161 mokyklos u\u017e \u012fvairius nusi\u017eengimus.<\/p>\n<p>Dalis j\u0173 jau buvo tur\u0117j\u0119 reikal\u0173 su teis\u0117sauga, j\u0173 grup\u0117je yra ir vaikin\u0173, atlikusi\u0173 keleto m\u0117nesi\u0173 bausmes.<\/p>\n<p><strong>Riau\u0161es k\u0117l\u0117 ir antradien\u012f<\/strong><\/p>\n<p>Itin \u012f\u017e\u016bliai jaunuoliai pasiprie\u0161ino ir i\u0161kviestiems policijos pareig\u016bnams. \u0160ilut\u0117s policijos l.e.p. Kriminalin\u0117s policijos vadov\u0117 Jurgita Naus\u0117dien\u0117 informavo, jog du pareig\u016bnai taip pat su\u017ealoti, jie irgi turi nedarbingumo pa\u017eym\u0117jimus.<\/p>\n<p>T\u0105dien buvo sulaikyti 2 jaunuoliai, jie apklausti policijos komisariate, jiems pareik\u0161ti \u012ftarimai, paskirtos kardomosios priemon\u0117s ir jie paleisti.<\/p>\n<p>Ta\u010diau chuligan\u0173 tai n\u0117 kiek nei\u0161g\u0105sdino &#8211; antradien\u012f jie v\u0117l b\u016briavosi ir k\u0117l\u0117 riau\u0161es prie tos pa\u010dios mokyklos. V\u0117l i\u0161kviesta policija, du vaikinai v\u0117l buvo sulaikyti, o v\u0117liau &#8211; paleisti.<\/p>\n<p>Pasak J.Naus\u0117dien\u0117s, jaunuoliams gresia baud\u017eiamoji atsakomyb\u0117 d\u0117l vie\u0161osios tvarkos pa\u017eeidimo ir pasiprie\u0161inimo policijos pareig\u016bnams. U\u017e tai gali b\u016bti skiriamos \u012fvairios nuobaudos &#8211; nuo vie\u0161\u0173j\u0173 darb\u0173 iki trej\u0173 met\u0173 laisv\u0117s at\u0117mimo.<\/p>\n<p><strong>Nepatiko pa\u0161alinimas i\u0161 mokyklos<\/strong><\/p>\n<p>Pasak V.Grigonien\u0117s, \u0161ios mokyklos pedagogai turi ilgamet\u0119 patirt\u012f dirbti su probleminio elgesio jaunuoliais, ta\u010diau pastaroji grupel\u0117 buvo tokia, kad su jos nariais suaugusieji jau nebepaj\u0117g\u0117 susikalb\u0117ti nei geruoju, nei piktuoju.<\/p>\n<p>\u201eI\u0161skirtinai \u012f\u017e\u016bl\u016bs ir agresyv\u016bs jaunuoliai band\u0117 smurtauti ir prie\u0161 mokytojus. I\u0161band\u0117me visas \u012fmanomas priemones &#8211; ir pokalbius, ir psichologo pagalb\u0105 &#8211; niekas negelb\u0117jo\u201c, &#8211; sak\u0117 ved\u0117ja.<\/p>\n<p>Tuomet priimtas sprendimas pa\u0161alinti jaunuolius i\u0161 mokyklos.<\/p>\n<p>Vieni i\u0161 j\u0173 \u012f \u0161i\u0105 mokykl\u0105 buvo atvyk\u0119 tik \u0161iemet, kiti jau buvo antrakursiai. Dalis j\u0173 &#8211; aug\u0119 Pag\u0117gi\u0173 ir Plung\u0117s vaik\u0173 globos namuose, kiti &#8211; i\u0161 socialin\u0117s rizikos grup\u0117s \u0161eim\u0173. \u012e \u0161i\u0105 mokykl\u0105 juos nukreip\u0117 globos namai arba socialiniai darbuotojai.<\/p>\n<p>Nors vaikinai nenor\u0117jo mokytis, pa\u0161alinimas i\u0161 mokyklos jiems, matyt, buvo itin nemalonus ir juos papiktin\u0119s \u012fvykis, su kuriuo jie negal\u0117jo susitaikyti. Tod\u0117l vis atva\u017eiuodavo \u012f mokykl\u0105 ir k\u0117l\u0117 \u010dia riau\u0161es.<\/p>\n<p><strong>Skyriuje mokosi tik speciali\u0173j\u0173 poreiki\u0173 jaunuoliai<\/strong><\/p>\n<p>\u0160ilut\u0117s \u017d\u016aM direktoriaus pavaduotojas Arvydas Budvytis sak\u0117, jog mokyklos vadovai svarst\u0117 galimyb\u0119 samdyti apsaugininkus, ta\u010diau kol kas nutarta eiti kitu keliu.<\/p>\n<p>\u0160ios mokyklos \u017demai\u010di\u0173 Naumies\u010dio skyriuje ugdomi ir specialyb\u0119 \u012fgyja tik sutrikusio intelekto, speciali\u0173j\u0173 poreiki\u0173 turintys vaikai. Toki\u0173 vaik\u0173 ugdymui specialiai reng\u0117si ir pedagog\u0173 bei kit\u0173 darbuotoj\u0173 kolektyvas, tam parengtos ir ugdymo programos.<\/p>\n<p>Pasak A.Budvy\u010dio, \u0161ie jaunuoliai yra \u0161veln\u016bs ir paklusn\u016bs, su jais dirbant galima daug pasiekti. Ta\u010diau niekas negali garantuoti, kad blogas pavyzdys ir akipl\u0117\u0161i\u0161kas chuligan\u0173 elgesys kuri\u0105 dien\u0105 nepatrauks ir silpnesnio ne\u012fgalaus vaiko.<\/p>\n<p>Pastaraisiais metais \u012f mokykl\u0105 buvo priimti ir keli speciali\u0173j\u0173 poreiki\u0173 neturintys jaunuoliai, kurie nepritapo kitose mokyklose. Pasak pavaduotojo, akivaizdu, kad jie neturi jokios mokymosi motyvacijos, ta\u010diau pra\u0161\u0117si priimami, tad mokyklos vadovai nutar\u0117: tegu mokosi, jei nori &#8211; \u012fgis specialyb\u0119, integruosis \u012f visuomen\u0119 &#8211; visiems bus tik geriau.<\/p>\n<p>Ta\u010diau dabar mokykloje svarstoma, kad kartu ugdyti sutrikusio intelekto ir sveikus, ta\u010diau sunkiai aukl\u0117jamus jaunuolius \u010dia galimybi\u0173 n\u0117ra. Tad ateityje \u0160ilut\u0117s \u017eem\u0117s \u016bkio mokykla \u012f \u017demai\u010di\u0173 Naumies\u010dio skyri\u0173 priims tik speciali\u0173j\u0173 poreiki\u0173 turin\u010dius jaunuolius.<\/p>\n<p>\u201eTikim\u0117s, kad dabar, kai tuos penkis nevaldomus vaikinus i\u0161 mokyklos pa\u0161alinome, ir kai jie gaus, ko nusipeln\u0119, mokykloje v\u0117l bus ramiau\u201c, &#8211; sak\u0117 A.Budvytis.<\/p>\n","protected":false},"excerpt":{"rendered":"<p>&nbsp;Precedento neturintis \u012fvykis &#8211; jaunimo riau\u0161\u0117s &#8211; pirmadien\u012f ir antradienio pavakar\u0119 kilo \u017demai\u010di\u0173 Naumiestyje.\u010cia esan\u010diame \u0160ilut\u0117s \u017eem\u0117s \u016bkio mokyklos (\u017d\u016aM) skyriuje neblaivi\u0173 buvusi\u0173 mokyklos moksleivi\u0173 grupel\u0117 su\u017ealojo bendrabu\u010dio aukl\u0117toj\u0105 ir net pasiprie\u0161ino i\u0161kviestiems policijos pareig\u016bnams.Aukl\u0117toja ir du pareig\u016bnai su\u017ealojimus gydosi namuose, o \u0160ilut\u0117s \u017d\u016aM buvo apsvarstytos net apsaugos pedagogams samdymo galimyb\u0117s. I\u0161dau\u017e\u0117 stiklus, su\u017eeid\u0117 aukl\u0117toj\u0105Pirmasis [&hellip;]<\/p>\n","protected":false},"author":1,"featured_media":0,"comment_status":"open","ping_status":"open","sticky":false,"template":"","format":"standard","meta":{"footnotes":""},"categories":[48],"tags":[],"class_list":{"0":"post-9741","1":"post","2":"type-post","3":"status-publish","4":"format-standard","6":"category-teisetvarka"},"yoast_head":"<!-- This site is optimized with the Yoast SEO plugin v27.5 - https:\/\/yoast.com\/product\/yoast-seo-wordpress\/ -->\n<title>Girti jaunuoliai su\u017ealojo bendrabu\u010dio aukl\u0117toj\u0105 ir du policininkus - \u0160ilut\u0117s naujienos<\/title>\n<meta name=\"robots\" content=\"index, follow, max-snippet:-1, max-image-preview:large, max-video-preview:-1\" \/>\n<link rel=\"canonical\" href=\"https:\/\/www.silutesnaujienos.lt\/lt\/girti-jaunuoliai-suzalojo-bendrabucio-aukletoja-ir-du-policininkus\/\" \/>\n<meta property=\"og:locale\" content=\"lt_LT\" \/>\n<meta property=\"og:type\" content=\"article\" \/>\n<meta property=\"og:title\" content=\"Girti jaunuoliai su\u017ealojo bendrabu\u010dio aukl\u0117toj\u0105 ir du policininkus - \u0160ilut\u0117s naujienos\" \/>\n<meta property=\"og:description\" content=\"&nbsp;Precedento neturintis \u012fvykis &#8211; jaunimo riau\u0161\u0117s &#8211; pirmadien\u012f ir antradienio pavakar\u0119 kilo \u017demai\u010di\u0173 Naumiestyje.\u010cia esan\u010diame \u0160ilut\u0117s \u017eem\u0117s \u016bkio mokyklos (\u017d\u016aM) skyriuje neblaivi\u0173 buvusi\u0173 mokyklos moksleivi\u0173 grupel\u0117 su\u017ealojo bendrabu\u010dio aukl\u0117toj\u0105 ir net pasiprie\u0161ino i\u0161kviestiems policijos pareig\u016bnams.Aukl\u0117toja ir du pareig\u016bnai su\u017ealojimus gydosi namuose, o \u0160ilut\u0117s \u017d\u016aM buvo apsvarstytos net apsaugos pedagogams samdymo galimyb\u0117s. I\u0161dau\u017e\u0117 stiklus, su\u017eeid\u0117 aukl\u0117toj\u0105Pirmasis [&hellip;]\" \/>\n<meta property=\"og:url\" content=\"https:\/\/www.silutesnaujienos.lt\/lt\/girti-jaunuoliai-suzalojo-bendrabucio-aukletoja-ir-du-policininkus\/\" \/>\n<meta property=\"og:site_name\" content=\"\u0160ilut\u0117s naujienos\" \/>\n<meta property=\"article:publisher\" content=\"https:\/\/www.facebook.com\/silutes.naujienos\/\" \/>\n<meta property=\"article:published_time\" content=\"2015-12-12T10:00:00+00:00\" \/>\n<meta property=\"og:image\" content=\"\/\/silutesnaujienos.lt\/images\/stories\/2015\/GRUODIS\/11\/thumbnails\/thumb_chuliganai.jpg\" \/>\n<meta name=\"author\" content=\"\u0160ilut\u0117s naujien\u0173 inf.\" \/>\n<meta name=\"twitter:card\" content=\"summary_large_image\" \/>\n<meta name=\"twitter:label1\" content=\"Written by\" \/>\n\t<meta name=\"twitter:data1\" content=\"\u0160ilut\u0117s naujien\u0173 inf.\" \/>\n\t<meta name=\"twitter:label2\" content=\"Est. reading time\" \/>\n\t<meta name=\"twitter:data2\" content=\"4 minut\u0117s\" \/>\n<script type=\"application\/ld+json\" class=\"yoast-schema-graph\">{\"@context\":\"https:\\\/\\\/schema.org\",\"@graph\":[{\"@type\":\"Article\",\"@id\":\"https:\\\/\\\/www.silutesnaujienos.lt\\\/lt\\\/girti-jaunuoliai-suzalojo-bendrabucio-aukletoja-ir-du-policininkus\\\/#article\",\"isPartOf\":{\"@id\":\"https:\\\/\\\/www.silutesnaujienos.lt\\\/lt\\\/girti-jaunuoliai-suzalojo-bendrabucio-aukletoja-ir-du-policininkus\\\/\"},\"author\":{\"name\":\"\u0160ilut\u0117s naujien\u0173 inf.\",\"@id\":\"https:\\\/\\\/www.silutesnaujienos.lt\\\/lt\\\/#\\\/schema\\\/person\\\/232f475ddd4a7b5f49b3abc788b17e83\"},\"headline\":\"Girti jaunuoliai su\u017ealojo bendrabu\u010dio aukl\u0117toj\u0105 ir du policininkus\",\"datePublished\":\"2015-12-12T10:00:00+00:00\",\"mainEntityOfPage\":{\"@id\":\"https:\\\/\\\/www.silutesnaujienos.lt\\\/lt\\\/girti-jaunuoliai-suzalojo-bendrabucio-aukletoja-ir-du-policininkus\\\/\"},\"wordCount\":773,\"commentCount\":0,\"publisher\":{\"@id\":\"https:\\\/\\\/www.silutesnaujienos.lt\\\/lt\\\/#organization\"},\"articleSection\":[\"Teis\u0117tvarka\"],\"inLanguage\":\"lt-LT\",\"potentialAction\":[{\"@type\":\"CommentAction\",\"name\":\"Comment\",\"target\":[\"https:\\\/\\\/www.silutesnaujienos.lt\\\/lt\\\/girti-jaunuoliai-suzalojo-bendrabucio-aukletoja-ir-du-policininkus\\\/#respond\"]}]},{\"@type\":\"WebPage\",\"@id\":\"https:\\\/\\\/www.silutesnaujienos.lt\\\/lt\\\/girti-jaunuoliai-suzalojo-bendrabucio-aukletoja-ir-du-policininkus\\\/\",\"url\":\"https:\\\/\\\/www.silutesnaujienos.lt\\\/lt\\\/girti-jaunuoliai-suzalojo-bendrabucio-aukletoja-ir-du-policininkus\\\/\",\"name\":\"Girti jaunuoliai su\u017ealojo bendrabu\u010dio aukl\u0117toj\u0105 ir du policininkus - \u0160ilut\u0117s naujienos\",\"isPartOf\":{\"@id\":\"https:\\\/\\\/www.silutesnaujienos.lt\\\/lt\\\/#website\"},\"datePublished\":\"2015-12-12T10:00:00+00:00\",\"breadcrumb\":{\"@id\":\"https:\\\/\\\/www.silutesnaujienos.lt\\\/lt\\\/girti-jaunuoliai-suzalojo-bendrabucio-aukletoja-ir-du-policininkus\\\/#breadcrumb\"},\"inLanguage\":\"lt-LT\",\"potentialAction\":[{\"@type\":\"ReadAction\",\"target\":[\"https:\\\/\\\/www.silutesnaujienos.lt\\\/lt\\\/girti-jaunuoliai-suzalojo-bendrabucio-aukletoja-ir-du-policininkus\\\/\"]}]},{\"@type\":\"BreadcrumbList\",\"@id\":\"https:\\\/\\\/www.silutesnaujienos.lt\\\/lt\\\/girti-jaunuoliai-suzalojo-bendrabucio-aukletoja-ir-du-policininkus\\\/#breadcrumb\",\"itemListElement\":[{\"@type\":\"ListItem\",\"position\":1,\"name\":\"Home\",\"item\":\"https:\\\/\\\/www.silutesnaujienos.lt\\\/lt\\\/\"},{\"@type\":\"ListItem\",\"position\":2,\"name\":\"Girti jaunuoliai su\u017ealojo bendrabu\u010dio aukl\u0117toj\u0105 ir du policininkus\"}]},{\"@type\":\"WebSite\",\"@id\":\"https:\\\/\\\/www.silutesnaujienos.lt\\\/lt\\\/#website\",\"url\":\"https:\\\/\\\/www.silutesnaujienos.lt\\\/lt\\\/\",\"name\":\"\u0160ilut\u0117s naujienos\",\"description\":\"B\u016bk ant naujien\u0173 bangos!\",\"publisher\":{\"@id\":\"https:\\\/\\\/www.silutesnaujienos.lt\\\/lt\\\/#organization\"},\"potentialAction\":[{\"@type\":\"SearchAction\",\"target\":{\"@type\":\"EntryPoint\",\"urlTemplate\":\"https:\\\/\\\/www.silutesnaujienos.lt\\\/lt\\\/?s={search_term_string}\"},\"query-input\":{\"@type\":\"PropertyValueSpecification\",\"valueRequired\":true,\"valueName\":\"search_term_string\"}}],\"inLanguage\":\"lt-LT\"},{\"@type\":\"Organization\",\"@id\":\"https:\\\/\\\/www.silutesnaujienos.lt\\\/lt\\\/#organization\",\"name\":\"\u0160ilut\u0117s naujienos\",\"url\":\"https:\\\/\\\/www.silutesnaujienos.lt\\\/lt\\\/\",\"logo\":{\"@type\":\"ImageObject\",\"inLanguage\":\"lt-LT\",\"@id\":\"https:\\\/\\\/www.silutesnaujienos.lt\\\/lt\\\/#\\\/schema\\\/logo\\\/image\\\/\",\"url\":\"https:\\\/\\\/www.silutesnaujienos.lt\\\/lt\\\/wp-content\\\/uploads\\\/2020\\\/06\\\/FB_MAIN.jpg\",\"contentUrl\":\"https:\\\/\\\/www.silutesnaujienos.lt\\\/lt\\\/wp-content\\\/uploads\\\/2020\\\/06\\\/FB_MAIN.jpg\",\"width\":1700,\"height\":956,\"caption\":\"\u0160ilut\u0117s naujienos\"},\"image\":{\"@id\":\"https:\\\/\\\/www.silutesnaujienos.lt\\\/lt\\\/#\\\/schema\\\/logo\\\/image\\\/\"},\"sameAs\":[\"https:\\\/\\\/www.facebook.com\\\/silutes.naujienos\\\/\",\"https:\\\/\\\/www.youtube.com\\\/channel\\\/UCxW-cgrJDt8GxIMxSTAfJZg\"]},{\"@type\":\"Person\",\"@id\":\"https:\\\/\\\/www.silutesnaujienos.lt\\\/lt\\\/#\\\/schema\\\/person\\\/232f475ddd4a7b5f49b3abc788b17e83\",\"name\":\"\u0160ilut\u0117s naujien\u0173 inf.\",\"image\":{\"@type\":\"ImageObject\",\"inLanguage\":\"lt-LT\",\"@id\":\"https:\\\/\\\/www.silutesnaujienos.lt\\\/lt\\\/wp-content\\\/uploads\\\/2020\\\/06\\\/favicon.png\",\"url\":\"https:\\\/\\\/www.silutesnaujienos.lt\\\/lt\\\/wp-content\\\/uploads\\\/2020\\\/06\\\/favicon.png\",\"contentUrl\":\"https:\\\/\\\/www.silutesnaujienos.lt\\\/lt\\\/wp-content\\\/uploads\\\/2020\\\/06\\\/favicon.png\",\"caption\":\"\u0160ilut\u0117s naujien\u0173 inf.\"},\"sameAs\":[\"https:\\\/\\\/www.silutesnaujienos.lt\\\/lt\"],\"url\":\"https:\\\/\\\/www.silutesnaujienos.lt\\\/lt\\\/author\\\/ruta\\\/\"}]}<\/script>\n<!-- \/ Yoast SEO plugin. -->","yoast_head_json":{"title":"Girti jaunuoliai su\u017ealojo bendrabu\u010dio aukl\u0117toj\u0105 ir du policininkus - \u0160ilut\u0117s naujienos","robots":{"index":"index","follow":"follow","max-snippet":"max-snippet:-1","max-image-preview":"max-image-preview:large","max-video-preview":"max-video-preview:-1"},"canonical":"https:\/\/www.silutesnaujienos.lt\/lt\/girti-jaunuoliai-suzalojo-bendrabucio-aukletoja-ir-du-policininkus\/","og_locale":"lt_LT","og_type":"article","og_title":"Girti jaunuoliai su\u017ealojo bendrabu\u010dio aukl\u0117toj\u0105 ir du policininkus - \u0160ilut\u0117s naujienos","og_description":"&nbsp;Precedento neturintis \u012fvykis &#8211; jaunimo riau\u0161\u0117s &#8211; pirmadien\u012f ir antradienio pavakar\u0119 kilo \u017demai\u010di\u0173 Naumiestyje.\u010cia esan\u010diame \u0160ilut\u0117s \u017eem\u0117s \u016bkio mokyklos (\u017d\u016aM) skyriuje neblaivi\u0173 buvusi\u0173 mokyklos moksleivi\u0173 grupel\u0117 su\u017ealojo bendrabu\u010dio aukl\u0117toj\u0105 ir net pasiprie\u0161ino i\u0161kviestiems policijos pareig\u016bnams.Aukl\u0117toja ir du pareig\u016bnai su\u017ealojimus gydosi namuose, o \u0160ilut\u0117s \u017d\u016aM buvo apsvarstytos net apsaugos pedagogams samdymo galimyb\u0117s. I\u0161dau\u017e\u0117 stiklus, su\u017eeid\u0117 aukl\u0117toj\u0105Pirmasis [&hellip;]","og_url":"https:\/\/www.silutesnaujienos.lt\/lt\/girti-jaunuoliai-suzalojo-bendrabucio-aukletoja-ir-du-policininkus\/","og_site_name":"\u0160ilut\u0117s naujienos","article_publisher":"https:\/\/www.facebook.com\/silutes.naujienos\/","article_published_time":"2015-12-12T10:00:00+00:00","og_image":[{"url":"\/\/silutesnaujienos.lt\/images\/stories\/2015\/GRUODIS\/11\/thumbnails\/thumb_chuliganai.jpg","type":"","width":"","height":""}],"author":"\u0160ilut\u0117s naujien\u0173 inf.","twitter_card":"summary_large_image","twitter_misc":{"Written by":"\u0160ilut\u0117s naujien\u0173 inf.","Est. reading time":"4 minut\u0117s"},"schema":{"@context":"https:\/\/schema.org","@graph":[{"@type":"Article","@id":"https:\/\/www.silutesnaujienos.lt\/lt\/girti-jaunuoliai-suzalojo-bendrabucio-aukletoja-ir-du-policininkus\/#article","isPartOf":{"@id":"https:\/\/www.silutesnaujienos.lt\/lt\/girti-jaunuoliai-suzalojo-bendrabucio-aukletoja-ir-du-policininkus\/"},"author":{"name":"\u0160ilut\u0117s naujien\u0173 inf.","@id":"https:\/\/www.silutesnaujienos.lt\/lt\/#\/schema\/person\/232f475ddd4a7b5f49b3abc788b17e83"},"headline":"Girti jaunuoliai su\u017ealojo bendrabu\u010dio aukl\u0117toj\u0105 ir du policininkus","datePublished":"2015-12-12T10:00:00+00:00","mainEntityOfPage":{"@id":"https:\/\/www.silutesnaujienos.lt\/lt\/girti-jaunuoliai-suzalojo-bendrabucio-aukletoja-ir-du-policininkus\/"},"wordCount":773,"commentCount":0,"publisher":{"@id":"https:\/\/www.silutesnaujienos.lt\/lt\/#organization"},"articleSection":["Teis\u0117tvarka"],"inLanguage":"lt-LT","potentialAction":[{"@type":"CommentAction","name":"Comment","target":["https:\/\/www.silutesnaujienos.lt\/lt\/girti-jaunuoliai-suzalojo-bendrabucio-aukletoja-ir-du-policininkus\/#respond"]}]},{"@type":"WebPage","@id":"https:\/\/www.silutesnaujienos.lt\/lt\/girti-jaunuoliai-suzalojo-bendrabucio-aukletoja-ir-du-policininkus\/","url":"https:\/\/www.silutesnaujienos.lt\/lt\/girti-jaunuoliai-suzalojo-bendrabucio-aukletoja-ir-du-policininkus\/","name":"Girti jaunuoliai su\u017ealojo bendrabu\u010dio aukl\u0117toj\u0105 ir du policininkus - \u0160ilut\u0117s naujienos","isPartOf":{"@id":"https:\/\/www.silutesnaujienos.lt\/lt\/#website"},"datePublished":"2015-12-12T10:00:00+00:00","breadcrumb":{"@id":"https:\/\/www.silutesnaujienos.lt\/lt\/girti-jaunuoliai-suzalojo-bendrabucio-aukletoja-ir-du-policininkus\/#breadcrumb"},"inLanguage":"lt-LT","potentialAction":[{"@type":"ReadAction","target":["https:\/\/www.silutesnaujienos.lt\/lt\/girti-jaunuoliai-suzalojo-bendrabucio-aukletoja-ir-du-policininkus\/"]}]},{"@type":"BreadcrumbList","@id":"https:\/\/www.silutesnaujienos.lt\/lt\/girti-jaunuoliai-suzalojo-bendrabucio-aukletoja-ir-du-policininkus\/#breadcrumb","itemListElement":[{"@type":"ListItem","position":1,"name":"Home","item":"https:\/\/www.silutesnaujienos.lt\/lt\/"},{"@type":"ListItem","position":2,"name":"Girti jaunuoliai su\u017ealojo bendrabu\u010dio aukl\u0117toj\u0105 ir du policininkus"}]},{"@type":"WebSite","@id":"https:\/\/www.silutesnaujienos.lt\/lt\/#website","url":"https:\/\/www.silutesnaujienos.lt\/lt\/","name":"\u0160ilut\u0117s naujienos","description":"B\u016bk ant naujien\u0173 bangos!","publisher":{"@id":"https:\/\/www.silutesnaujienos.lt\/lt\/#organization"},"potentialAction":[{"@type":"SearchAction","target":{"@type":"EntryPoint","urlTemplate":"https:\/\/www.silutesnaujienos.lt\/lt\/?s={search_term_string}"},"query-input":{"@type":"PropertyValueSpecification","valueRequired":true,"valueName":"search_term_string"}}],"inLanguage":"lt-LT"},{"@type":"Organization","@id":"https:\/\/www.silutesnaujienos.lt\/lt\/#organization","name":"\u0160ilut\u0117s naujienos","url":"https:\/\/www.silutesnaujienos.lt\/lt\/","logo":{"@type":"ImageObject","inLanguage":"lt-LT","@id":"https:\/\/www.silutesnaujienos.lt\/lt\/#\/schema\/logo\/image\/","url":"https:\/\/www.silutesnaujienos.lt\/lt\/wp-content\/uploads\/2020\/06\/FB_MAIN.jpg","contentUrl":"https:\/\/www.silutesnaujienos.lt\/lt\/wp-content\/uploads\/2020\/06\/FB_MAIN.jpg","width":1700,"height":956,"caption":"\u0160ilut\u0117s naujienos"},"image":{"@id":"https:\/\/www.silutesnaujienos.lt\/lt\/#\/schema\/logo\/image\/"},"sameAs":["https:\/\/www.facebook.com\/silutes.naujienos\/","https:\/\/www.youtube.com\/channel\/UCxW-cgrJDt8GxIMxSTAfJZg"]},{"@type":"Person","@id":"https:\/\/www.silutesnaujienos.lt\/lt\/#\/schema\/person\/232f475ddd4a7b5f49b3abc788b17e83","name":"\u0160ilut\u0117s naujien\u0173 inf.","image":{"@type":"ImageObject","inLanguage":"lt-LT","@id":"https:\/\/www.silutesnaujienos.lt\/lt\/wp-content\/uploads\/2020\/06\/favicon.png","url":"https:\/\/www.silutesnaujienos.lt\/lt\/wp-content\/uploads\/2020\/06\/favicon.png","contentUrl":"https:\/\/www.silutesnaujienos.lt\/lt\/wp-content\/uploads\/2020\/06\/favicon.png","caption":"\u0160ilut\u0117s naujien\u0173 inf."},"sameAs":["https:\/\/www.silutesnaujienos.lt\/lt"],"url":"https:\/\/www.silutesnaujienos.lt\/lt\/author\/ruta\/"}]}},"publishpress_future_workflow_manual_trigger":{"enabledWorkflows":[]},"amp_enabled":true,"_links":{"self":[{"href":"https:\/\/www.silutesnaujienos.lt\/lt\/wp-json\/wp\/v2\/posts\/9741","targetHints":{"allow":["GET"]}}],"collection":[{"href":"https:\/\/www.silutesnaujienos.lt\/lt\/wp-json\/wp\/v2\/posts"}],"about":[{"href":"https:\/\/www.silutesnaujienos.lt\/lt\/wp-json\/wp\/v2\/types\/post"}],"author":[{"embeddable":true,"href":"https:\/\/www.silutesnaujienos.lt\/lt\/wp-json\/wp\/v2\/users\/1"}],"replies":[{"embeddable":true,"href":"https:\/\/www.silutesnaujienos.lt\/lt\/wp-json\/wp\/v2\/comments?post=9741"}],"version-history":[{"count":0,"href":"https:\/\/www.silutesnaujienos.lt\/lt\/wp-json\/wp\/v2\/posts\/9741\/revisions"}],"wp:attachment":[{"href":"https:\/\/www.silutesnaujienos.lt\/lt\/wp-json\/wp\/v2\/media?parent=9741"}],"wp:term":[{"taxonomy":"category","embeddable":true,"href":"https:\/\/www.silutesnaujienos.lt\/lt\/wp-json\/wp\/v2\/categories?post=9741"},{"taxonomy":"post_tag","embeddable":true,"href":"https:\/\/www.silutesnaujienos.lt\/lt\/wp-json\/wp\/v2\/tags?post=9741"}],"curies":[{"name":"wp","href":"https:\/\/api.w.org\/{rel}","templated":true}]}}