{"id":9879,"date":"2012-11-01T16:00:00","date_gmt":"2012-11-01T18:00:00","guid":{"rendered":"https:\/\/www.silutesnaujienos.lt\/lt\/palangos-menininkai-iamzino-sveksna\/"},"modified":"2012-11-01T16:00:00","modified_gmt":"2012-11-01T18:00:00","slug":"palangos-menininkai-iamzino-sveksna","status":"publish","type":"post","link":"https:\/\/www.silutesnaujienos.lt\/lt\/palangos-menininkai-iamzino-sveksna\/","title":{"rendered":"Palangos menininkai \u012fam\u017eino \u0160v\u0117k\u0161n\u0105"},"content":{"rendered":"<p><a target=\"_blank\" rel=\"caption[Pad\u0117koj\u0119s \u201eMosto\u201c k\u016brybinei grupei, A.\u0160eputis \u012fteik\u0117 pad\u0117kos ra\u0161t\u0105 ir suvenyr\u0105 su \u0160v\u0117k\u0161nos herbu.] noopener noreferrer\" class=\"jcepopup\" href=\"\/\/silutesnaujienos.lt\/images\/stories\/2012\/10\/31\/sveksnos_pleneras_10.jpg\" data-rel=\"lightbox-gallery-EXJKh6iE\" data-rl_title=\"\" data-rl_caption=\"\"><img loading=\"lazy\" decoding=\"async\" style=\"margin: 5px; float: left;\" class=\"caption\" title=\"\" alt=\"sveksnos pleneras 10\" src=\"\/\/silutesnaujienos.lt\/images\/stories\/2012\/10\/31\/thumbnails\/thumb_sveksnos_pleneras_10.jpg\" height=\"230\" width=\"307\" \/><\/a><strong>\u0160v\u0117k\u0161ni\u0161kiams savo dail\u0117s darb\u0173 parod\u0105 atve\u017e\u0117 Palangos k\u016brybin\u0117s grup\u0117s \u201eMostas\u201c nariai bei prie j\u0173 prisijungusios meninink\u0117s i\u0161 Kretingos ir Klaip\u0117dos. \u201eMostie\u010di\u0173\u201c k\u016bryba \u0160v\u0117k\u0161noje pristatoma pirm\u0105 kart\u0105.<\/strong><\/p>\n<p><strong>Gausiai \u012f seni\u016bnijos sal\u0119 rinkosi menui neabejingi \u0161v\u0117k\u0161ni\u0161kiai, norintys pamatyti dailinink\u0173, prie\u0161 por\u0105 m\u0117nesi\u0173 keturias dienas \u010dia gyvenusi\u0173 ir k\u016brusi\u0173, k\u016bryb\u0105, pasim\u0117gauti profesionaliu menu, i\u0161girsti plenero dalyvi\u0173 mintis, pasidalinti savosiomis.<\/strong><\/p>\n<p>Pleneras (pranc. plein air &#8211; \u201eatviras oras\u201c) &#8211; tai tapymas gamtoje, tikrovi\u0161kai pavaizduojant matomus vaizdus. Pastaruoju metu \u0161i s\u0105voka \u012fgavo platesn\u0119 reik\u0161m\u0119. Tokiose k\u016brybin\u0117se stovyklose, \u012fsik\u016brusiose vaizdingoje gamtoje, kuria \u012fvairi\u0173 sri\u010di\u0173 menininkai, vyksta patirties perdavimo pamokos. Pleneruose gim\u0119 k\u016briniai pristatomi ir visuomenei.<\/p>\n<p>Plenere \u0160v\u0117k\u0161noje dalyvavo 10 meninink\u0173. Per keturias dienas sukurta daugiau kaip pus\u0161imtis darb\u0173, i\u0161 kuri\u0173 35 atrinkti parodai. \u201eMosto\u201c pleneras turi ir prid\u0117tin\u0119 vert\u0119 &#8211; \u0160v\u0117k\u0161nos seni\u016bnijai padovanota 10 &#8211; kiekvieno dailininko po vien\u0105 &#8211; plenero metu sukurt\u0173 darb\u0173.<\/p>\n<p>Menininkus pristat\u0119s seni\u016bnas Alfonsas \u0160eputis pasid\u017eiaug\u0117 dail\u0117s darbuose atgijusiais \u0160v\u0117k\u0161nos akcentais, kurie tarsi naujai suspindo. Seni\u016bnas prisimin\u0117 liet\u0173, sutrukd\u017eius\u012f sumanyt\u0105 plenere sukurt\u0173 darb\u0173 \u201eblic\u201c parod\u0105, kuri\u0105 planuota eksponuoti ba\u017eny\u010dios \u0161ventoriuje, ir pakviet\u0117 k\u016brybin\u0117s grup\u0117s vadov\u0105 Juoz\u0105 Griu\u0161\u012f atidaryti parod\u0105, papasakoti apie potyrius \u0160v\u0117k\u0161noje.<\/p>\n<p>Plenero organizatorius nesl\u0117p\u0117, kad dailinink\u0173 k\u016brybai didel\u0119 \u012ftak\u0105 dar\u0117 ir vieta, ir istorin\u0117 miestelio praeitis. Menininkai, vaik\u0161\u010diodami istoriniais \u0160v\u0117k\u0161nos takais, gal\u0117jo i\u0161 \u0161io laikme\u010dio pa\u017evelgti \u012f praeit\u012f, prisiliet\u0119 prie senosios architekt\u016bros paminkl\u0173, perkelti juos \u012f savo k\u016brinius. Erdv\u0117 kuria nuotaik\u0105, diktuoja kompozicij\u0105 ir meno darb\u0173 kolorit\u0105. J.Griu\u0161ys d\u017eiaug\u0117si, kad buvo pasir\u016bpinta plenero dalyvi\u0173 gyvenimo ir darbo s\u0105lygomis, su \u0161v\u0117k\u0161ni\u0161kiais maloniai praleistas ne vienas vakaras, ap\u017ei\u016br\u0117ti dvarai, ba\u017eny\u010dia. <\/p>\n<p>\u012e parodos atidarym\u0105 atvyk\u0119 menininkai Gra\u017eina O\u0161kinyt\u0117 &#8211; Eimanavi\u010dien\u0117, Ieva Litvaityt\u0117, Egl\u0117 Lipinskait\u0117, Dovil\u0117 O\u0161kinyt\u0117, kretingi\u0161k\u0117 Dalia Skridailait\u0117, Migl\u0117 Jonaitien\u0117 ir Romas Paulikas, taip pat pasidalino k\u016brybin\u0117mis mintimis ir \u012fsp\u016bd\u017eiais. Visi buvo su\u017eav\u0117ti \u0160v\u0117k\u0161na ir jos \u017emoni\u0173 nuo\u0161irdumu.<\/p>\n<p>Parodos paveiksluose &#8211; \u0160v\u0117k\u0161nos katalik\u0173 ir evangelik\u0173 ba\u017eny\u010dios, Vilk\u0117no dvaras ir mal\u016bnas, Genovait\u0117s vila, parkai, architekt\u016bros paminkl\u0173 detal\u0117s. Miestelio dvasia ir nuotaika tokia, koki\u0105 pajuto k\u016br\u0117jai. Vaizdai, kuri\u0173 neapra\u0161ysi: tiesiog reikia ateiti ir juos pamatyti. Paroda veiks iki met\u0173 pabaigos.<\/p>\n<p>B\u016bta maloni\u0173 netik\u0117tum\u0173. Pad\u0117koj\u0119s \u201eMosto\u201c k\u016brybinei grupei, A.\u0160eputis \u012fteik\u0117 pad\u0117kos ra\u0161t\u0105 ir suvenyr\u0105 su \u0160v\u0117k\u0161nos herbu. <\/p>\n<p>Pasak grup\u0117s vadovo J.Griu\u0161io, tai pirmoji oficiali pad\u0117ka \u201emostie\u010diams\u201c u\u017e j\u0173 k\u016bryb\u0105. Helena \u0160vanyt\u0117 &#8211; \u010cerniauskien\u0117 dovanojo, kaip ji teig\u0117, tikr\u0105sias \u0160v\u0117k\u0161nos dvaro ro\u017ees, Violeta Astrauskien\u0117 pasid\u017eiaug\u0117 tvirt\u0117jan\u010dia draugyste ir palink\u0117jo, kad tiltas \u0160v\u0117k\u0161na &#8211; Palanga &#8211; \u0160v\u0117k\u0161na nesugri\u016bt\u0173 ir ne\u012fl\u016b\u017et\u0173. Paskai\u010diusi pora miniati\u016br\u0173 i\u0161 naujosios savo fotonoveli\u0173 knygos \u201eKalb\u0117jimai\u201c, dovanojo j\u0105 M.Jonaitienei, plenero kuratorei.<\/p>\n<p>Renginio dalyviams smagios nuotaikos doz\u0117s nepagail\u0117jo Nogai\u010di\u0173 \u0161eimos ansamblis.<\/p>\n<p>Kol dalyviai ap\u017ei\u016brin\u0117jo parod\u0105, su Palangos miesto savivaldyb\u0117s vie\u0161osios bibliotekos informacijos ir bibliografijos skyriaus ved\u0117ja, menininke Migle Jonaitiene aptar\u0117me ateinan\u010di\u0173 met\u0173 veikl\u0105. Tvirt\u0117janti bi\u010diulyst\u0117 tarp \u0160v\u0117k\u0161nos ir Palangos k\u016br\u0117j\u0173 gimdo vis naujas kult\u016brines id\u0117jas.<\/p>\n<p><span class=\"highlight\"><img loading=\"lazy\" decoding=\"async\" style=\"margin: 5px; vertical-align: middle;\" src=\"\/\/silutesnaujienos.lt\/images\/stories\/LOGO\/spaudos_remimo_fondas.JPG\" alt=\"spaudos remimo fondas\" height=\"61\" width=\"100\" \/><\/span><strong><span class=\"highlight\">&nbsp;Projektas &#8222;\u0160ilut\u0117s kra\u0161to kult\u016bra ir \u017emon\u0117s: tradicijos, istorija, k\u016bryba&#8221;.<\/span><\/strong><\/p>\n","protected":false},"excerpt":{"rendered":"<p>\u0160v\u0117k\u0161ni\u0161kiams savo dail\u0117s darb\u0173 parod\u0105 atve\u017e\u0117 Palangos k\u016brybin\u0117s grup\u0117s \u201eMostas\u201c nariai bei prie j\u0173 prisijungusios meninink\u0117s i\u0161 Kretingos ir Klaip\u0117dos. \u201eMostie\u010di\u0173\u201c k\u016bryba \u0160v\u0117k\u0161noje pristatoma pirm\u0105 kart\u0105. Gausiai \u012f seni\u016bnijos sal\u0119 rinkosi menui neabejingi \u0161v\u0117k\u0161ni\u0161kiai, norintys pamatyti dailinink\u0173, prie\u0161 por\u0105 m\u0117nesi\u0173 keturias dienas \u010dia gyvenusi\u0173 ir k\u016brusi\u0173, k\u016bryb\u0105, pasim\u0117gauti profesionaliu menu, i\u0161girsti plenero dalyvi\u0173 mintis, pasidalinti [&hellip;]<\/p>\n","protected":false},"author":1,"featured_media":0,"comment_status":"open","ping_status":"open","sticky":false,"template":"","format":"standard","meta":{"footnotes":""},"categories":[51],"tags":[],"class_list":{"0":"post-9879","1":"post","2":"type-post","3":"status-publish","4":"format-standard","6":"category-kultura-ir-svietimas"},"yoast_head":"<!-- This site is optimized with the Yoast SEO plugin v27.5 - https:\/\/yoast.com\/product\/yoast-seo-wordpress\/ -->\n<title>Palangos menininkai \u012fam\u017eino \u0160v\u0117k\u0161n\u0105 - \u0160ilut\u0117s naujienos<\/title>\n<meta name=\"robots\" content=\"index, follow, max-snippet:-1, max-image-preview:large, max-video-preview:-1\" \/>\n<link rel=\"canonical\" href=\"https:\/\/www.silutesnaujienos.lt\/lt\/palangos-menininkai-iamzino-sveksna\/\" \/>\n<meta property=\"og:locale\" content=\"lt_LT\" \/>\n<meta property=\"og:type\" content=\"article\" \/>\n<meta property=\"og:title\" content=\"Palangos menininkai \u012fam\u017eino \u0160v\u0117k\u0161n\u0105 - \u0160ilut\u0117s naujienos\" \/>\n<meta property=\"og:description\" content=\"\u0160v\u0117k\u0161ni\u0161kiams savo dail\u0117s darb\u0173 parod\u0105 atve\u017e\u0117 Palangos k\u016brybin\u0117s grup\u0117s \u201eMostas\u201c nariai bei prie j\u0173 prisijungusios meninink\u0117s i\u0161 Kretingos ir Klaip\u0117dos. \u201eMostie\u010di\u0173\u201c k\u016bryba \u0160v\u0117k\u0161noje pristatoma pirm\u0105 kart\u0105. Gausiai \u012f seni\u016bnijos sal\u0119 rinkosi menui neabejingi \u0161v\u0117k\u0161ni\u0161kiai, norintys pamatyti dailinink\u0173, prie\u0161 por\u0105 m\u0117nesi\u0173 keturias dienas \u010dia gyvenusi\u0173 ir k\u016brusi\u0173, k\u016bryb\u0105, pasim\u0117gauti profesionaliu menu, i\u0161girsti plenero dalyvi\u0173 mintis, pasidalinti [&hellip;]\" \/>\n<meta property=\"og:url\" content=\"https:\/\/www.silutesnaujienos.lt\/lt\/palangos-menininkai-iamzino-sveksna\/\" \/>\n<meta property=\"og:site_name\" content=\"\u0160ilut\u0117s naujienos\" \/>\n<meta property=\"article:publisher\" content=\"https:\/\/www.facebook.com\/silutes.naujienos\/\" \/>\n<meta property=\"article:published_time\" content=\"2012-11-01T18:00:00+00:00\" \/>\n<meta property=\"og:image\" content=\"\/\/silutesnaujienos.lt\/images\/stories\/2012\/10\/31\/thumbnails\/thumb_sveksnos_pleneras_10.jpg\" \/>\n<meta name=\"author\" content=\"\u0160ilut\u0117s naujien\u0173 inf.\" \/>\n<meta name=\"twitter:card\" content=\"summary_large_image\" \/>\n<meta name=\"twitter:label1\" content=\"Written by\" \/>\n\t<meta name=\"twitter:data1\" content=\"\u0160ilut\u0117s naujien\u0173 inf.\" \/>\n\t<meta name=\"twitter:label2\" content=\"Est. reading time\" \/>\n\t<meta name=\"twitter:data2\" content=\"3 minut\u0117s\" \/>\n<script type=\"application\/ld+json\" class=\"yoast-schema-graph\">{\"@context\":\"https:\\\/\\\/schema.org\",\"@graph\":[{\"@type\":\"Article\",\"@id\":\"https:\\\/\\\/www.silutesnaujienos.lt\\\/lt\\\/palangos-menininkai-iamzino-sveksna\\\/#article\",\"isPartOf\":{\"@id\":\"https:\\\/\\\/www.silutesnaujienos.lt\\\/lt\\\/palangos-menininkai-iamzino-sveksna\\\/\"},\"author\":{\"name\":\"\u0160ilut\u0117s naujien\u0173 inf.\",\"@id\":\"https:\\\/\\\/www.silutesnaujienos.lt\\\/lt\\\/#\\\/schema\\\/person\\\/232f475ddd4a7b5f49b3abc788b17e83\"},\"headline\":\"Palangos menininkai \u012fam\u017eino \u0160v\u0117k\u0161n\u0105\",\"datePublished\":\"2012-11-01T18:00:00+00:00\",\"mainEntityOfPage\":{\"@id\":\"https:\\\/\\\/www.silutesnaujienos.lt\\\/lt\\\/palangos-menininkai-iamzino-sveksna\\\/\"},\"wordCount\":610,\"commentCount\":0,\"publisher\":{\"@id\":\"https:\\\/\\\/www.silutesnaujienos.lt\\\/lt\\\/#organization\"},\"articleSection\":[\"Kult\u016bra ir \u0161vietimas\"],\"inLanguage\":\"lt-LT\",\"potentialAction\":[{\"@type\":\"CommentAction\",\"name\":\"Comment\",\"target\":[\"https:\\\/\\\/www.silutesnaujienos.lt\\\/lt\\\/palangos-menininkai-iamzino-sveksna\\\/#respond\"]}]},{\"@type\":\"WebPage\",\"@id\":\"https:\\\/\\\/www.silutesnaujienos.lt\\\/lt\\\/palangos-menininkai-iamzino-sveksna\\\/\",\"url\":\"https:\\\/\\\/www.silutesnaujienos.lt\\\/lt\\\/palangos-menininkai-iamzino-sveksna\\\/\",\"name\":\"Palangos menininkai \u012fam\u017eino \u0160v\u0117k\u0161n\u0105 - \u0160ilut\u0117s naujienos\",\"isPartOf\":{\"@id\":\"https:\\\/\\\/www.silutesnaujienos.lt\\\/lt\\\/#website\"},\"datePublished\":\"2012-11-01T18:00:00+00:00\",\"breadcrumb\":{\"@id\":\"https:\\\/\\\/www.silutesnaujienos.lt\\\/lt\\\/palangos-menininkai-iamzino-sveksna\\\/#breadcrumb\"},\"inLanguage\":\"lt-LT\",\"potentialAction\":[{\"@type\":\"ReadAction\",\"target\":[\"https:\\\/\\\/www.silutesnaujienos.lt\\\/lt\\\/palangos-menininkai-iamzino-sveksna\\\/\"]}]},{\"@type\":\"BreadcrumbList\",\"@id\":\"https:\\\/\\\/www.silutesnaujienos.lt\\\/lt\\\/palangos-menininkai-iamzino-sveksna\\\/#breadcrumb\",\"itemListElement\":[{\"@type\":\"ListItem\",\"position\":1,\"name\":\"Home\",\"item\":\"https:\\\/\\\/www.silutesnaujienos.lt\\\/lt\\\/\"},{\"@type\":\"ListItem\",\"position\":2,\"name\":\"Palangos menininkai \u012fam\u017eino \u0160v\u0117k\u0161n\u0105\"}]},{\"@type\":\"WebSite\",\"@id\":\"https:\\\/\\\/www.silutesnaujienos.lt\\\/lt\\\/#website\",\"url\":\"https:\\\/\\\/www.silutesnaujienos.lt\\\/lt\\\/\",\"name\":\"\u0160ilut\u0117s naujienos\",\"description\":\"B\u016bk ant naujien\u0173 bangos!\",\"publisher\":{\"@id\":\"https:\\\/\\\/www.silutesnaujienos.lt\\\/lt\\\/#organization\"},\"potentialAction\":[{\"@type\":\"SearchAction\",\"target\":{\"@type\":\"EntryPoint\",\"urlTemplate\":\"https:\\\/\\\/www.silutesnaujienos.lt\\\/lt\\\/?s={search_term_string}\"},\"query-input\":{\"@type\":\"PropertyValueSpecification\",\"valueRequired\":true,\"valueName\":\"search_term_string\"}}],\"inLanguage\":\"lt-LT\"},{\"@type\":\"Organization\",\"@id\":\"https:\\\/\\\/www.silutesnaujienos.lt\\\/lt\\\/#organization\",\"name\":\"\u0160ilut\u0117s naujienos\",\"url\":\"https:\\\/\\\/www.silutesnaujienos.lt\\\/lt\\\/\",\"logo\":{\"@type\":\"ImageObject\",\"inLanguage\":\"lt-LT\",\"@id\":\"https:\\\/\\\/www.silutesnaujienos.lt\\\/lt\\\/#\\\/schema\\\/logo\\\/image\\\/\",\"url\":\"https:\\\/\\\/www.silutesnaujienos.lt\\\/lt\\\/wp-content\\\/uploads\\\/2020\\\/06\\\/FB_MAIN.jpg\",\"contentUrl\":\"https:\\\/\\\/www.silutesnaujienos.lt\\\/lt\\\/wp-content\\\/uploads\\\/2020\\\/06\\\/FB_MAIN.jpg\",\"width\":1700,\"height\":956,\"caption\":\"\u0160ilut\u0117s naujienos\"},\"image\":{\"@id\":\"https:\\\/\\\/www.silutesnaujienos.lt\\\/lt\\\/#\\\/schema\\\/logo\\\/image\\\/\"},\"sameAs\":[\"https:\\\/\\\/www.facebook.com\\\/silutes.naujienos\\\/\",\"https:\\\/\\\/www.youtube.com\\\/channel\\\/UCxW-cgrJDt8GxIMxSTAfJZg\"]},{\"@type\":\"Person\",\"@id\":\"https:\\\/\\\/www.silutesnaujienos.lt\\\/lt\\\/#\\\/schema\\\/person\\\/232f475ddd4a7b5f49b3abc788b17e83\",\"name\":\"\u0160ilut\u0117s naujien\u0173 inf.\",\"image\":{\"@type\":\"ImageObject\",\"inLanguage\":\"lt-LT\",\"@id\":\"https:\\\/\\\/www.silutesnaujienos.lt\\\/lt\\\/wp-content\\\/uploads\\\/2020\\\/06\\\/favicon.png\",\"url\":\"https:\\\/\\\/www.silutesnaujienos.lt\\\/lt\\\/wp-content\\\/uploads\\\/2020\\\/06\\\/favicon.png\",\"contentUrl\":\"https:\\\/\\\/www.silutesnaujienos.lt\\\/lt\\\/wp-content\\\/uploads\\\/2020\\\/06\\\/favicon.png\",\"caption\":\"\u0160ilut\u0117s naujien\u0173 inf.\"},\"sameAs\":[\"https:\\\/\\\/www.silutesnaujienos.lt\\\/lt\"],\"url\":\"https:\\\/\\\/www.silutesnaujienos.lt\\\/lt\\\/author\\\/ruta\\\/\"}]}<\/script>\n<!-- \/ Yoast SEO plugin. -->","yoast_head_json":{"title":"Palangos menininkai \u012fam\u017eino \u0160v\u0117k\u0161n\u0105 - \u0160ilut\u0117s naujienos","robots":{"index":"index","follow":"follow","max-snippet":"max-snippet:-1","max-image-preview":"max-image-preview:large","max-video-preview":"max-video-preview:-1"},"canonical":"https:\/\/www.silutesnaujienos.lt\/lt\/palangos-menininkai-iamzino-sveksna\/","og_locale":"lt_LT","og_type":"article","og_title":"Palangos menininkai \u012fam\u017eino \u0160v\u0117k\u0161n\u0105 - \u0160ilut\u0117s naujienos","og_description":"\u0160v\u0117k\u0161ni\u0161kiams savo dail\u0117s darb\u0173 parod\u0105 atve\u017e\u0117 Palangos k\u016brybin\u0117s grup\u0117s \u201eMostas\u201c nariai bei prie j\u0173 prisijungusios meninink\u0117s i\u0161 Kretingos ir Klaip\u0117dos. \u201eMostie\u010di\u0173\u201c k\u016bryba \u0160v\u0117k\u0161noje pristatoma pirm\u0105 kart\u0105. Gausiai \u012f seni\u016bnijos sal\u0119 rinkosi menui neabejingi \u0161v\u0117k\u0161ni\u0161kiai, norintys pamatyti dailinink\u0173, prie\u0161 por\u0105 m\u0117nesi\u0173 keturias dienas \u010dia gyvenusi\u0173 ir k\u016brusi\u0173, k\u016bryb\u0105, pasim\u0117gauti profesionaliu menu, i\u0161girsti plenero dalyvi\u0173 mintis, pasidalinti [&hellip;]","og_url":"https:\/\/www.silutesnaujienos.lt\/lt\/palangos-menininkai-iamzino-sveksna\/","og_site_name":"\u0160ilut\u0117s naujienos","article_publisher":"https:\/\/www.facebook.com\/silutes.naujienos\/","article_published_time":"2012-11-01T18:00:00+00:00","og_image":[{"url":"\/\/silutesnaujienos.lt\/images\/stories\/2012\/10\/31\/thumbnails\/thumb_sveksnos_pleneras_10.jpg","type":"","width":"","height":""}],"author":"\u0160ilut\u0117s naujien\u0173 inf.","twitter_card":"summary_large_image","twitter_misc":{"Written by":"\u0160ilut\u0117s naujien\u0173 inf.","Est. reading time":"3 minut\u0117s"},"schema":{"@context":"https:\/\/schema.org","@graph":[{"@type":"Article","@id":"https:\/\/www.silutesnaujienos.lt\/lt\/palangos-menininkai-iamzino-sveksna\/#article","isPartOf":{"@id":"https:\/\/www.silutesnaujienos.lt\/lt\/palangos-menininkai-iamzino-sveksna\/"},"author":{"name":"\u0160ilut\u0117s naujien\u0173 inf.","@id":"https:\/\/www.silutesnaujienos.lt\/lt\/#\/schema\/person\/232f475ddd4a7b5f49b3abc788b17e83"},"headline":"Palangos menininkai \u012fam\u017eino \u0160v\u0117k\u0161n\u0105","datePublished":"2012-11-01T18:00:00+00:00","mainEntityOfPage":{"@id":"https:\/\/www.silutesnaujienos.lt\/lt\/palangos-menininkai-iamzino-sveksna\/"},"wordCount":610,"commentCount":0,"publisher":{"@id":"https:\/\/www.silutesnaujienos.lt\/lt\/#organization"},"articleSection":["Kult\u016bra ir \u0161vietimas"],"inLanguage":"lt-LT","potentialAction":[{"@type":"CommentAction","name":"Comment","target":["https:\/\/www.silutesnaujienos.lt\/lt\/palangos-menininkai-iamzino-sveksna\/#respond"]}]},{"@type":"WebPage","@id":"https:\/\/www.silutesnaujienos.lt\/lt\/palangos-menininkai-iamzino-sveksna\/","url":"https:\/\/www.silutesnaujienos.lt\/lt\/palangos-menininkai-iamzino-sveksna\/","name":"Palangos menininkai \u012fam\u017eino \u0160v\u0117k\u0161n\u0105 - \u0160ilut\u0117s naujienos","isPartOf":{"@id":"https:\/\/www.silutesnaujienos.lt\/lt\/#website"},"datePublished":"2012-11-01T18:00:00+00:00","breadcrumb":{"@id":"https:\/\/www.silutesnaujienos.lt\/lt\/palangos-menininkai-iamzino-sveksna\/#breadcrumb"},"inLanguage":"lt-LT","potentialAction":[{"@type":"ReadAction","target":["https:\/\/www.silutesnaujienos.lt\/lt\/palangos-menininkai-iamzino-sveksna\/"]}]},{"@type":"BreadcrumbList","@id":"https:\/\/www.silutesnaujienos.lt\/lt\/palangos-menininkai-iamzino-sveksna\/#breadcrumb","itemListElement":[{"@type":"ListItem","position":1,"name":"Home","item":"https:\/\/www.silutesnaujienos.lt\/lt\/"},{"@type":"ListItem","position":2,"name":"Palangos menininkai \u012fam\u017eino \u0160v\u0117k\u0161n\u0105"}]},{"@type":"WebSite","@id":"https:\/\/www.silutesnaujienos.lt\/lt\/#website","url":"https:\/\/www.silutesnaujienos.lt\/lt\/","name":"\u0160ilut\u0117s naujienos","description":"B\u016bk ant naujien\u0173 bangos!","publisher":{"@id":"https:\/\/www.silutesnaujienos.lt\/lt\/#organization"},"potentialAction":[{"@type":"SearchAction","target":{"@type":"EntryPoint","urlTemplate":"https:\/\/www.silutesnaujienos.lt\/lt\/?s={search_term_string}"},"query-input":{"@type":"PropertyValueSpecification","valueRequired":true,"valueName":"search_term_string"}}],"inLanguage":"lt-LT"},{"@type":"Organization","@id":"https:\/\/www.silutesnaujienos.lt\/lt\/#organization","name":"\u0160ilut\u0117s naujienos","url":"https:\/\/www.silutesnaujienos.lt\/lt\/","logo":{"@type":"ImageObject","inLanguage":"lt-LT","@id":"https:\/\/www.silutesnaujienos.lt\/lt\/#\/schema\/logo\/image\/","url":"https:\/\/www.silutesnaujienos.lt\/lt\/wp-content\/uploads\/2020\/06\/FB_MAIN.jpg","contentUrl":"https:\/\/www.silutesnaujienos.lt\/lt\/wp-content\/uploads\/2020\/06\/FB_MAIN.jpg","width":1700,"height":956,"caption":"\u0160ilut\u0117s naujienos"},"image":{"@id":"https:\/\/www.silutesnaujienos.lt\/lt\/#\/schema\/logo\/image\/"},"sameAs":["https:\/\/www.facebook.com\/silutes.naujienos\/","https:\/\/www.youtube.com\/channel\/UCxW-cgrJDt8GxIMxSTAfJZg"]},{"@type":"Person","@id":"https:\/\/www.silutesnaujienos.lt\/lt\/#\/schema\/person\/232f475ddd4a7b5f49b3abc788b17e83","name":"\u0160ilut\u0117s naujien\u0173 inf.","image":{"@type":"ImageObject","inLanguage":"lt-LT","@id":"https:\/\/www.silutesnaujienos.lt\/lt\/wp-content\/uploads\/2020\/06\/favicon.png","url":"https:\/\/www.silutesnaujienos.lt\/lt\/wp-content\/uploads\/2020\/06\/favicon.png","contentUrl":"https:\/\/www.silutesnaujienos.lt\/lt\/wp-content\/uploads\/2020\/06\/favicon.png","caption":"\u0160ilut\u0117s naujien\u0173 inf."},"sameAs":["https:\/\/www.silutesnaujienos.lt\/lt"],"url":"https:\/\/www.silutesnaujienos.lt\/lt\/author\/ruta\/"}]}},"publishpress_future_workflow_manual_trigger":{"enabledWorkflows":[]},"amp_enabled":true,"_links":{"self":[{"href":"https:\/\/www.silutesnaujienos.lt\/lt\/wp-json\/wp\/v2\/posts\/9879","targetHints":{"allow":["GET"]}}],"collection":[{"href":"https:\/\/www.silutesnaujienos.lt\/lt\/wp-json\/wp\/v2\/posts"}],"about":[{"href":"https:\/\/www.silutesnaujienos.lt\/lt\/wp-json\/wp\/v2\/types\/post"}],"author":[{"embeddable":true,"href":"https:\/\/www.silutesnaujienos.lt\/lt\/wp-json\/wp\/v2\/users\/1"}],"replies":[{"embeddable":true,"href":"https:\/\/www.silutesnaujienos.lt\/lt\/wp-json\/wp\/v2\/comments?post=9879"}],"version-history":[{"count":0,"href":"https:\/\/www.silutesnaujienos.lt\/lt\/wp-json\/wp\/v2\/posts\/9879\/revisions"}],"wp:attachment":[{"href":"https:\/\/www.silutesnaujienos.lt\/lt\/wp-json\/wp\/v2\/media?parent=9879"}],"wp:term":[{"taxonomy":"category","embeddable":true,"href":"https:\/\/www.silutesnaujienos.lt\/lt\/wp-json\/wp\/v2\/categories?post=9879"},{"taxonomy":"post_tag","embeddable":true,"href":"https:\/\/www.silutesnaujienos.lt\/lt\/wp-json\/wp\/v2\/tags?post=9879"}],"curies":[{"name":"wp","href":"https:\/\/api.w.org\/{rel}","templated":true}]}}