{"id":9889,"date":"2013-01-04T17:00:00","date_gmt":"2013-01-04T19:00:00","guid":{"rendered":"https:\/\/www.silutesnaujienos.lt\/lt\/kaledines-kompozicijos-languose-menas-darbas-ir-islaidos\/"},"modified":"2013-01-04T17:00:00","modified_gmt":"2013-01-04T19:00:00","slug":"kaledines-kompozicijos-languose-menas-darbas-ir-islaidos","status":"publish","type":"post","link":"https:\/\/www.silutesnaujienos.lt\/lt\/kaledines-kompozicijos-languose-menas-darbas-ir-islaidos\/","title":{"rendered":"Kal\u0117din\u0117s kompozicijos languose &#8211;  menas, darbas ir i\u0161laidos"},"content":{"rendered":"<p><a type=\"image\" class=\"jcepopup\" target=\"_blank\" rel=\"caption[Parduotuv\u0117s \u201eVaikyst\u0117\u201c vitrinoje sustingo kal\u0117diniai angeliukai.] angeliukai.];group[0] noopener noreferrer\" href=\"\/\/silutesnaujienos.lt\/images\/stories\/2013\/01\/04\/DSC_1098.jpg\" data-rel=\"lightbox-gallery-uJDwc7Wm\" data-rl_title=\"\" data-rl_caption=\"\"><img loading=\"lazy\" decoding=\"async\" style=\"margin: 5px; float: left;\" class=\"caption\" title=\"\" alt=\"DSC 1098\" src=\"\/\/silutesnaujienos.lt\/images\/stories\/2013\/01\/04\/thumbnails\/thumb_DSC_1098.jpg\" height=\"230\" width=\"307\" \/><\/a><strong>Jei ne \u0160ilut\u0117s prekybinink\u0173 i\u0161mon\u0117 ir sumanumas, dr\u0105siai galime sakyti &#8211; \u0161vent\u0117s m\u016bs\u0173 mieste b\u016bt\u0173 ne tokios spalvingos. Tai jie kasmet art\u0117jant Kal\u0117doms vis \u012fmantriau i\u0161dabina savo parduotuvi\u0173 ir \u012fstaig\u0173 vitrinas, o tradicin\u0117 komisija jas apva\u017eiuoja ir i\u0161renka gra\u017eiausias.<\/strong><\/p>\n<p><strong>\u0160iemet irgi dar gerokai iki did\u017ei\u0173j\u0173 \u0161ven\u010di\u0173 praeivi\u0173 \u017evilgsnius prad\u0117jo traukti originalios kal\u0117din\u0117s kompozicijos vitrinose. Jau i\u0161rinkti ir patys originaliausieji.<\/strong><\/p>\n<p><strong>Labiausiai puo\u0161iasi smulkieji prekybininkai<\/strong><br \/><a type=\"image\" class=\"jcepopup\" target=\"_blank\" rel=\"caption[Ry\u0161kiomis spalvomis suspindo parduotuv\u0117s \u201eSanpaulija\u201c langai.] langai.];group[0] noopener noreferrer\" href=\"\/\/silutesnaujienos.lt\/images\/stories\/2013\/01\/04\/DSC_1123.jpg\" data-rel=\"lightbox-gallery-uJDwc7Wm\" data-rl_title=\"\" data-rl_caption=\"\"><img loading=\"lazy\" decoding=\"async\" style=\"margin: 5px; float: right;\" class=\"caption\" title=\"\" alt=\"DSC 1123\" src=\"\/\/silutesnaujienos.lt\/images\/stories\/2013\/01\/04\/thumbnails\/thumb_DSC_1123.jpg\" height=\"150\" width=\"200\" \/><\/a><br \/>Dvi nedidel\u0117s eglut\u0117s prie \u012f\u0117jimo, o languose &#8211; dar po vien\u0105 lang\u0105, ant kuri\u0173 nusileido angeliukai &#8211; taip savo vitrinas \u0161iemet papuo\u0161\u0117 Til\u017e\u0117s gatv\u0117je \u012fsik\u016brusios parduotuv\u0117s \u201eKietas stilius\u201c kolektyvas. Balti it sniegas karpiniai &#8211; kaip tik tai, kas labiausiai nuteikia Kal\u0117d\u0173 ramybei. Tad nenuostabu, jog prie \u0161ios parduotuv\u0117s vitrin\u0173 ilgiausiai stabtel\u0117jo komisijos nariai, jog kaip tik ji peln\u0117 daugiausia \u0161iluti\u0161ki\u0173 susi\u017eav\u0117jimo.<\/p>\n<p>Beje, \u0161ios jau daugiau nei de\u0161imtmet\u012f \u0160ilut\u0117je veikian\u010dios parduotuv\u0117s savinink\u0173 Svetlanos ir Olego Me\u0161\u010danski\u0173 originaliai puo\u0161iamos vitrinos i\u0161skiriamos nebe pirm\u0105 kart\u0105. Ir \u0161\u012f kart\u0105 prekybininkams \u012fteiktas seni\u016bnijos pad\u0117kos ra\u0161tas ir simbolin\u0117 dovan\u0117l\u0117.<\/p>\n<p>Ilgamet\u0117 komisijos nar\u0117, \u0160ilut\u0117s meno mokyklos dail\u0117s mokytoja \u017divil\u0117 Skirkevi\u010dien\u0117 pasteb\u0117jo, jog labiausiai puo\u0161iasi smulkieji \u0160ilut\u0117s prekybininkai, kuriems konkuruoti su did\u017eiaisiais prekybos centrais ir taip yra nelengva. Did\u017ei\u0173j\u0173 prekybos centr\u0173 \u0161eimininkai, anot \u017d.Skirkevi\u010dien\u0117s, tik u\u017ekabina kur ne kur tradicines \u017evilgan\u010dias girliandas ir masin\u0117s gamybos \u017eaisliukus, tuo visa j\u0173 i\u0161mon\u0117 ir baigiasi.<\/p>\n<p><strong><a type=\"image\" class=\"jcepopup\" target=\"_blank\" rel=\"caption[Parduotuv\u0117s \u201eMados linija\u201c savininkai originaliai panaudojo mezginiuotas skaras.];group[0] noopener noreferrer\" href=\"\/\/silutesnaujienos.lt\/images\/stories\/2013\/01\/04\/DSC_1106.jpg\" data-rel=\"lightbox-gallery-uJDwc7Wm\" data-rl_title=\"\" data-rl_caption=\"\"><img loading=\"lazy\" decoding=\"async\" style=\"margin: 5px; vertical-align: middle;\" class=\"caption\" title=\"\" alt=\"DSC 1106\" src=\"\/\/silutesnaujienos.lt\/images\/stories\/2013\/01\/04\/thumbnails\/thumb_DSC_1106.jpg\" height=\"150\" width=\"200\" \/><\/a><a class=\"jcepopup\" target=\"_blank\" rel=\"caption[Skoningiausiai papuo\u0161ta pripa\u017einta parduotuv\u0117s \u201eKietas stilius\u201c vitrina.] caption[\u201eRagan\u0117s\u201c languose karaliauja balta ir aukso spalvos.];group[0] noopener noreferrer\" href=\"\/\/silutesnaujienos.lt\/images\/stories\/2013\/01\/04\/DSC_1108.jpg\" data-rel=\"lightbox-gallery-uJDwc7Wm\" data-rl_title=\"\" data-rl_caption=\"\"><img loading=\"lazy\" decoding=\"async\" style=\"margin: 5px; vertical-align: middle;\" class=\"caption\" title=\"\" alt=\"DSC 1111\" src=\"\/\/silutesnaujienos.lt\/images\/stories\/2013\/01\/04\/thumbnails\/thumb_DSC_1111.jpg\" height=\"150\" width=\"200\" \/><img loading=\"lazy\" decoding=\"async\" style=\"margin: 5px; vertical-align: middle;\" class=\"caption\" title=\"\u201eRagan\u0117s\u201c languose karaliauja balta ir aukso spalvos.\" alt=\"DSC 1108\" src=\"\/\/silutesnaujienos.lt\/images\/stories\/2013\/01\/04\/thumbnails\/thumb_DSC_1108.jpg\" height=\"150\" width=\"200\" \/><\/a><\/p>\n<p>Didelis menas ir sunkus darbas<\/strong><\/p>\n<p>Papra\u0161yta i\u0161vardinti kelias labiausiai nustebinusias ir su\u017eav\u0117jusias vitrinas, \u017d.Skirkevi\u010dien\u0117 j\u0173 i\u0161skyr\u0117 daugiau. Originaliomis puo\u0161menomis \u0161iemet su\u017eibo netoli vienas kito esantys g\u0117li\u0173 salonai \u201eSanpaulija\u201c ir \u201eRagan\u0117\u201c, jau kelerius metus i\u0161 eil\u0117s eleganti\u0161kai ir skoningai puo\u0161iamos Egli\u0173 gatv\u0117je esan\u010dios drabu\u017ei\u0173 parduotuv\u0117s \u201eRoja\u201c vitrinos.<a type=\"image\" class=\"jcepopup\" target=\"_blank\" rel=\"caption[Kasmet eleganti\u0161kai savo vitrinas papuo\u0161ia parduotuv\u0117s \u201eRoja\u201c savininkai.] noopener noreferrer\" href=\"\/\/silutesnaujienos.lt\/images\/stories\/2013\/01\/04\/DSC_1126.jpg\" data-rel=\"lightbox-gallery-uJDwc7Wm\" data-rl_title=\"\" data-rl_caption=\"\"><img loading=\"lazy\" decoding=\"async\" style=\"margin: 5px; float: right;\" class=\"caption\" title=\"\" alt=\"DSC 1126\" src=\"\/\/silutesnaujienos.lt\/images\/stories\/2013\/01\/04\/thumbnails\/thumb_DSC_1126.jpg\" height=\"150\" width=\"200\" \/><\/a><\/p>\n<p>Originaliu ir su meile atliktu sprendimu meninink\u0117 pavadino Lietuvinink\u0173 g.&nbsp; esan\u010di\u0173 suaugusi\u0173j\u0173 ir vaiki\u0161k\u0173 drabu\u017ei\u0173 parduotuvi\u0173 \u201eMados linija\u201c ir \u201eVaikyst\u0117\u201c vitrinas. Vien\u0105 j\u0173 papuo\u0161\u0117 baltos mezgini\u0173 skaros, jaukiai apgaubusios \u0161viestuvus, kit\u0105 &#8211; b\u016brys ma\u017e\u0173 angeliuk\u0173.<\/p>\n<p>Vakaro \u0161viesoje ypa\u010d gra\u017eiai atrodo Til\u017e\u0117s g. esan\u010dios parduotuv\u0117s \u201eHusqvarna\u201c vitrina, beje, su meile puo\u0161iama ir komisijos ak\u012f traukianti irgi nebe pirmus metus.<\/p>\n<p>Visgi, pasak \u017d.Skirkevi\u010dien\u0117s, labiau nei ankstesniais metais papuo\u0161tu m\u016bs\u0173 miesto nepavadinsi. Dail\u0117s mokytoja d\u0117l to nesistebi, nes \u017eino, kad tai &#8211; ne tik nema\u017e\u0173 papildom\u0173 investicij\u0173 reikalas. Vitrin\u0173 puo\u0161yba, anot jos, didelis menas ir ypa\u010d sunkus darbas, nes bet kuris sumanymas vienaip atrodo dienos \u0161viesoje, o visai kitaip jis gali pasirodyti <a target=\"_blank\" rel=\"caption[Komisijos nuomone, originaliai padabintos ir parduotuv\u0117s \u201eHusqvarna\u201c vitrinos.];group[0] noopener noreferrer\" class=\"jcepopup\" href=\"\/\/silutesnaujienos.lt\/images\/stories\/2013\/01\/04\/DSC_1116.jpg\" data-rel=\"lightbox-gallery-uJDwc7Wm\" data-rl_title=\"\" data-rl_caption=\"\"><img loading=\"lazy\" decoding=\"async\" style=\"margin: 5px; float: left;\" class=\"caption\" title=\"\" alt=\"DSC 1116\" src=\"\/\/silutesnaujienos.lt\/images\/stories\/2013\/01\/04\/thumbnails\/thumb_DSC_1116.jpg\" height=\"134\" width=\"200\" \/><\/a>vakare, esant dirbtiniam ap\u0161vietimui. \u201eSud\u0117tingiausia ir yra pasirinkti tokius sprendimus, kurie gra\u017eiai atrodyt\u0173 ir dien\u0105, ir vakare\u201c, &#8211; sak\u0117 \u017d.Skirkevi\u010dien\u0117.<\/p>\n<p>Daug met\u0173 miest\u0105 prie\u0161 \u0161ventes ap\u017ei\u016brin\u010dios komisijos nariai \u017eino, i\u0161 kuri\u0173 prekybinink\u0173 ko gali tik\u0117tis. Anot j\u0173, kasmet originaliai puo\u0161iasi vis tos pa\u010dios parduotuv\u0117s. Bet nors po menkut\u012f kal\u0117din\u012f atribut\u0105 &#8211; eglut\u0119, kal\u0117din\u0119 puok\u0161t\u0119 ar karpinius ant lang\u0173 &#8211; buvo galima pasteb\u0117ti kiekvienoje parduotuv\u0117je.<\/p>\n<p>\u201eDuok Dieve, kad tik m\u016bs\u0173 \u017emon\u0117ms u\u017etekt\u0173 entuziazmo ir i\u0161tekli\u0173 ir toliau taip pasipuo\u0161ti prie\u0161 \u0161ventes ir sukurti \u0161ventin\u0119 nuotaik\u0105 mums visiems\u201c, &#8211; link\u0117jo komisijos nar\u0117.<\/p>\n","protected":false},"excerpt":{"rendered":"<p>Jei ne \u0160ilut\u0117s prekybinink\u0173 i\u0161mon\u0117 ir sumanumas, dr\u0105siai galime sakyti &#8211; \u0161vent\u0117s m\u016bs\u0173 mieste b\u016bt\u0173 ne tokios spalvingos. Tai jie kasmet art\u0117jant Kal\u0117doms vis \u012fmantriau i\u0161dabina savo parduotuvi\u0173 ir \u012fstaig\u0173 vitrinas, o tradicin\u0117 komisija jas apva\u017eiuoja ir i\u0161renka gra\u017eiausias. \u0160iemet irgi dar gerokai iki did\u017ei\u0173j\u0173 \u0161ven\u010di\u0173 praeivi\u0173 \u017evilgsnius prad\u0117jo traukti originalios kal\u0117din\u0117s kompozicijos vitrinose. Jau [&hellip;]<\/p>\n","protected":false},"author":1,"featured_media":0,"comment_status":"open","ping_status":"open","sticky":false,"template":"","format":"standard","meta":{"footnotes":""},"categories":[51],"tags":[],"class_list":{"0":"post-9889","1":"post","2":"type-post","3":"status-publish","4":"format-standard","6":"category-kultura-ir-svietimas"},"yoast_head":"<!-- This site is optimized with the Yoast SEO plugin v27.5 - https:\/\/yoast.com\/product\/yoast-seo-wordpress\/ -->\n<title>Kal\u0117din\u0117s kompozicijos languose - menas, darbas ir i\u0161laidos - \u0160ilut\u0117s naujienos<\/title>\n<meta name=\"robots\" content=\"index, follow, max-snippet:-1, max-image-preview:large, max-video-preview:-1\" \/>\n<link rel=\"canonical\" href=\"https:\/\/www.silutesnaujienos.lt\/lt\/kaledines-kompozicijos-languose-menas-darbas-ir-islaidos\/\" \/>\n<meta property=\"og:locale\" content=\"lt_LT\" \/>\n<meta property=\"og:type\" content=\"article\" \/>\n<meta property=\"og:title\" content=\"Kal\u0117din\u0117s kompozicijos languose - menas, darbas ir i\u0161laidos - \u0160ilut\u0117s naujienos\" \/>\n<meta property=\"og:description\" content=\"Jei ne \u0160ilut\u0117s prekybinink\u0173 i\u0161mon\u0117 ir sumanumas, dr\u0105siai galime sakyti &#8211; \u0161vent\u0117s m\u016bs\u0173 mieste b\u016bt\u0173 ne tokios spalvingos. Tai jie kasmet art\u0117jant Kal\u0117doms vis \u012fmantriau i\u0161dabina savo parduotuvi\u0173 ir \u012fstaig\u0173 vitrinas, o tradicin\u0117 komisija jas apva\u017eiuoja ir i\u0161renka gra\u017eiausias. \u0160iemet irgi dar gerokai iki did\u017ei\u0173j\u0173 \u0161ven\u010di\u0173 praeivi\u0173 \u017evilgsnius prad\u0117jo traukti originalios kal\u0117din\u0117s kompozicijos vitrinose. Jau [&hellip;]\" \/>\n<meta property=\"og:url\" content=\"https:\/\/www.silutesnaujienos.lt\/lt\/kaledines-kompozicijos-languose-menas-darbas-ir-islaidos\/\" \/>\n<meta property=\"og:site_name\" content=\"\u0160ilut\u0117s naujienos\" \/>\n<meta property=\"article:publisher\" content=\"https:\/\/www.facebook.com\/silutes.naujienos\/\" \/>\n<meta property=\"article:published_time\" content=\"2013-01-04T19:00:00+00:00\" \/>\n<meta property=\"og:image\" content=\"\/\/silutesnaujienos.lt\/images\/stories\/2013\/01\/04\/thumbnails\/thumb_DSC_1098.jpg\" \/>\n<meta name=\"author\" content=\"\u0160ilut\u0117s naujien\u0173 inf.\" \/>\n<meta name=\"twitter:card\" content=\"summary_large_image\" \/>\n<meta name=\"twitter:label1\" content=\"Written by\" \/>\n\t<meta name=\"twitter:data1\" content=\"\u0160ilut\u0117s naujien\u0173 inf.\" \/>\n\t<meta name=\"twitter:label2\" content=\"Est. reading time\" \/>\n\t<meta name=\"twitter:data2\" content=\"3 minut\u0117s\" \/>\n<script type=\"application\/ld+json\" class=\"yoast-schema-graph\">{\"@context\":\"https:\\\/\\\/schema.org\",\"@graph\":[{\"@type\":\"Article\",\"@id\":\"https:\\\/\\\/www.silutesnaujienos.lt\\\/lt\\\/kaledines-kompozicijos-languose-menas-darbas-ir-islaidos\\\/#article\",\"isPartOf\":{\"@id\":\"https:\\\/\\\/www.silutesnaujienos.lt\\\/lt\\\/kaledines-kompozicijos-languose-menas-darbas-ir-islaidos\\\/\"},\"author\":{\"name\":\"\u0160ilut\u0117s naujien\u0173 inf.\",\"@id\":\"https:\\\/\\\/www.silutesnaujienos.lt\\\/lt\\\/#\\\/schema\\\/person\\\/232f475ddd4a7b5f49b3abc788b17e83\"},\"headline\":\"Kal\u0117din\u0117s kompozicijos languose &#8211; menas, darbas ir i\u0161laidos\",\"datePublished\":\"2013-01-04T19:00:00+00:00\",\"mainEntityOfPage\":{\"@id\":\"https:\\\/\\\/www.silutesnaujienos.lt\\\/lt\\\/kaledines-kompozicijos-languose-menas-darbas-ir-islaidos\\\/\"},\"wordCount\":576,\"commentCount\":0,\"publisher\":{\"@id\":\"https:\\\/\\\/www.silutesnaujienos.lt\\\/lt\\\/#organization\"},\"articleSection\":[\"Kult\u016bra ir \u0161vietimas\"],\"inLanguage\":\"lt-LT\",\"potentialAction\":[{\"@type\":\"CommentAction\",\"name\":\"Comment\",\"target\":[\"https:\\\/\\\/www.silutesnaujienos.lt\\\/lt\\\/kaledines-kompozicijos-languose-menas-darbas-ir-islaidos\\\/#respond\"]}]},{\"@type\":\"WebPage\",\"@id\":\"https:\\\/\\\/www.silutesnaujienos.lt\\\/lt\\\/kaledines-kompozicijos-languose-menas-darbas-ir-islaidos\\\/\",\"url\":\"https:\\\/\\\/www.silutesnaujienos.lt\\\/lt\\\/kaledines-kompozicijos-languose-menas-darbas-ir-islaidos\\\/\",\"name\":\"Kal\u0117din\u0117s kompozicijos languose - menas, darbas ir i\u0161laidos - \u0160ilut\u0117s naujienos\",\"isPartOf\":{\"@id\":\"https:\\\/\\\/www.silutesnaujienos.lt\\\/lt\\\/#website\"},\"datePublished\":\"2013-01-04T19:00:00+00:00\",\"breadcrumb\":{\"@id\":\"https:\\\/\\\/www.silutesnaujienos.lt\\\/lt\\\/kaledines-kompozicijos-languose-menas-darbas-ir-islaidos\\\/#breadcrumb\"},\"inLanguage\":\"lt-LT\",\"potentialAction\":[{\"@type\":\"ReadAction\",\"target\":[\"https:\\\/\\\/www.silutesnaujienos.lt\\\/lt\\\/kaledines-kompozicijos-languose-menas-darbas-ir-islaidos\\\/\"]}]},{\"@type\":\"BreadcrumbList\",\"@id\":\"https:\\\/\\\/www.silutesnaujienos.lt\\\/lt\\\/kaledines-kompozicijos-languose-menas-darbas-ir-islaidos\\\/#breadcrumb\",\"itemListElement\":[{\"@type\":\"ListItem\",\"position\":1,\"name\":\"Home\",\"item\":\"https:\\\/\\\/www.silutesnaujienos.lt\\\/lt\\\/\"},{\"@type\":\"ListItem\",\"position\":2,\"name\":\"Kal\u0117din\u0117s kompozicijos languose &#8211; menas, darbas ir i\u0161laidos\"}]},{\"@type\":\"WebSite\",\"@id\":\"https:\\\/\\\/www.silutesnaujienos.lt\\\/lt\\\/#website\",\"url\":\"https:\\\/\\\/www.silutesnaujienos.lt\\\/lt\\\/\",\"name\":\"\u0160ilut\u0117s naujienos\",\"description\":\"B\u016bk ant naujien\u0173 bangos!\",\"publisher\":{\"@id\":\"https:\\\/\\\/www.silutesnaujienos.lt\\\/lt\\\/#organization\"},\"potentialAction\":[{\"@type\":\"SearchAction\",\"target\":{\"@type\":\"EntryPoint\",\"urlTemplate\":\"https:\\\/\\\/www.silutesnaujienos.lt\\\/lt\\\/?s={search_term_string}\"},\"query-input\":{\"@type\":\"PropertyValueSpecification\",\"valueRequired\":true,\"valueName\":\"search_term_string\"}}],\"inLanguage\":\"lt-LT\"},{\"@type\":\"Organization\",\"@id\":\"https:\\\/\\\/www.silutesnaujienos.lt\\\/lt\\\/#organization\",\"name\":\"\u0160ilut\u0117s naujienos\",\"url\":\"https:\\\/\\\/www.silutesnaujienos.lt\\\/lt\\\/\",\"logo\":{\"@type\":\"ImageObject\",\"inLanguage\":\"lt-LT\",\"@id\":\"https:\\\/\\\/www.silutesnaujienos.lt\\\/lt\\\/#\\\/schema\\\/logo\\\/image\\\/\",\"url\":\"https:\\\/\\\/www.silutesnaujienos.lt\\\/lt\\\/wp-content\\\/uploads\\\/2020\\\/06\\\/FB_MAIN.jpg\",\"contentUrl\":\"https:\\\/\\\/www.silutesnaujienos.lt\\\/lt\\\/wp-content\\\/uploads\\\/2020\\\/06\\\/FB_MAIN.jpg\",\"width\":1700,\"height\":956,\"caption\":\"\u0160ilut\u0117s naujienos\"},\"image\":{\"@id\":\"https:\\\/\\\/www.silutesnaujienos.lt\\\/lt\\\/#\\\/schema\\\/logo\\\/image\\\/\"},\"sameAs\":[\"https:\\\/\\\/www.facebook.com\\\/silutes.naujienos\\\/\",\"https:\\\/\\\/www.youtube.com\\\/channel\\\/UCxW-cgrJDt8GxIMxSTAfJZg\"]},{\"@type\":\"Person\",\"@id\":\"https:\\\/\\\/www.silutesnaujienos.lt\\\/lt\\\/#\\\/schema\\\/person\\\/232f475ddd4a7b5f49b3abc788b17e83\",\"name\":\"\u0160ilut\u0117s naujien\u0173 inf.\",\"image\":{\"@type\":\"ImageObject\",\"inLanguage\":\"lt-LT\",\"@id\":\"https:\\\/\\\/www.silutesnaujienos.lt\\\/lt\\\/wp-content\\\/uploads\\\/2020\\\/06\\\/favicon.png\",\"url\":\"https:\\\/\\\/www.silutesnaujienos.lt\\\/lt\\\/wp-content\\\/uploads\\\/2020\\\/06\\\/favicon.png\",\"contentUrl\":\"https:\\\/\\\/www.silutesnaujienos.lt\\\/lt\\\/wp-content\\\/uploads\\\/2020\\\/06\\\/favicon.png\",\"caption\":\"\u0160ilut\u0117s naujien\u0173 inf.\"},\"sameAs\":[\"https:\\\/\\\/www.silutesnaujienos.lt\\\/lt\"],\"url\":\"https:\\\/\\\/www.silutesnaujienos.lt\\\/lt\\\/author\\\/ruta\\\/\"}]}<\/script>\n<!-- \/ Yoast SEO plugin. -->","yoast_head_json":{"title":"Kal\u0117din\u0117s kompozicijos languose - menas, darbas ir i\u0161laidos - \u0160ilut\u0117s naujienos","robots":{"index":"index","follow":"follow","max-snippet":"max-snippet:-1","max-image-preview":"max-image-preview:large","max-video-preview":"max-video-preview:-1"},"canonical":"https:\/\/www.silutesnaujienos.lt\/lt\/kaledines-kompozicijos-languose-menas-darbas-ir-islaidos\/","og_locale":"lt_LT","og_type":"article","og_title":"Kal\u0117din\u0117s kompozicijos languose - menas, darbas ir i\u0161laidos - \u0160ilut\u0117s naujienos","og_description":"Jei ne \u0160ilut\u0117s prekybinink\u0173 i\u0161mon\u0117 ir sumanumas, dr\u0105siai galime sakyti &#8211; \u0161vent\u0117s m\u016bs\u0173 mieste b\u016bt\u0173 ne tokios spalvingos. Tai jie kasmet art\u0117jant Kal\u0117doms vis \u012fmantriau i\u0161dabina savo parduotuvi\u0173 ir \u012fstaig\u0173 vitrinas, o tradicin\u0117 komisija jas apva\u017eiuoja ir i\u0161renka gra\u017eiausias. \u0160iemet irgi dar gerokai iki did\u017ei\u0173j\u0173 \u0161ven\u010di\u0173 praeivi\u0173 \u017evilgsnius prad\u0117jo traukti originalios kal\u0117din\u0117s kompozicijos vitrinose. Jau [&hellip;]","og_url":"https:\/\/www.silutesnaujienos.lt\/lt\/kaledines-kompozicijos-languose-menas-darbas-ir-islaidos\/","og_site_name":"\u0160ilut\u0117s naujienos","article_publisher":"https:\/\/www.facebook.com\/silutes.naujienos\/","article_published_time":"2013-01-04T19:00:00+00:00","og_image":[{"url":"\/\/silutesnaujienos.lt\/images\/stories\/2013\/01\/04\/thumbnails\/thumb_DSC_1098.jpg","type":"","width":"","height":""}],"author":"\u0160ilut\u0117s naujien\u0173 inf.","twitter_card":"summary_large_image","twitter_misc":{"Written by":"\u0160ilut\u0117s naujien\u0173 inf.","Est. reading time":"3 minut\u0117s"},"schema":{"@context":"https:\/\/schema.org","@graph":[{"@type":"Article","@id":"https:\/\/www.silutesnaujienos.lt\/lt\/kaledines-kompozicijos-languose-menas-darbas-ir-islaidos\/#article","isPartOf":{"@id":"https:\/\/www.silutesnaujienos.lt\/lt\/kaledines-kompozicijos-languose-menas-darbas-ir-islaidos\/"},"author":{"name":"\u0160ilut\u0117s naujien\u0173 inf.","@id":"https:\/\/www.silutesnaujienos.lt\/lt\/#\/schema\/person\/232f475ddd4a7b5f49b3abc788b17e83"},"headline":"Kal\u0117din\u0117s kompozicijos languose &#8211; menas, darbas ir i\u0161laidos","datePublished":"2013-01-04T19:00:00+00:00","mainEntityOfPage":{"@id":"https:\/\/www.silutesnaujienos.lt\/lt\/kaledines-kompozicijos-languose-menas-darbas-ir-islaidos\/"},"wordCount":576,"commentCount":0,"publisher":{"@id":"https:\/\/www.silutesnaujienos.lt\/lt\/#organization"},"articleSection":["Kult\u016bra ir \u0161vietimas"],"inLanguage":"lt-LT","potentialAction":[{"@type":"CommentAction","name":"Comment","target":["https:\/\/www.silutesnaujienos.lt\/lt\/kaledines-kompozicijos-languose-menas-darbas-ir-islaidos\/#respond"]}]},{"@type":"WebPage","@id":"https:\/\/www.silutesnaujienos.lt\/lt\/kaledines-kompozicijos-languose-menas-darbas-ir-islaidos\/","url":"https:\/\/www.silutesnaujienos.lt\/lt\/kaledines-kompozicijos-languose-menas-darbas-ir-islaidos\/","name":"Kal\u0117din\u0117s kompozicijos languose - menas, darbas ir i\u0161laidos - \u0160ilut\u0117s naujienos","isPartOf":{"@id":"https:\/\/www.silutesnaujienos.lt\/lt\/#website"},"datePublished":"2013-01-04T19:00:00+00:00","breadcrumb":{"@id":"https:\/\/www.silutesnaujienos.lt\/lt\/kaledines-kompozicijos-languose-menas-darbas-ir-islaidos\/#breadcrumb"},"inLanguage":"lt-LT","potentialAction":[{"@type":"ReadAction","target":["https:\/\/www.silutesnaujienos.lt\/lt\/kaledines-kompozicijos-languose-menas-darbas-ir-islaidos\/"]}]},{"@type":"BreadcrumbList","@id":"https:\/\/www.silutesnaujienos.lt\/lt\/kaledines-kompozicijos-languose-menas-darbas-ir-islaidos\/#breadcrumb","itemListElement":[{"@type":"ListItem","position":1,"name":"Home","item":"https:\/\/www.silutesnaujienos.lt\/lt\/"},{"@type":"ListItem","position":2,"name":"Kal\u0117din\u0117s kompozicijos languose &#8211; menas, darbas ir i\u0161laidos"}]},{"@type":"WebSite","@id":"https:\/\/www.silutesnaujienos.lt\/lt\/#website","url":"https:\/\/www.silutesnaujienos.lt\/lt\/","name":"\u0160ilut\u0117s naujienos","description":"B\u016bk ant naujien\u0173 bangos!","publisher":{"@id":"https:\/\/www.silutesnaujienos.lt\/lt\/#organization"},"potentialAction":[{"@type":"SearchAction","target":{"@type":"EntryPoint","urlTemplate":"https:\/\/www.silutesnaujienos.lt\/lt\/?s={search_term_string}"},"query-input":{"@type":"PropertyValueSpecification","valueRequired":true,"valueName":"search_term_string"}}],"inLanguage":"lt-LT"},{"@type":"Organization","@id":"https:\/\/www.silutesnaujienos.lt\/lt\/#organization","name":"\u0160ilut\u0117s naujienos","url":"https:\/\/www.silutesnaujienos.lt\/lt\/","logo":{"@type":"ImageObject","inLanguage":"lt-LT","@id":"https:\/\/www.silutesnaujienos.lt\/lt\/#\/schema\/logo\/image\/","url":"https:\/\/www.silutesnaujienos.lt\/lt\/wp-content\/uploads\/2020\/06\/FB_MAIN.jpg","contentUrl":"https:\/\/www.silutesnaujienos.lt\/lt\/wp-content\/uploads\/2020\/06\/FB_MAIN.jpg","width":1700,"height":956,"caption":"\u0160ilut\u0117s naujienos"},"image":{"@id":"https:\/\/www.silutesnaujienos.lt\/lt\/#\/schema\/logo\/image\/"},"sameAs":["https:\/\/www.facebook.com\/silutes.naujienos\/","https:\/\/www.youtube.com\/channel\/UCxW-cgrJDt8GxIMxSTAfJZg"]},{"@type":"Person","@id":"https:\/\/www.silutesnaujienos.lt\/lt\/#\/schema\/person\/232f475ddd4a7b5f49b3abc788b17e83","name":"\u0160ilut\u0117s naujien\u0173 inf.","image":{"@type":"ImageObject","inLanguage":"lt-LT","@id":"https:\/\/www.silutesnaujienos.lt\/lt\/wp-content\/uploads\/2020\/06\/favicon.png","url":"https:\/\/www.silutesnaujienos.lt\/lt\/wp-content\/uploads\/2020\/06\/favicon.png","contentUrl":"https:\/\/www.silutesnaujienos.lt\/lt\/wp-content\/uploads\/2020\/06\/favicon.png","caption":"\u0160ilut\u0117s naujien\u0173 inf."},"sameAs":["https:\/\/www.silutesnaujienos.lt\/lt"],"url":"https:\/\/www.silutesnaujienos.lt\/lt\/author\/ruta\/"}]}},"publishpress_future_workflow_manual_trigger":{"enabledWorkflows":[]},"amp_enabled":true,"_links":{"self":[{"href":"https:\/\/www.silutesnaujienos.lt\/lt\/wp-json\/wp\/v2\/posts\/9889","targetHints":{"allow":["GET"]}}],"collection":[{"href":"https:\/\/www.silutesnaujienos.lt\/lt\/wp-json\/wp\/v2\/posts"}],"about":[{"href":"https:\/\/www.silutesnaujienos.lt\/lt\/wp-json\/wp\/v2\/types\/post"}],"author":[{"embeddable":true,"href":"https:\/\/www.silutesnaujienos.lt\/lt\/wp-json\/wp\/v2\/users\/1"}],"replies":[{"embeddable":true,"href":"https:\/\/www.silutesnaujienos.lt\/lt\/wp-json\/wp\/v2\/comments?post=9889"}],"version-history":[{"count":0,"href":"https:\/\/www.silutesnaujienos.lt\/lt\/wp-json\/wp\/v2\/posts\/9889\/revisions"}],"wp:attachment":[{"href":"https:\/\/www.silutesnaujienos.lt\/lt\/wp-json\/wp\/v2\/media?parent=9889"}],"wp:term":[{"taxonomy":"category","embeddable":true,"href":"https:\/\/www.silutesnaujienos.lt\/lt\/wp-json\/wp\/v2\/categories?post=9889"},{"taxonomy":"post_tag","embeddable":true,"href":"https:\/\/www.silutesnaujienos.lt\/lt\/wp-json\/wp\/v2\/tags?post=9889"}],"curies":[{"name":"wp","href":"https:\/\/api.w.org\/{rel}","templated":true}]}}