{"id":9890,"date":"2013-01-12T16:00:00","date_gmt":"2013-01-12T18:00:00","guid":{"rendered":"https:\/\/www.silutesnaujienos.lt\/lt\/reiksmingiausiu-silutes-rajono-kulturos-renginiu-kaleidoskopas-atverkime-dvasios-turtu-skrynia-2012\/"},"modified":"2013-01-12T16:00:00","modified_gmt":"2013-01-12T18:00:00","slug":"reiksmingiausiu-silutes-rajono-kulturos-renginiu-kaleidoskopas-atverkime-dvasios-turtu-skrynia-2012","status":"publish","type":"post","link":"https:\/\/www.silutesnaujienos.lt\/lt\/reiksmingiausiu-silutes-rajono-kulturos-renginiu-kaleidoskopas-atverkime-dvasios-turtu-skrynia-2012\/","title":{"rendered":"Reik\u0161mingiausi\u0173 \u0160ilut\u0117s rajono kult\u016bros rengini\u0173  kaleidoskopas \u201eAtverkime dvasios turt\u0173 skryni\u0105 2012\u201c"},"content":{"rendered":"<p><a target=\"_blank\" class=\"jcepopup\" href=\"\/\/silutesnaujienos.lt\/images\/stories\/2013\/01\/11\/Untitled-1_copy.JPG\" rel=\"noopener noreferrer\" data-rel=\"lightbox-gallery-kakzs31a\" data-rl_title=\"\" data-rl_caption=\"\" title=\"\"><img loading=\"lazy\" decoding=\"async\" style=\"margin: 5px; float: left;\" alt=\"Untitled-1 copy\" src=\"\/\/silutesnaujienos.lt\/images\/stories\/2013\/01\/11\/thumbnails\/thumb_Untitled-1_copy.JPG\" height=\"230\" width=\"307\" \/><\/a><strong>Palyd\u0117jome 2012-uosius metus, ir v\u0117l \u012fvykiai veja \u012fvykius, sukasi ne tik kasdieni\u0173 darb\u0173 ratas, bet ir k\u016brybos, pramog\u0173, nesenstan\u010di\u0173 tradicij\u0173 karusel\u0117. Laikas ap\u017evelgti \u012fsimintiniausius \u0160ilut\u0117s rajono kult\u016bros \u012fvykius ir renginius, pasid\u017eiaugti j\u0173 k\u016br\u0117jais, nauj\u0173 id\u0117j\u0173 autoriais, daugyb\u0117s \u017emoni\u0173 bendryste, kuri ir v\u0117l pad\u0117jo garsinti m\u016bs\u0173 kra\u0161t\u0105 \u012fdomiu ir prasmingu kult\u016briniu gyvenimu.<\/strong><\/p>\n<p><strong>\u201e\u0160ilut\u0117s naujienos\u201c ir \u0160ilut\u0117s rajono savivaldyb\u0117 jau devint\u0105j\u012f kart\u0105 rengia ry\u0161kiausi\u0173 rajono kult\u016bros rengini\u0173 organizatori\u0173 pagerbimo ceremonij\u0105. Ji vyks sausio 25-\u0105j\u0105 11 val. \u0160ilut\u0117s kult\u016bros ir pramog\u0173 centre.<\/strong><\/p>\n<p>\u0160iemet Jums pristatome 5 nominacijas, kurioms si\u016blome 30 \u012fsp\u016bdingiausi\u0173 \u012fvyki\u0173, projekt\u0173, sumanym\u0173.<\/p>\n<p>\u0160auniausius \u0161iemet renkame i\u0161 ma\u017edaug 200 pretendent\u0173 (j\u0173 s\u0105ra\u0161\u0105 galite rasti ir \u201e\u0160ilut\u0117s naujien\u0173\u201c interneto svetain\u0117je silutesnaujienos.lt bei Savivaldyb\u0117s interneto svetain\u0117je silute.lt).<\/p>\n<p>Si\u016blome kartu pasid\u017eiaugti m\u016bs\u0173 dvasinio turto k\u016br\u0117jais, j\u0173 talentu ir id\u0117jomis, prisiminti \u012fsp\u016bdingiausius j\u0173 darbus.<\/p>\n<p><span style=\"font-size: 10pt;\"><strong>\u012esp\u016bdingiausias bendruomen\u0117s renginys<\/strong><\/span><\/p>\n<p>* Rusn\u0117s bendruomen\u0117s Vasario 16-osios \u0161vent\u0117 ant u\u017e\u0161alusi\u0173 piev\u0173.<\/p>\n<p>* \u0160v\u0117k\u0161ni\u0161ki\u0173 draugijos \u201eT\u0117vi\u0161k\u0117\u201c renginiai, visus metus d\u017eiugin\u0119 muzikos, dail\u0117s, istorijos gerb\u0117jus.<\/p>\n<p>* F.Bajorai\u010dio vie\u0161osios bibliotekos rengini\u0173 programa \u201eMes turtingi patirtim, dovanota jauniems&#8230;\u201c, skirta Europos dienai ir vyresni\u0173 \u017emoni\u0173 aktyvumo bei kart\u0173 solidarumo metams.<\/p>\n<p>* Degu\u010di\u0173 bendruomen\u0117s renginys Degu\u010di\u0173 ba\u017eny\u010dioje, skirtas Europos paveldo dienai.<\/p>\n<p>* Akcija \u201eMes u\u017e \u0161vies\u0105\u201c \u0160v\u0117k\u0161noje: moli\u016bg\u0173 &#8211; \u017eibint\u0173 u\u017edegimo vakaras.<\/p>\n<p><span style=\"font-size: 10pt;\"><strong>Met\u0173 naujiena<\/strong><\/span><\/p>\n<p>* B\u016bgn\u0173 fiesta Muzikos dien\u0105. Organizatorius &#8211; Mykolas Eiva.<\/p>\n<p>* Originali\u0173 pa\u0161to d\u0117\u017eu\u010di\u0173 k\u016brimas Kintuose. Iniciatorius &#8211; dail\u0117s mokytojas Romas Tarvydas.<\/p>\n<p>* \u0160eimos skveras \u0160ilut\u0117je. Iniciatorius &#8211; \u0160ilut\u0117s gra\u017einimo draugija.<\/p>\n<p>* Lietuvinink\u0173 eglu\u010di\u0173 al\u0117ja. Iniciatorius &#8211; \u0160ilut\u0117s muziejus.<\/p>\n<p>* Viking\u0173 pilis Grabupiuose. K\u016br\u0117jas &#8211; grabupi\u0161kis Vytautas Rupainis.<\/p>\n<p><span style=\"font-size: 10pt;\"><strong>Met\u0173 iniciatyva<\/strong><\/span><\/p>\n<p>* V.Sto\u0161kus ir V.Lacko, sureng\u0119 muzikos improvizacij\u0173 vakar\u0105 \u201eJAM session\u201c, kantri muzikos festival\u012f Rusn\u0117je, Muzikos dien\u0105, \u201ePamario talent\u0173\u201c konkurs\u0105 ir kitus muzikinius renginius.<\/p>\n<p>* \u0160ilut\u0117s meno mokyklos Dail\u0117s skyriaus mokini\u0173 sukurtas meninis \u0160ilut\u0117s akcentas &#8211; gandrai.<\/p>\n<p>* \u201eFotomed\u017eiokl\u0117 Juknai\u010diuose, Kintuose ir Vilky\u010diuose\u201c &#8211; bibliotekinink\u0173 inicijuotas projektas.<\/p>\n<p>* Juode\u0161k\u0173 \u0161eima, Kintuose surengusi profesionalios muzikos savait\u0119 ir kitus kult\u016brinius renginius.<\/p>\n<p><span style=\"font-size: 10pt;\"><strong>Met\u0173 edukacin\u0117 programa<\/strong><\/span><\/p>\n<p>* \u0160ilut\u0117s kult\u016bros ir pramog\u0173 centro programa \u201eI\u0161 kartos \u012f kart\u0105\u201c, visus metus prista\u010diusi Velyk\u0173, Jonini\u0173, rudens lygiadienio ir Kal\u0117d\u0173 tradicijas.<\/p>\n<p>* \u0160ilut\u0117s muziejaus edukacin\u0117 programa \u201eSenosios muitin\u0117s Klaip\u0117dos kra\u0161to pasienyje\u201c.<\/p>\n<p>* Amat\u0173 stovykla Vainute.<\/p>\n<p>* Kint\u0173 Vyd\u016bno kult\u016bros centro edukacin\u0117 programa \u201eKur\u0161mari\u0173 v\u0117trung\u0117 &#8211; v\u0117lukas\u201c.<\/p>\n<p>* Muzikos, dail\u0117s, fotografijos stovykla \u201eRusn\u0117 2012\u201c. <\/p>\n<p><span style=\"font-size: 10pt;\"><strong>Met\u0173 atminties gija<\/strong><\/span><\/p>\n<p>* \u0160y\u0161os kaimo bendruomen\u0117, sutvarkiusi kaimo kapinaites, senojo Rusn\u0117s tilto liekanas, surengusi A.D\u0117vilai\u010dio min\u0117jim\u0105.<\/p>\n<p>* Gydytojos Reginos Kulpien\u0117s &#8211; Jaunien\u0117s inicijuoti poeto J.Marcinkevi\u010diaus atminimo renginiai: poezijos skaitymai mokyklose, jo atminimo vakaras \u0160ilut\u0117s kult\u016bros ir pramog\u0173 centre.<\/p>\n<p>* Kry\u017edirbys Petras S\u016bd\u017eius, Gardamo seni\u016bnijos Bartinink\u0173 kaime pastat\u0119s 5-\u0105j\u012f kry\u017ei\u0173 maro auk\u0173 kapinait\u0117se.<\/p>\n<p>* E.\u0160uldekovas, tvarkantis sen\u0105sias \u017dagatpurvi\u0173 kaimo kapinaites.<\/p>\n<p>* Sen\u0173j\u0173 \u0160ilut\u0117s kapini\u0173 koply\u010dios remontas u\u017e Bever\u0161teto (Vokietija) gyventoj\u0173 paaukotas l\u0117\u0161as. Iniciatorius &#8211; \u0160ilut\u0117s gra\u017einimo draugija, remontavo &#8211; \u0160ilut\u0117s turizmo ir paslaug\u0173 verslo mokykla.<\/p>\n<p><strong>Sausis<\/strong><\/p>\n<p>* Sausio 13-osios min\u0117jimai.<br \/>* Klaip\u0117dos kra\u0161to prijungimo prie Did\u017eiosios Lietuvos min\u0117jimas.<br \/>* Parodos \u201eEksponatai &#8211; laikme\u010dio liudininkai\u201c pristatymas \u0160ilut\u0117s muziejuje.<br \/>* Marijaus Budrai\u010dio scenin\u0117s veiklos 20-me\u010dio koncertas.<br \/>* 8-oji kult\u016bros darbuotoj\u0173 pagerbimo ceremonija \u201eAtverkime dvasios turt\u0173 skryni\u0105\u201c.<br \/>* Improvizacij\u0173 vakar\u0117lis \u201eJam session\u201c baikeri\u0173 klube \u201eHellions\u201c, kur\u012f organizavo V.Sto\u0161kus ir V.Lacko.<br \/>* \u0160ilut\u0117s ir Bausk\u0117s (Latvija) muziejai pasira\u0161\u0117 bendradarbiavimo sutart\u012f.<br \/>* Respublikinio konkurso \u201eDain\u0173 dainel\u0117\u201c atrankoje \u012f regionin\u012f tur\u0105 atrinkti 5 vokalistai ir ansambliai.<\/p>\n<p><strong>Vasaris<\/strong><\/p>\n<p>* \u017demai\u010di\u0173 kra\u0161to muziejaus 50-me\u010dio ir jo \u012fk\u016br\u0117jo Benedikto Orento 90-me\u010dio min\u0117jimas \u201eSiela niekada nenutyla\u201c \u017demai\u010di\u0173 Naumies\u010dio bibliotekoje.<br \/>* Re\u017eisier\u0117s Virginijos Gajauskien\u0117s k\u016brybin\u0117s veiklos ir 80-me\u010dio min\u0117jimas Rusn\u0117s salos etnokult\u016bros ir informacijos centre.<br \/>* Martyno Purvino knygos \u201eMa\u017eosios Lietuvos etnografiniai kaimai\u201c sutiktuv\u0117s vie\u0161ojoje bibliotekoje.<br \/>* Adel\u0117s Judeikien\u0117s knygos \u201eTaip \u0161neka lietuvininkai Saugose\u201c sutiktuv\u0117s Saug\u0173 pagrindin\u0117je mokykloje.<br \/>* 3-oji Duonos pagerbimo \u0161vent\u0117 \u0160v\u0117k\u0161noje, organizatorius &#8211; \u0160v\u0117k\u0161nos ne\u012fgali\u0173j\u0173 draugija.<br \/>* U\u017egav\u0117n\u0117s.<br \/>* Nepriklausomyb\u0117s dienos min\u0117jimai (rusni\u0161kiai &#8211; ant u\u017e\u0161alusi\u0173 piev\u0173, klubas \u201eAt\u0117nai\u201c &#8211; liaudi\u0161kas \u0161oki\u0173 vakar\u0117lis, \u0160v\u0117k\u0161noje &#8211; meninink\u0173 Jak\u0161evi\u010di\u0173 k\u016brybos pagerbimas, Pad\u0117kos premija &#8211; V.Astrauskienei).<br \/>* Paroda \u201eLietuvinink\u0117s krai\u010dio skrynia\u201c \u0160ilut\u0117s muziejuje.<\/p>\n<p><strong>Kovas<\/strong><\/p>\n<p>* \u201eSidabrin\u0117s nendr\u0117s\u201c \u012fteikimo ceremonija mokytojui, poetui, re\u017eisieriui Mintarui Smelevi\u010diui.<br \/>* Kolekcininko Henriko Bundorfo paroda \u201eKvap\u0173 ir muzikos pasaulis\u201c \u0160ilut\u0117s muziejuje.<br \/>* Kovo 11-osios min\u0117jimai.<br \/>* Justino Marcinkevi\u010diaus k\u016brybos vakarai bibliotekoje, Kult\u016bros ir pramog\u0173 centre.<br \/>* F.Bajorai\u010dio vie\u0161oji biblioteka pateko \u012f geriausiai dirban\u010di\u0173 Lietuvos bibliotek\u0173 20-uk\u0105.<br \/>* Kazimierini\u0173 renginiai \u017demai\u010di\u0173 Naumiestyje, Macikuose ir kt.<br \/>* \u0160oki\u0173 kolektyvas \u201e\u017dvaig\u017ed\u016bn\u0117\u201c dalyvavo garsiajame Nicos karnavale (Pranc\u016bzija).<br \/>* Kult\u016bros ir pramog\u0173 centras \u012fgyvendina tradicini\u0173 amat\u0173 edukacin\u0119 program\u0105 \u201eI\u0161 kartos \u012f kart\u0105\u201c: Velykos, Jonin\u0117s, \u017dolin\u0117, rudens lygiadienis, Kal\u0117dos.<br \/>* \u0160ilut\u0117s meno mokyklos liaudies instrument\u0173 orkestras tapo respublikini\u0173 K.Bili\u016bno tautini\u0173 muzikos instrument\u0173 ansambli\u0173 ir orkestr\u0173 konkurso laureatu.<br \/>* Filmo \u201eV\u0117liju jum ger\u0105 giliuk\u012f, didel\u012f stuk\u012f\u201c lietuvinink\u0173 tarme pristatymas (re\u017eisier\u0117 Dalia Babaliauskien\u0117, pasakotojos Vaida Galinskien\u0117 ir Indr\u0117 Skablauskait\u0117).<br \/>* \u0160v\u0117k\u0161nos kra\u0161totyrininkas Petras \u010celiauskas i\u0161leido enciklopedin\u012f \u017einyn\u0105 \u201e\u0160v\u0117k\u0161na: \u017emon\u0117s, kra\u0161tas, \u012fvykiai\u201c. Leidim\u0105 finansavo \u0161v\u0117k\u0161ni\u0161ki\u0173 draugija \u201eT\u0117vi\u0161k\u0117\u201c.<br \/>* \u0160ilut\u0117s teatras sureng\u0117 Moters dienos ir Teatro dienos teatralizuotus min\u0117jimo vakarus.<br \/>* Velyk\u0173 papro\u010diams skirta edukacin\u0117 popiet\u0117 \u0160ilut\u0117s muziejuje.<br \/>* Teatralizuotas knyg\u0173 persona\u017e\u0173 paradas Juknai\u010diuose (org. &#8211; Juknai\u010di\u0173 biblioteka).<br \/>* \u201eAu\u0161ros\u201c redaktoriaus Jurgio Mik\u0161o 150-\u0173j\u0173 metini\u0173 min\u0117jimo konferencija Saug\u0173 J.Mik\u0161o pagr. mokykloje.<br \/>* Ra\u0161ytojos ir dailinink\u0117s Aldonos Gustas 80-me\u010dio min\u0117jimas Us\u0117n\u0173 bibliotekoje.<br \/>* \u201e\u0160aktarpio\u201c \u0161vent\u0117 Rusn\u0117je.<\/p>\n<p><strong>Balandis<\/strong><\/p>\n<p>* 166-asis Hugo \u0160ojaus gimtadienio min\u0117jimas.<br \/>* Respublikiniame J.Pakalnio jaun\u0173j\u0173 atlik\u0117j\u0173 pu\u010diamaisiais ir mu\u0161amaisiais instrumentais konkurse laureatais tapo Kasparas Nognius, Nedas Andrijauskis ir Justina Pleikyt\u0117.<br \/>* \u0160ilut\u0117s kamerinio dramos teatro jaunimo studijos spektakliui \u201eSankirta su pagrindiniu keliu, arba Pasaka apie auksin\u0119 \u017euvel\u0119\u201c Lietuvos liaudies kult\u016bros centras skyr\u0117 auk\u0161\u010diausi\u0105 apdovanojim\u0105 \u201eU\u017e ry\u0161kiausi\u0105 vizualin\u012f spektaklio sprendim\u0105\u201c.<br \/>* \u017durnalisto Mindaugo Milinio knygos \u201eAfganistano kariai. Antra knyga\u201c pristatymas Vie\u0161ojoje bibliotekoje.<br \/>* 6-asis dain\u0173 konkursas \u201eLai \u0161irdis dainuoja\u201c Vainuto vidurin\u0117je mokykloje.<br \/>* \u0160ilut\u0117s meno mokyklos koncertas &#8211; paroda \u201eSpalvos, garsai ir muzika\u201c \u0160ilut\u0117s kult\u016bros ir pramog\u0173 centre.<br \/>* Nacionalin\u0117s bibliotek\u0173 savait\u0117s renginiai \u0160ilut\u0117s rajone. Met\u0173 bibliotekininke i\u0161rinkta Sandra Jablonskien\u0117.<br \/>* Jurgini\u0173 tradicijos Saug\u0173 pagrindin\u0117je mokykloje.<br \/>* Kantri \u0161oki\u0173 kolektyvai \u201eSal\u016bnas\u201c ir \u201eDakota\u201c festivaliuose \u201eAnt stogo\u201c ir \u201eVilniaus taur\u0117\u201c peln\u0117 laurus.<br \/>* Repo grup\u0117 \u201e\u0160ilut\u0117s City\u201c sukviet\u0117 atlik\u0117jus \u012f koncert\u0105 \u201eMuzikos ritmu\u201c.<br \/>* \u0160ilut\u0117s meno mokyklos fanfarinis orkestras \u201ePamarys\u201c i\u0161kovojo I viet\u0105 ir diplom\u0105 u\u017e geriausi\u0105 privalomo k\u016brinio interpretacij\u0105 Lietuvos pu\u010diam\u0173j\u0173 instrument\u0173 \u010dempionate.<\/p>\n<p><strong>Gegu\u017e\u0117<\/strong><\/p>\n<p>* Europos dienos renginys \u201eMes turtingi patirtim, dovanota jauniems\u201c Vie\u0161ojoje bibliotekoje.<br \/>* Rusni\u0161k\u0117s Birut\u0117s Gaigalien\u0117s poezijos knygos \u201eSkambanti tyla\u201c pristatymas Vie\u0161ojoje bibliotekoje.<br \/>* \u201e\u017dvaig\u017ed\u016bn\u0117s\u201c 19-ojo gimtadienio \u0161ou \u0160ilut\u0117s kult\u016bros ir pramog\u0173 centre.<br \/>* \u201eBurbuliatoriaus\u201c 2-ojo sezono atidarymas.<br \/>* Respublikiniame konkurse \u201eAguon\u0117l\u0117\u201c pirm\u0105sias vietas peln\u0117 Pamario pagrindin\u0117s mokyklos \u201eVir\u017eyt\u0117\u201c ir \u0160ilut\u0117s pirmosios gimnazijos \u201eAtlajos\u201c merginos, o \u017dib\u0173 pradin\u0117s mokyklos \u201e\u017dibur\u0117lis\u201c ir Pirmosios gimnazijos \u201eAtlajos\u201c jaunimas tapo konkurso laureatais.<br \/>* Muzikos diena \u0160ilut\u0117je. Pirm\u0105 kart\u0105 surengta b\u016bgn\u0173 fiesta.<br \/>* Muziej\u0173 nakties renginiai \u0160ilut\u0117je, Kintuose, Rusn\u0117je, \u0160v\u0117k\u0161noje.<br \/>* Muzikos ir poezijos vakaras prie Genovait\u0117s vilos, skirtas T\u0117vo dienai.<br \/>* \u0160ilut\u0117s meno mokyklos Dail\u0117s skyriaus menininkai netoli Geltonojo tilto \u012fkurdino giganti\u0161k\u0173 gandr\u0173 \u0161eimyn\u0117l\u0119.<br \/>* \u0160ilut\u0117s 501-ojo gimtadienio \u0161vent\u0117 su jaunimo parku ir folkloro renginiu \u201eKo svarstykl\u0117m nepasversi\u201c (dalyvavo Lietuvos, \u0160vedijos ir Lenkijos kolektyvai).<br \/>* \u0160ilut\u0117s muziejaus edukacin\u0117s programos \u201eSenosios muitin\u0117s Klaip\u0117dos kra\u0161to pasienyje\u201c pristatymas.<br \/>* Buv\u0119 \u0160ilut\u0117s merai A.Bal\u010dytis, \u0160.Lau\u017eikas, A.Jakas ir V.Pozingis padovanojo skulpt\u016br\u0105 &#8211; \u017euv\u012f.<br \/>* Sekmini\u0173 \u0161vent\u0117 \u017demai\u010di\u0173 Naumiestyje.<\/p>\n<p><strong>Bir\u017eelis<\/strong><\/p>\n<p>* Muzikos vakaras \u0160v\u0117k\u0161noje, prie Kal\u0117s tvenkinio (iniciatorius &#8211; mokytojas Vaidotas Did\u017ei\u016bnas).<br \/>* Liaudies amat\u0173 stovykla Vainute.<br \/>* Lietuvi\u0161kos kantri muzikos festivalis \u201ePamario country 2012\u201c Rusn\u0117je. Organizatorius &#8211; V.Sto\u0161kus.<br \/>* Gedulo ir vilties dienos min\u0117jimai \u0160ilut\u0117je, Rusn\u0117je, Saugose.<br \/>* \u0160ilut\u0117s delegacija dalyvavo tarptautinio projekto (Lietuvos, Lenkijos, \u0160vedijos) miest\u0173 turnyre Gdansko Pru\u0161\u010do mieste ir laim\u0117jo pagrindin\u012f priz\u0105.<br \/>* Tarptautin\u0117s vaik\u0173 gynimo dienos ir ra\u0161ytojo Rimanto \u010cerniausko atminimo min\u0117jimas \u0160v\u0117k\u0161noje.<br \/>* Juknai\u010di\u0173 seni\u016bnijos \u0161vent\u0117 \u201eVisada jauni\u201c.<br \/>* Mokini\u0173 chor\u0173 festivalis \u201eMes &#8211; Pamario vaikai\u201c Juknai\u010diuose. Organizator\u0117 &#8211; mokytoja J\u016brat\u0117 \u0160ukien\u0117.<br \/>* Bibliotekininkai patirtimi dalijosi Rumunijoje, Bra\u0161ovo bibliotekos surengtoje tarptautin\u0117je konferencijoje.<br \/>* \u017dagatpurvi\u0173 kaimo gyventojas Eugenijus \u0160uldekovas tvarko sen\u0105sias kaimo kapinaites.<br \/>* Kint\u0173 ma\u017eojoje ba\u017eny\u010dioje \u012frengta ekspozicija \u201eMa\u017eosios Lietuvos evangelik\u0173 liuteron\u0173 ba\u017eny\u010di\u0173 genocidas sovietiniu laikotarpiu\u201c (iniciatorius &#8211; kunigas Mindaugas \u017dilinskis).<br \/>* \u0160v\u0117k\u0161nos bendruomen\u0117 pagamino informacinius stendus apie Stempli\u0173, Inkakli\u0173, Vilk\u0173 Kampo kaimus.<br \/>* Klaip\u0117dos universiteto archeologai tyr\u0117 masin\u0119 kapaviet\u0119 Armal\u0117nuose.<br \/>* Grup\u0117s \u201e18.20\u201c atsisveikinimo koncertas.<br \/>* Saugose Jonini\u0173 \u0161vent\u0117s metu atidengtas paminklas i\u0161nykusiems kaimams atminti. Autorius &#8211; Darius Vilius.<br \/>* Autorin\u0117s dainos festivalio \u201eV\u0117jopatis\u201c metu pristatytas pirmasis dain\u0173, nat\u0173 ir tekst\u0173 leidinys \u201eV\u0117jopa\u010dio uoste\u201c. Organizatorius &#8211; Rusn\u0117s moter\u0173 vokalinis ansamblis \u201eLuotu\u017e\u0117\u201c.<br \/>* Vainuto Jonin\u0117s.<br \/>* Gardamo seni\u016bnijos \u0161vent\u0117 \u201eSugu\u017e\u0117kim, suskamb\u0117kim\u201c.<br \/>* \u0160v\u0117k\u0161nos \u0161oki\u0173 kolektyvas \u201e\u0160alna\u201c koncertavo Vokietijoje.<\/p>\n<p><strong>Liepa<\/strong><\/p>\n<p>* Us\u0117n\u0173 dramos kolektyvo \u201eVer\u017e\u0117\u201c 10-me\u010dio \u0161vent\u0117.<br \/>* Dokumentinio filmo \u201ePirmasis\u201c apie pirmaj\u012f Lietuvos olimpin\u012f \u010dempion\u0105 Rom\u0105 Ubart\u0105 pristatymas Vie\u0161ojoje bibliotekoje.<br \/>* Rusn\u0117s \u017evejo etnografin\u0117s sodybos 15-me\u010dio \u0161vent\u0117.<br \/>* Moter\u0173 dailininki\u0173 pleneras \u0160v\u0117k\u0161noje. Organizavo \u201eT\u0117vi\u0161k\u0117s\u201c draugija.<br \/>* Katy\u010di\u0173 seni\u016bnijos \u0161vent\u0117 \u201eIr piliakalniai kalba\u201c su Katy\u010di\u0173 v\u0117liavos ir herbo pristatymu.<br \/>* Tautin\u0117s giesm\u0117s giedojimas.<br \/>* Kint\u0173 Vyd\u016bno kult\u016bros centras vis\u0105 vasar\u0105 vykd\u0117 edukacines programas \u201eKur\u0161mari\u0173 v\u0117trung\u0117 &#8211; v\u0117lukas\u201c ir \u201eBalt\u0173 \u017eenklai ir simboliai mene\u201c.<br \/>* \u0160y\u0161os kaimo kapini\u0173 \u0161vent\u0117, skirta A.D\u0117vilai\u010dio atminimui.<br \/>* Pa\u0161y\u0161i\u0173 kaimo \u0161vent\u0117.<br \/>* Degu\u010di\u0173 bibliotekos projektas \u201eT\u0117v\u0173 ir seneli\u0173 takais\u201c &#8211; kelion\u0117 dvira\u010diais po apylink\u0117s kult\u016brinius objektus.<br \/>* Kint\u0173 muzikos savait\u0117 &#8211; nauj\u0173 id\u0117j\u0173 kamerinio orkestro \u201eNY&amp;Co\u201c koncertai. Iniciatoriai &#8211; Juode\u0161k\u0173 \u0161eima.<br \/>* Saug\u0173 seni\u016bnijos \u0161vent\u0117 \u201ePo mal\u016bno sparnais\u201c.<br \/>* Verslinink\u0117 Janina \u0160veikauskien\u0117 sureng\u0117 poezijos ir muzikos vakar\u0105 \u201eRo\u017ei\u0173 karalyst\u0117je\u201c.<br \/>* Atnaujintas \u0160ilut\u0117s evangelik\u0173 liuteron\u0173 ba\u017eny\u010dios laikrod\u017eio ciferblatas (iniciatoriai &#8211; kunigas R.\u0160emeklis ir klubas \u201eAstris Portia\u201c).<br \/>* Respublikin\u0117je moksleivi\u0173 ir dain\u0173 \u0161vent\u0117je dalyvavo 225 \u0160ilut\u0117s moksleiviai.<br \/>* Kra\u0161tiet\u0117s istorik\u0117s D.Poci\u016bt\u0117s knygos \u201eAbraomas Kulvietis: pirmasis Lietuvos reformacijos paminklas\u201c pristatymas Lau\u010di\u0173 bibliotekoje.<br \/>* Mari\u0173 \u0161vent\u0117 Kintuose su Kint\u0173 v\u0117liavos pristatymu.<br \/>* \u0160ilut\u0117s kra\u0161te filmuotas vokie\u010di\u0173 kino kompanijos \u201eZum goldenen Lamm\u201c istorinis vaidybinis filmas \u201eVilko vaikai\u201c.<br \/>* Muzikin\u0117s \u201eVerden\u0117s\u201c koncertai \u0160ilut\u0117s evangelik\u0173 liuteron\u0173 ba\u017eny\u010dioje.<br \/>* Onin\u0117s Gorainiuose.<br \/>* \u0160v\u0117k\u0161nos Dvaro \u0161vent\u0117.<br \/>* Dail\u0117s, muzikos, fotografijos pleneras ir edukacin\u0117 stovykla \u201eRusn\u0117 2012\u201c.<br \/>* Vilk\u0173 Kampo kaime atidengtas akmuo gyvenviet\u0117s vietovard\u017eiui \u012fam\u017einti. Autorius &#8211; Vytautas Bli\u016bd\u017eius.<br \/>* Kint\u0173 dail\u0117s mokyklos mokiniai kuria originalias pa\u0161to d\u0117\u017eutes.<\/p>\n<p><strong>Rugpj\u016btis<\/strong><\/p>\n<p>* \u0160ilut\u0117s kamerinis dramos teatras spektakl\u012f \u201ePasikalb\u0117kim\u201c pristat\u0117 Rusijoje, Pskovo apskrityje rengiamame tarptautiniame festivalyje.<br \/>* 3-iasis Ming\u0117s pleneras \u201eDelta. I\u0161likimo taikiniai\u201c. Organizator\u0117 &#8211; Aldona Dobravolskien\u0117.<br \/>* 10-oji emalio meno laboratorija \u201ePamario \u017eenklai\u201c Kint\u0173 Vyd\u016bno kult\u016bros centre.<br \/>* \u017dolin\u0117s \u0161vent\u0117 prie \u0160ilut\u0117s kult\u016bros ir pramog\u0173 centro.<br \/>* Traks\u0117d\u017ei\u0173 kaimo \u0161vent\u0117.<br \/>* Us\u0117n\u0173 seni\u016bnijos \u0161vent\u0117 su Us\u0117n\u0173 v\u0117liavos ir herbo pristatymu.<br \/>* Salos etnokult\u016bros centro 10-me\u010dio min\u0117jimas.<br \/>* Asociacija \u201ePamario jaunimas\u201c prad\u0117jo rengti vie\u0161as \u012fvairi\u0173 stili\u0173 \u0161oki\u0173 pamokas \u201e\u0160iluti\u0161kiai &#8211; vienu ritmu\u201c.<br \/>* \u0160yli\u0173 kaimo \u0161vent\u0117 \u201eGandro dovanos\u201c.<br \/>* \u0160v\u0117k\u0161ni\u0161kiai K\u0119stutis Paulauskas, Vytautas Marcinkevi\u010dius ir Antanas Martinkus restauravo \u201eDianos\u201c skulpt\u016br\u0105.<br \/>* Kra\u0161tie\u010dio Roko Flick romano \u201ePaskutinis traukinys\u201c sutiktuv\u0117s Vie\u0161ojoje bibliotekoje.<br \/>* Muzikinis sekmadienis \u0160v\u0117k\u0161nos parke &#8211; tango ir valso muzikos koncertas \u201eGenovait\u0117s\u201c viloje. Organizatorius &#8211; \u201eT\u0117vi\u0161k\u0117s\u201c draugija.<br \/>* Palangos meninink\u0173 pleneras \u0160v\u0117k\u0161noje.<\/p>\n<p><strong>Rugs\u0117jis<\/strong><\/p>\n<p>* Prie \u0160ilut\u0117s pirmosios gimnazijos atidengta skulpt\u016bra \u201ePirmokas\u201c. Iniciatorius &#8211; Algirdas Bal\u010dytis.<br \/>* 4-asis respublikinis \u017duvien\u0117s virimo \u010dempionatas.<br \/>* Europos paveldo dien\u0173 renginiai Degu\u010diuose, Kintuose, Katy\u010diuose, \u0160v\u0117k\u0161noje, \u0160ilut\u0117je.<br \/>* \u0160iluti\u0161kio poeto Audriaus \u0160ik\u0161niaus poezijos rinktin\u0117s \u201eAtsiv\u0117rimai\u201c sutiktuv\u0117s Vie\u0161ojoje bibliotekoje.<br \/>* \u0160ilut\u0117s tautodailinink\u0173 delegacija dalyvavo \u0160vedijoje surengtame folkloro festivalyje.<br \/>* Jaunimo muzikos grup\u0117 \u201eKar\u010dem\u0117l\u0117\u201c koncertavo Lenkijoje Gdanske vykusiame tarptautiniame festivalyje.<br \/>* \u0160v\u0117k\u0161nos ne\u012fgalieji miestel\u012f papuo\u0161\u0117 \u017eydin\u010di\u0173 g\u0117li\u0173 kilimais.<br \/>* Dagotuvi\u0173 \u0161vent\u0117 \u017demai\u010di\u0173 Naumiestyje.<br \/>* Balt\u0173 dienos min\u0117jimas ant Juknai\u010di\u0173 alkakalnio.<br \/>* U\u017e Vokietijos Bever\u0161teto miesto gyventoj\u0173 paaukotas l\u0117\u0161as suremontuotas \u0160ilut\u0117s sen\u0173j\u0173 evangelik\u0173 liuteron\u0173 kapini\u0173 koply\u010dios vidus. Iniciatorius &#8211; \u0160ilut\u0117s gra\u017einimo draugija, remontavo \u0160ilut\u0117s turizmo ir paslaug\u0173 verslo mokykla.<br \/>* H.Zudermano literat\u016brin\u0117s kra\u0161totyros klubo knygos \u201e\u017dmogaus ir \u017eod\u017eio horizontai\u201c pristatymas Vie\u0161ojoje bibliotekoje.<br \/>* \u0160ilut\u0117s muziejus Kaune pristat\u0117 edukacin\u0119 program\u0105 \u201eSenosios muitin\u0117s Klaip\u0117dos kra\u0161to pasienyje\u201c.<br \/>* Katy\u010di\u0173 seni\u016bnijos \u0161vent\u0117 su stogastulpio, skirto sen\u0173j\u0173 kaim\u0173 atminimui, pristatymu.<br \/>* \u0160ilut\u0117s muziejus organizavo gid\u0173 mokykl\u0105.<\/p>\n<p><strong>Spalis<\/strong><\/p>\n<p>* Tarptautinis literat\u016brinis ruduo. Pirmasis F.Bajorai\u010dio premijos laureatas Audrius \u0160ik\u0161nius.<br \/>* Ma\u017eosios Lietuvos gyventoj\u0173 genocido dienos min\u0117jimas \u0160ilut\u0117s muziejuje.<br \/>* Naujos ekspozicijos pristatymas Macik\u0173 lagerio karcerio muziejuje.<br \/>* Jaunieji \u0161auliai pastat\u0117 paminkl\u0105 Parube\u017eio mi\u0161ke prie buvusio partizan\u0173 bunkerio.<br \/>* Juknai\u010di\u0173, Kint\u0173 ir Vilky\u010di\u0173 bibliotek\u0173 projektas \u201eFotomed\u017eiokl\u0117 Juknai\u010diuose, Kintuose ir Vilky\u010diuose\u201c.<br \/>* Juknai\u010di\u0173 bendruomen\u0117 renovavo poilsio parko amfiteatr\u0105 ir sureng\u0117 atidarymo \u0161vent\u0119.<br \/>* Bartinink\u0173 kaimo kry\u017edirbys Petras S\u016bd\u017eius pastat\u0117 5-\u0105j\u012f kry\u017ei\u0173 maro auk\u0173 kapinait\u0117se.<br \/>* \u0160ilut\u0117s Lietuvinink\u0173 gatv\u0117s skverelyje, tarp muziejaus ir kredito unijos, \u0160ilut\u0117s gra\u017einimo draugija \u012freng\u0117 \u0160eimos skver\u0105 su pa\u017eintiniu pajautos takeliu, laipyni\u0173 komplektu ir s\u016bpyn\u0117mis.<br \/>* Us\u0117n\u0173 bibliotekinink\u0117 Onut\u0117 Miliauskien\u0117 ir us\u0117ni\u0161kis Richardas Lolat fiksuoja sen\u0173j\u0173 kaimo \u017emoni\u0173 pasakojimus ir kaupia apylink\u0117s istorijos archyv\u0105.<\/p>\n<p><strong>Lapkritis<\/strong><\/p>\n<p>* Akcija \u201eMes u\u017e \u0161vies\u0105\u201c &#8211; moli\u016bg\u0173 &#8211; \u017eibint\u0173 \u0161vent\u0117 \u0160v\u0117k\u0161noje. Iniciatorius &#8211; mokytojas Vaidotas Did\u017ei\u016bnas.<br \/>* Grabupi\u0161kis Vytautas Rupainis savo sodyboje atidar\u0117 viking\u0173 pil\u012f.<br \/>* \u201eLietuvinink\u0173 vilties\u201c premija skirta Remintai ir Vygantui Sto\u0161kams.<br \/>* \u0160v.Martyno diena \u0160ilut\u0117s kult\u016bros ir pramog\u0173 centre. Organizatorius &#8211; folkloro ansamblis \u201eVerdain\u0117\u201c.<br \/>* Profesoriaus Domo Kauno monografijos apie Jurgio Platerio bibliotek\u0105 sutiktuv\u0117s vie\u0161ojoje bibliotekoje.<br \/>* \u0160ilut\u0117s bibliotekinink\u0173 tarptautinis projektas &#8211; keliaujan\u010dios knyg\u0173 mug\u0117s \u0160ilut\u0117je, Arm\u0117nijoje ir Kaliningrado srityje.<br \/>* \u0160ilut\u0117s moter\u0173 verslininki\u0173 organizacija inicijavo med\u017ei\u0173 puo\u0161im\u0105 audiniais.<br \/>* 6-oji rajonin\u0117 vaik\u0173 ir jaunimo \u0161vent\u0117 \u201eTeskamba giesm\u0117s\u201c. Iniciator\u0117 &#8211; Gardamo pagrindin\u0117s mokyklos mokytoja Lina Liak\u0161ien\u0117.<br \/>* Regioninis tautosakos festivalis Vainute. Organizatorius &#8211; Sen\u0173j\u0173 kaimo tradicij\u0173 kult\u016bros centras.<br \/>* Dalios \u017dibaitien\u0117s knygos \u201eDainininko likimas. Tonius\u201c sutiktuv\u0117s Vie\u0161ojoje bibliotekoje.<br \/>* Vokalinio ansamblio \u201eMing\u0117\u201c 35-me\u010dio koncertas.<br \/>* \u0160okio klubas \u201e\u017dvaig\u017ed\u016bn\u0117\u201c tarptautiniame \u0161okio \u010dempionate \u201eLithuanian cup 2012\u201c i\u0161kovojo dvi pirm\u0105sias ir vien\u0105 tre\u010di\u0105j\u0105 vietas.<br \/>* Ekspedicijos \u201eMisija Sibiras\u201c rezultat\u0173 pristatymas \u0160ilut\u0117je.<br \/>* 7-ajame respublikiniame vyresni\u0173j\u0173 \u0161oki\u0173 kolektyv\u0173 konkursiniame samb\u016bryje \u201eI\u0161 aplinkui\u201c \u0160v\u0117k\u0161nos \u0161oki\u0173 kolektyvas \u201e\u0160alna\u201c u\u017e\u0117m\u0117 II viet\u0105, \u0161oki\u0173 kolektyvas \u201eJuknai\u010diai\u201c &#8211; I viet\u0105.<\/p>\n<p><strong>Gruodis<\/strong><\/p>\n<p>* \u0160oki\u0173 kolektyvas \u201eKintai\u201c sureng\u0117 10-\u0105j\u012f festival\u012f \u201ePramoga\u201c.<br \/>* \u0160y\u0161os kaimo bendruomen\u0117 sutvark\u0117 senojo Rusn\u0117s tilto liekanas ir aptv\u0117r\u0117 \u0160y\u0161os kaimo kapines.<br \/>* \u0160ilut\u0117s egl\u0117s \u012f\u017eiebimo \u0161vent\u0117, egli\u0173 \u012f\u017eiebimo \u0161vent\u0117s seni\u016bnijose.<br \/>* Kal\u0117dinis koncertas \u201e\u017diemos \u0161okis\u201c (dalyvavo \u201eAt\u0117n\u0117\u201c, \u201e\u017dvaig\u017ed\u016bn\u0117\u201c, \u201eL\u016bgn\u0117\u201c).<br \/>* 4-asis konkursas \u201ePamario talentai\u201c. Organizatoriai &#8211; V.Sto\u0161kus ir V.Lacko.<br \/>* Advento tradicij\u0173 pamokos ir kolekcinink\u0117s Nijol\u0117s Bendikait\u0117s paroda \u201eEglut\u0117s \u017eaisliuk\u0173 \u0161alyje\u201c \u0160ilut\u0117s muziejuje.<br \/>* \u0160ilut\u0117s kult\u016bros ir pramog\u0173 centro kolektyv\u0173 nominacij\u0173 vakaras.<br \/>* \u201eCountry Kal\u0117dos\u201c \u0160ilut\u0117je. Grup\u0117s \u201eKar\u010dema\u201c naujo CD pristatymas.<br \/>* Vyd\u016bno kult\u016bros centro 15-os met\u0173 sukakties \u0161ventinis vakaras.<\/p>\n","protected":false},"excerpt":{"rendered":"<p>Palyd\u0117jome 2012-uosius metus, ir v\u0117l \u012fvykiai veja \u012fvykius, sukasi ne tik kasdieni\u0173 darb\u0173 ratas, bet ir k\u016brybos, pramog\u0173, nesenstan\u010di\u0173 tradicij\u0173 karusel\u0117. Laikas ap\u017evelgti \u012fsimintiniausius \u0160ilut\u0117s rajono kult\u016bros \u012fvykius ir renginius, pasid\u017eiaugti j\u0173 k\u016br\u0117jais, nauj\u0173 id\u0117j\u0173 autoriais, daugyb\u0117s \u017emoni\u0173 bendryste, kuri ir v\u0117l pad\u0117jo garsinti m\u016bs\u0173 kra\u0161t\u0105 \u012fdomiu ir prasmingu kult\u016briniu gyvenimu. \u201e\u0160ilut\u0117s naujienos\u201c ir \u0160ilut\u0117s [&hellip;]<\/p>\n","protected":false},"author":1,"featured_media":0,"comment_status":"open","ping_status":"open","sticky":false,"template":"","format":"standard","meta":{"footnotes":""},"categories":[51],"tags":[],"class_list":{"0":"post-9890","1":"post","2":"type-post","3":"status-publish","4":"format-standard","6":"category-kultura-ir-svietimas"},"yoast_head":"<!-- This site is optimized with the Yoast SEO plugin v27.5 - https:\/\/yoast.com\/product\/yoast-seo-wordpress\/ -->\n<title>Reik\u0161mingiausi\u0173 \u0160ilut\u0117s rajono kult\u016bros rengini\u0173 kaleidoskopas \u201eAtverkime dvasios turt\u0173 skryni\u0105 2012\u201c - \u0160ilut\u0117s naujienos<\/title>\n<meta name=\"robots\" content=\"index, follow, max-snippet:-1, max-image-preview:large, max-video-preview:-1\" \/>\n<link rel=\"canonical\" href=\"https:\/\/www.silutesnaujienos.lt\/lt\/reiksmingiausiu-silutes-rajono-kulturos-renginiu-kaleidoskopas-atverkime-dvasios-turtu-skrynia-2012\/\" \/>\n<meta property=\"og:locale\" content=\"lt_LT\" \/>\n<meta property=\"og:type\" content=\"article\" \/>\n<meta property=\"og:title\" content=\"Reik\u0161mingiausi\u0173 \u0160ilut\u0117s rajono kult\u016bros rengini\u0173 kaleidoskopas \u201eAtverkime dvasios turt\u0173 skryni\u0105 2012\u201c - \u0160ilut\u0117s naujienos\" \/>\n<meta property=\"og:description\" content=\"Palyd\u0117jome 2012-uosius metus, ir v\u0117l \u012fvykiai veja \u012fvykius, sukasi ne tik kasdieni\u0173 darb\u0173 ratas, bet ir k\u016brybos, pramog\u0173, nesenstan\u010di\u0173 tradicij\u0173 karusel\u0117. Laikas ap\u017evelgti \u012fsimintiniausius \u0160ilut\u0117s rajono kult\u016bros \u012fvykius ir renginius, pasid\u017eiaugti j\u0173 k\u016br\u0117jais, nauj\u0173 id\u0117j\u0173 autoriais, daugyb\u0117s \u017emoni\u0173 bendryste, kuri ir v\u0117l pad\u0117jo garsinti m\u016bs\u0173 kra\u0161t\u0105 \u012fdomiu ir prasmingu kult\u016briniu gyvenimu. \u201e\u0160ilut\u0117s naujienos\u201c ir \u0160ilut\u0117s [&hellip;]\" \/>\n<meta property=\"og:url\" content=\"https:\/\/www.silutesnaujienos.lt\/lt\/reiksmingiausiu-silutes-rajono-kulturos-renginiu-kaleidoskopas-atverkime-dvasios-turtu-skrynia-2012\/\" \/>\n<meta property=\"og:site_name\" content=\"\u0160ilut\u0117s naujienos\" \/>\n<meta property=\"article:publisher\" content=\"https:\/\/www.facebook.com\/silutes.naujienos\/\" \/>\n<meta property=\"article:published_time\" content=\"2013-01-12T18:00:00+00:00\" \/>\n<meta property=\"og:image\" content=\"\/\/silutesnaujienos.lt\/images\/stories\/2013\/01\/11\/thumbnails\/thumb_Untitled-1_copy.JPG\" \/>\n<meta name=\"author\" content=\"\u0160ilut\u0117s naujien\u0173 inf.\" \/>\n<meta name=\"twitter:card\" content=\"summary_large_image\" \/>\n<meta name=\"twitter:label1\" content=\"Written by\" \/>\n\t<meta name=\"twitter:data1\" content=\"\u0160ilut\u0117s naujien\u0173 inf.\" \/>\n\t<meta name=\"twitter:label2\" content=\"Est. reading time\" \/>\n\t<meta name=\"twitter:data2\" content=\"14 minu\u010di\u0173\" \/>\n<script type=\"application\/ld+json\" class=\"yoast-schema-graph\">{\"@context\":\"https:\\\/\\\/schema.org\",\"@graph\":[{\"@type\":\"Article\",\"@id\":\"https:\\\/\\\/www.silutesnaujienos.lt\\\/lt\\\/reiksmingiausiu-silutes-rajono-kulturos-renginiu-kaleidoskopas-atverkime-dvasios-turtu-skrynia-2012\\\/#article\",\"isPartOf\":{\"@id\":\"https:\\\/\\\/www.silutesnaujienos.lt\\\/lt\\\/reiksmingiausiu-silutes-rajono-kulturos-renginiu-kaleidoskopas-atverkime-dvasios-turtu-skrynia-2012\\\/\"},\"author\":{\"name\":\"\u0160ilut\u0117s naujien\u0173 inf.\",\"@id\":\"https:\\\/\\\/www.silutesnaujienos.lt\\\/lt\\\/#\\\/schema\\\/person\\\/232f475ddd4a7b5f49b3abc788b17e83\"},\"headline\":\"Reik\u0161mingiausi\u0173 \u0160ilut\u0117s rajono kult\u016bros rengini\u0173 kaleidoskopas \u201eAtverkime dvasios turt\u0173 skryni\u0105 2012\u201c\",\"datePublished\":\"2013-01-12T18:00:00+00:00\",\"mainEntityOfPage\":{\"@id\":\"https:\\\/\\\/www.silutesnaujienos.lt\\\/lt\\\/reiksmingiausiu-silutes-rajono-kulturos-renginiu-kaleidoskopas-atverkime-dvasios-turtu-skrynia-2012\\\/\"},\"wordCount\":2721,\"commentCount\":0,\"publisher\":{\"@id\":\"https:\\\/\\\/www.silutesnaujienos.lt\\\/lt\\\/#organization\"},\"articleSection\":[\"Kult\u016bra ir \u0161vietimas\"],\"inLanguage\":\"lt-LT\",\"potentialAction\":[{\"@type\":\"CommentAction\",\"name\":\"Comment\",\"target\":[\"https:\\\/\\\/www.silutesnaujienos.lt\\\/lt\\\/reiksmingiausiu-silutes-rajono-kulturos-renginiu-kaleidoskopas-atverkime-dvasios-turtu-skrynia-2012\\\/#respond\"]}]},{\"@type\":\"WebPage\",\"@id\":\"https:\\\/\\\/www.silutesnaujienos.lt\\\/lt\\\/reiksmingiausiu-silutes-rajono-kulturos-renginiu-kaleidoskopas-atverkime-dvasios-turtu-skrynia-2012\\\/\",\"url\":\"https:\\\/\\\/www.silutesnaujienos.lt\\\/lt\\\/reiksmingiausiu-silutes-rajono-kulturos-renginiu-kaleidoskopas-atverkime-dvasios-turtu-skrynia-2012\\\/\",\"name\":\"Reik\u0161mingiausi\u0173 \u0160ilut\u0117s rajono kult\u016bros rengini\u0173 kaleidoskopas \u201eAtverkime dvasios turt\u0173 skryni\u0105 2012\u201c - \u0160ilut\u0117s naujienos\",\"isPartOf\":{\"@id\":\"https:\\\/\\\/www.silutesnaujienos.lt\\\/lt\\\/#website\"},\"datePublished\":\"2013-01-12T18:00:00+00:00\",\"breadcrumb\":{\"@id\":\"https:\\\/\\\/www.silutesnaujienos.lt\\\/lt\\\/reiksmingiausiu-silutes-rajono-kulturos-renginiu-kaleidoskopas-atverkime-dvasios-turtu-skrynia-2012\\\/#breadcrumb\"},\"inLanguage\":\"lt-LT\",\"potentialAction\":[{\"@type\":\"ReadAction\",\"target\":[\"https:\\\/\\\/www.silutesnaujienos.lt\\\/lt\\\/reiksmingiausiu-silutes-rajono-kulturos-renginiu-kaleidoskopas-atverkime-dvasios-turtu-skrynia-2012\\\/\"]}]},{\"@type\":\"BreadcrumbList\",\"@id\":\"https:\\\/\\\/www.silutesnaujienos.lt\\\/lt\\\/reiksmingiausiu-silutes-rajono-kulturos-renginiu-kaleidoskopas-atverkime-dvasios-turtu-skrynia-2012\\\/#breadcrumb\",\"itemListElement\":[{\"@type\":\"ListItem\",\"position\":1,\"name\":\"Home\",\"item\":\"https:\\\/\\\/www.silutesnaujienos.lt\\\/lt\\\/\"},{\"@type\":\"ListItem\",\"position\":2,\"name\":\"Reik\u0161mingiausi\u0173 \u0160ilut\u0117s rajono kult\u016bros rengini\u0173 kaleidoskopas \u201eAtverkime dvasios turt\u0173 skryni\u0105 2012\u201c\"}]},{\"@type\":\"WebSite\",\"@id\":\"https:\\\/\\\/www.silutesnaujienos.lt\\\/lt\\\/#website\",\"url\":\"https:\\\/\\\/www.silutesnaujienos.lt\\\/lt\\\/\",\"name\":\"\u0160ilut\u0117s naujienos\",\"description\":\"B\u016bk ant naujien\u0173 bangos!\",\"publisher\":{\"@id\":\"https:\\\/\\\/www.silutesnaujienos.lt\\\/lt\\\/#organization\"},\"potentialAction\":[{\"@type\":\"SearchAction\",\"target\":{\"@type\":\"EntryPoint\",\"urlTemplate\":\"https:\\\/\\\/www.silutesnaujienos.lt\\\/lt\\\/?s={search_term_string}\"},\"query-input\":{\"@type\":\"PropertyValueSpecification\",\"valueRequired\":true,\"valueName\":\"search_term_string\"}}],\"inLanguage\":\"lt-LT\"},{\"@type\":\"Organization\",\"@id\":\"https:\\\/\\\/www.silutesnaujienos.lt\\\/lt\\\/#organization\",\"name\":\"\u0160ilut\u0117s naujienos\",\"url\":\"https:\\\/\\\/www.silutesnaujienos.lt\\\/lt\\\/\",\"logo\":{\"@type\":\"ImageObject\",\"inLanguage\":\"lt-LT\",\"@id\":\"https:\\\/\\\/www.silutesnaujienos.lt\\\/lt\\\/#\\\/schema\\\/logo\\\/image\\\/\",\"url\":\"https:\\\/\\\/www.silutesnaujienos.lt\\\/lt\\\/wp-content\\\/uploads\\\/2020\\\/06\\\/FB_MAIN.jpg\",\"contentUrl\":\"https:\\\/\\\/www.silutesnaujienos.lt\\\/lt\\\/wp-content\\\/uploads\\\/2020\\\/06\\\/FB_MAIN.jpg\",\"width\":1700,\"height\":956,\"caption\":\"\u0160ilut\u0117s naujienos\"},\"image\":{\"@id\":\"https:\\\/\\\/www.silutesnaujienos.lt\\\/lt\\\/#\\\/schema\\\/logo\\\/image\\\/\"},\"sameAs\":[\"https:\\\/\\\/www.facebook.com\\\/silutes.naujienos\\\/\",\"https:\\\/\\\/www.youtube.com\\\/channel\\\/UCxW-cgrJDt8GxIMxSTAfJZg\"]},{\"@type\":\"Person\",\"@id\":\"https:\\\/\\\/www.silutesnaujienos.lt\\\/lt\\\/#\\\/schema\\\/person\\\/232f475ddd4a7b5f49b3abc788b17e83\",\"name\":\"\u0160ilut\u0117s naujien\u0173 inf.\",\"image\":{\"@type\":\"ImageObject\",\"inLanguage\":\"lt-LT\",\"@id\":\"https:\\\/\\\/www.silutesnaujienos.lt\\\/lt\\\/wp-content\\\/uploads\\\/2020\\\/06\\\/favicon.png\",\"url\":\"https:\\\/\\\/www.silutesnaujienos.lt\\\/lt\\\/wp-content\\\/uploads\\\/2020\\\/06\\\/favicon.png\",\"contentUrl\":\"https:\\\/\\\/www.silutesnaujienos.lt\\\/lt\\\/wp-content\\\/uploads\\\/2020\\\/06\\\/favicon.png\",\"caption\":\"\u0160ilut\u0117s naujien\u0173 inf.\"},\"sameAs\":[\"https:\\\/\\\/www.silutesnaujienos.lt\\\/lt\"],\"url\":\"https:\\\/\\\/www.silutesnaujienos.lt\\\/lt\\\/author\\\/ruta\\\/\"}]}<\/script>\n<!-- \/ Yoast SEO plugin. -->","yoast_head_json":{"title":"Reik\u0161mingiausi\u0173 \u0160ilut\u0117s rajono kult\u016bros rengini\u0173 kaleidoskopas \u201eAtverkime dvasios turt\u0173 skryni\u0105 2012\u201c - \u0160ilut\u0117s naujienos","robots":{"index":"index","follow":"follow","max-snippet":"max-snippet:-1","max-image-preview":"max-image-preview:large","max-video-preview":"max-video-preview:-1"},"canonical":"https:\/\/www.silutesnaujienos.lt\/lt\/reiksmingiausiu-silutes-rajono-kulturos-renginiu-kaleidoskopas-atverkime-dvasios-turtu-skrynia-2012\/","og_locale":"lt_LT","og_type":"article","og_title":"Reik\u0161mingiausi\u0173 \u0160ilut\u0117s rajono kult\u016bros rengini\u0173 kaleidoskopas \u201eAtverkime dvasios turt\u0173 skryni\u0105 2012\u201c - \u0160ilut\u0117s naujienos","og_description":"Palyd\u0117jome 2012-uosius metus, ir v\u0117l \u012fvykiai veja \u012fvykius, sukasi ne tik kasdieni\u0173 darb\u0173 ratas, bet ir k\u016brybos, pramog\u0173, nesenstan\u010di\u0173 tradicij\u0173 karusel\u0117. Laikas ap\u017evelgti \u012fsimintiniausius \u0160ilut\u0117s rajono kult\u016bros \u012fvykius ir renginius, pasid\u017eiaugti j\u0173 k\u016br\u0117jais, nauj\u0173 id\u0117j\u0173 autoriais, daugyb\u0117s \u017emoni\u0173 bendryste, kuri ir v\u0117l pad\u0117jo garsinti m\u016bs\u0173 kra\u0161t\u0105 \u012fdomiu ir prasmingu kult\u016briniu gyvenimu. \u201e\u0160ilut\u0117s naujienos\u201c ir \u0160ilut\u0117s [&hellip;]","og_url":"https:\/\/www.silutesnaujienos.lt\/lt\/reiksmingiausiu-silutes-rajono-kulturos-renginiu-kaleidoskopas-atverkime-dvasios-turtu-skrynia-2012\/","og_site_name":"\u0160ilut\u0117s naujienos","article_publisher":"https:\/\/www.facebook.com\/silutes.naujienos\/","article_published_time":"2013-01-12T18:00:00+00:00","og_image":[{"url":"\/\/silutesnaujienos.lt\/images\/stories\/2013\/01\/11\/thumbnails\/thumb_Untitled-1_copy.JPG","type":"","width":"","height":""}],"author":"\u0160ilut\u0117s naujien\u0173 inf.","twitter_card":"summary_large_image","twitter_misc":{"Written by":"\u0160ilut\u0117s naujien\u0173 inf.","Est. reading time":"14 minu\u010di\u0173"},"schema":{"@context":"https:\/\/schema.org","@graph":[{"@type":"Article","@id":"https:\/\/www.silutesnaujienos.lt\/lt\/reiksmingiausiu-silutes-rajono-kulturos-renginiu-kaleidoskopas-atverkime-dvasios-turtu-skrynia-2012\/#article","isPartOf":{"@id":"https:\/\/www.silutesnaujienos.lt\/lt\/reiksmingiausiu-silutes-rajono-kulturos-renginiu-kaleidoskopas-atverkime-dvasios-turtu-skrynia-2012\/"},"author":{"name":"\u0160ilut\u0117s naujien\u0173 inf.","@id":"https:\/\/www.silutesnaujienos.lt\/lt\/#\/schema\/person\/232f475ddd4a7b5f49b3abc788b17e83"},"headline":"Reik\u0161mingiausi\u0173 \u0160ilut\u0117s rajono kult\u016bros rengini\u0173 kaleidoskopas \u201eAtverkime dvasios turt\u0173 skryni\u0105 2012\u201c","datePublished":"2013-01-12T18:00:00+00:00","mainEntityOfPage":{"@id":"https:\/\/www.silutesnaujienos.lt\/lt\/reiksmingiausiu-silutes-rajono-kulturos-renginiu-kaleidoskopas-atverkime-dvasios-turtu-skrynia-2012\/"},"wordCount":2721,"commentCount":0,"publisher":{"@id":"https:\/\/www.silutesnaujienos.lt\/lt\/#organization"},"articleSection":["Kult\u016bra ir \u0161vietimas"],"inLanguage":"lt-LT","potentialAction":[{"@type":"CommentAction","name":"Comment","target":["https:\/\/www.silutesnaujienos.lt\/lt\/reiksmingiausiu-silutes-rajono-kulturos-renginiu-kaleidoskopas-atverkime-dvasios-turtu-skrynia-2012\/#respond"]}]},{"@type":"WebPage","@id":"https:\/\/www.silutesnaujienos.lt\/lt\/reiksmingiausiu-silutes-rajono-kulturos-renginiu-kaleidoskopas-atverkime-dvasios-turtu-skrynia-2012\/","url":"https:\/\/www.silutesnaujienos.lt\/lt\/reiksmingiausiu-silutes-rajono-kulturos-renginiu-kaleidoskopas-atverkime-dvasios-turtu-skrynia-2012\/","name":"Reik\u0161mingiausi\u0173 \u0160ilut\u0117s rajono kult\u016bros rengini\u0173 kaleidoskopas \u201eAtverkime dvasios turt\u0173 skryni\u0105 2012\u201c - \u0160ilut\u0117s naujienos","isPartOf":{"@id":"https:\/\/www.silutesnaujienos.lt\/lt\/#website"},"datePublished":"2013-01-12T18:00:00+00:00","breadcrumb":{"@id":"https:\/\/www.silutesnaujienos.lt\/lt\/reiksmingiausiu-silutes-rajono-kulturos-renginiu-kaleidoskopas-atverkime-dvasios-turtu-skrynia-2012\/#breadcrumb"},"inLanguage":"lt-LT","potentialAction":[{"@type":"ReadAction","target":["https:\/\/www.silutesnaujienos.lt\/lt\/reiksmingiausiu-silutes-rajono-kulturos-renginiu-kaleidoskopas-atverkime-dvasios-turtu-skrynia-2012\/"]}]},{"@type":"BreadcrumbList","@id":"https:\/\/www.silutesnaujienos.lt\/lt\/reiksmingiausiu-silutes-rajono-kulturos-renginiu-kaleidoskopas-atverkime-dvasios-turtu-skrynia-2012\/#breadcrumb","itemListElement":[{"@type":"ListItem","position":1,"name":"Home","item":"https:\/\/www.silutesnaujienos.lt\/lt\/"},{"@type":"ListItem","position":2,"name":"Reik\u0161mingiausi\u0173 \u0160ilut\u0117s rajono kult\u016bros rengini\u0173 kaleidoskopas \u201eAtverkime dvasios turt\u0173 skryni\u0105 2012\u201c"}]},{"@type":"WebSite","@id":"https:\/\/www.silutesnaujienos.lt\/lt\/#website","url":"https:\/\/www.silutesnaujienos.lt\/lt\/","name":"\u0160ilut\u0117s naujienos","description":"B\u016bk ant naujien\u0173 bangos!","publisher":{"@id":"https:\/\/www.silutesnaujienos.lt\/lt\/#organization"},"potentialAction":[{"@type":"SearchAction","target":{"@type":"EntryPoint","urlTemplate":"https:\/\/www.silutesnaujienos.lt\/lt\/?s={search_term_string}"},"query-input":{"@type":"PropertyValueSpecification","valueRequired":true,"valueName":"search_term_string"}}],"inLanguage":"lt-LT"},{"@type":"Organization","@id":"https:\/\/www.silutesnaujienos.lt\/lt\/#organization","name":"\u0160ilut\u0117s naujienos","url":"https:\/\/www.silutesnaujienos.lt\/lt\/","logo":{"@type":"ImageObject","inLanguage":"lt-LT","@id":"https:\/\/www.silutesnaujienos.lt\/lt\/#\/schema\/logo\/image\/","url":"https:\/\/www.silutesnaujienos.lt\/lt\/wp-content\/uploads\/2020\/06\/FB_MAIN.jpg","contentUrl":"https:\/\/www.silutesnaujienos.lt\/lt\/wp-content\/uploads\/2020\/06\/FB_MAIN.jpg","width":1700,"height":956,"caption":"\u0160ilut\u0117s naujienos"},"image":{"@id":"https:\/\/www.silutesnaujienos.lt\/lt\/#\/schema\/logo\/image\/"},"sameAs":["https:\/\/www.facebook.com\/silutes.naujienos\/","https:\/\/www.youtube.com\/channel\/UCxW-cgrJDt8GxIMxSTAfJZg"]},{"@type":"Person","@id":"https:\/\/www.silutesnaujienos.lt\/lt\/#\/schema\/person\/232f475ddd4a7b5f49b3abc788b17e83","name":"\u0160ilut\u0117s naujien\u0173 inf.","image":{"@type":"ImageObject","inLanguage":"lt-LT","@id":"https:\/\/www.silutesnaujienos.lt\/lt\/wp-content\/uploads\/2020\/06\/favicon.png","url":"https:\/\/www.silutesnaujienos.lt\/lt\/wp-content\/uploads\/2020\/06\/favicon.png","contentUrl":"https:\/\/www.silutesnaujienos.lt\/lt\/wp-content\/uploads\/2020\/06\/favicon.png","caption":"\u0160ilut\u0117s naujien\u0173 inf."},"sameAs":["https:\/\/www.silutesnaujienos.lt\/lt"],"url":"https:\/\/www.silutesnaujienos.lt\/lt\/author\/ruta\/"}]}},"publishpress_future_workflow_manual_trigger":{"enabledWorkflows":[]},"amp_enabled":true,"_links":{"self":[{"href":"https:\/\/www.silutesnaujienos.lt\/lt\/wp-json\/wp\/v2\/posts\/9890","targetHints":{"allow":["GET"]}}],"collection":[{"href":"https:\/\/www.silutesnaujienos.lt\/lt\/wp-json\/wp\/v2\/posts"}],"about":[{"href":"https:\/\/www.silutesnaujienos.lt\/lt\/wp-json\/wp\/v2\/types\/post"}],"author":[{"embeddable":true,"href":"https:\/\/www.silutesnaujienos.lt\/lt\/wp-json\/wp\/v2\/users\/1"}],"replies":[{"embeddable":true,"href":"https:\/\/www.silutesnaujienos.lt\/lt\/wp-json\/wp\/v2\/comments?post=9890"}],"version-history":[{"count":0,"href":"https:\/\/www.silutesnaujienos.lt\/lt\/wp-json\/wp\/v2\/posts\/9890\/revisions"}],"wp:attachment":[{"href":"https:\/\/www.silutesnaujienos.lt\/lt\/wp-json\/wp\/v2\/media?parent=9890"}],"wp:term":[{"taxonomy":"category","embeddable":true,"href":"https:\/\/www.silutesnaujienos.lt\/lt\/wp-json\/wp\/v2\/categories?post=9890"},{"taxonomy":"post_tag","embeddable":true,"href":"https:\/\/www.silutesnaujienos.lt\/lt\/wp-json\/wp\/v2\/tags?post=9890"}],"curies":[{"name":"wp","href":"https:\/\/api.w.org\/{rel}","templated":true}]}}